{"id":4108,"date":"2023-03-14T06:26:19","date_gmt":"2023-03-14T06:26:19","guid":{"rendered":"https:\/\/mostra.es\/?p=4108"},"modified":"2023-03-14T06:26:22","modified_gmt":"2023-03-14T06:26:22","slug":"el-disenador-franco-quintans-habia-reanudado-su-idilio-con-los-vestidores-en-la-xxxii-exposicion-de-encaje","status":"publish","type":"post","link":"https:\/\/mostra.es\/es\/actualidade\/prensa\/o-desenador-franco-quintans-retomara-o-seu-idilio-con-camarinas-na-xxxii-mostra-do-encaixe\/","title":{"rendered":"El dise\u00f1ador Franco Quint\u00e1ns retomar\u00e1 su romance con Camari\u00f1as en la XXXII Muestra de Encaje"},"content":{"rendered":"<p>El dise\u00f1ador gallego Franco Quint\u00e1ns retomar\u00e1 su idilio con Camari\u00f1as en la XXXII Mostra do Encaixe Diputaci\u00f3n de A Coru\u00f1a, ya que si bien el a\u00f1o pasado particip\u00f3 como jurado en el concurso Nuevos Dise\u00f1adores, hac\u00eda m\u00e1s de 5 a\u00f1os que no presentaba una colecci\u00f3n en la pasarela del pabell\u00f3n V\u00edctor Vigo.<\/p>\n\n\n\n<p>All\u00ed mostrar\u00e1 cuatro conjuntos de su colecci\u00f3n &#039;Motomami&#039;, compuesta por vestidos de fiesta en los que aplica encaje de Camari\u00f1as y, como \u00e9l mismo indica, su concurso ser\u00e1 &quot;un renacimiento, volviendo a mis or\u00edgenes y donde empez\u00f3 todo, ya que mi primer desfile fue en Camari\u00f1as&quot;.<\/p>\n\n\n\n<p>Por circunstancias vitales, Quint\u00e1ns no pudo participar en ediciones anteriores, pero en esta ocasi\u00f3n se siente &quot;especialmente ilusionado, en un lugar que te acoge como en casa y al que siempre quieres volver&quot;, explic\u00f3.<\/p>\n\n\n\n<p>El encaje de Camari\u00f1as aporta riqueza, realza la prenda en la que se aplica y le otorga autenticidad, tradici\u00f3n y artesan\u00eda. Debemos promover la artesan\u00eda, que tiene mucho que decir sobre Galicia y los gallegos\u00bb, recalcando que \u00abnunca podemos perder nuestra tradici\u00f3n\u00bb.<\/p>","protected":false},"excerpt":{"rendered":"<p>El a\u00f1o pasado particip\u00f3 como jurado, pero hac\u00eda m\u00e1s de 5 a\u00f1os que no presentaba una colecci\u00f3n en la pasarela de la Deputaci\u00f3n de A Coru\u00f1a. All\u00ed mostrar\u00e1 cuatro conjuntos de su colecci\u00f3n &#039;Motomami&#039;, vestidos de fiesta en los que aplica encaje de Camari\u00f1as.<\/p>","protected":false},"author":1,"featured_media":4109,"comment_status":"open","ping_status":"closed","sticky":false,"template":"","format":"standard","meta":{"footnotes":""},"categories":[10],"tags":[360,346],"class_list":["post-4108","post","type-post","status-publish","format-standard","has-post-thumbnail","hentry","category-prensa","tag-franco-quintans","tag-xxxii-mostra-do-encaixe"],"_links":{"self":[{"href":"https:\/\/mostra.es\/es\/wp-json\/wp\/v2\/posts\/4108","targetHints":{"allow":["GET"]}}],"collection":[{"href":"https:\/\/mostra.es\/es\/wp-json\/wp\/v2\/posts"}],"about":[{"href":"https:\/\/mostra.es\/es\/wp-json\/wp\/v2\/types\/post"}],"author":[{"embeddable":true,"href":"https:\/\/mostra.es\/es\/wp-json\/wp\/v2\/users\/1"}],"replies":[{"embeddable":true,"href":"https:\/\/mostra.es\/es\/wp-json\/wp\/v2\/comments?post=4108"}],"version-history":[{"count":0,"href":"https:\/\/mostra.es\/es\/wp-json\/wp\/v2\/posts\/4108\/revisions"}],"wp:featuredmedia":[{"embeddable":true,"href":"https:\/\/mostra.es\/es\/wp-json\/wp\/v2\/media\/4109"}],"wp:attachment":[{"href":"https:\/\/mostra.es\/es\/wp-json\/wp\/v2\/media?parent=4108"}],"wp:term":[{"taxonomy":"category","embeddable":true,"href":"https:\/\/mostra.es\/es\/wp-json\/wp\/v2\/categories?post=4108"},{"taxonomy":"post_tag","embeddable":true,"href":"https:\/\/mostra.es\/es\/wp-json\/wp\/v2\/tags?post=4108"}],"curies":[{"name":"gracias","href":"https:\/\/api.w.org\/{rel}","templated":true}]}}