{"id":4001,"date":"2023-01-19T13:04:25","date_gmt":"2023-01-19T13:04:25","guid":{"rendered":"https:\/\/mostra.es\/?p=4001"},"modified":"2023-01-19T13:10:48","modified_gmt":"2023-01-19T13:10:48","slug":"el-cabo-vilan-y-su-imponente-faro-llegan-al-centro-de-madrid-con-la-xxxii-feria-del-encaje","status":"publish","type":"post","link":"https:\/\/mostra.es\/es\/actualidade\/prensa\/o-cabo-vilan-e-o-seu-imponente-faro-chegan-ao-centro-de-madrid-da-man-da-xxxii-mostra-do-encaixe\/","title":{"rendered":"Cabo Vil\u00e1n y su imponente faro llegan al centro de Madrid con la XXXII Feria del Encaje"},"content":{"rendered":"<p>Para contribuir a la difusi\u00f3n de la XXXI Exposici\u00f3n del Encaje, el Ayuntamiento de Camari\u00f1as, como ya hizo en 2020 y 2022, decidi\u00f3 traer la Exposici\u00f3n del Encaje al coraz\u00f3n de Madrid. As\u00ed, aprovechando la presentaci\u00f3n de la Mostra en FITUR, program\u00f3 un cartel promocional que se proyectar\u00e1 en las grandes pantallas digitales de Callao en la Gran V\u00eda durante toda la semana del 16 al 22 de enero.<\/p>\n\n\n\n<p>El protagonista de este cartel, al igual que el v\u00eddeo, es un voluntario de la Mostra que, desde una alfombra roja, aprecia el hermoso paisaje que ofrece Cabo Vi\u00e1n y su imponente faro desde Reira.<\/p>\n\n\n\n<p>En la imagen se puede ver el lema de esta edici\u00f3n: \u2018Camari\u00f1as est\u00e1 de moda\u2019 y una clara referencia a las fechas del evento: \u2018Siempre en Semana Santa\u2019.<\/p>\n\n\n\n<p>El objetivo de esta campa\u00f1a publicitaria es seguir promocionando la Feria del Encaje y el turismo de Camari\u00f1as fuera de nuestras fronteras, para consolidar el evento como capital de la moda durante la Semana Santa y atraer un mayor n\u00famero de visitantes.<\/p>","protected":false},"excerpt":{"rendered":"<p>El Ayuntamiento contrat\u00f3 un inserto publicitario para promocionar el evento durante toda la semana en las pantallas gigantes de Callao y Gran V\u00eda.<\/p>","protected":false},"author":1,"featured_media":4002,"comment_status":"open","ping_status":"closed","sticky":false,"template":"","format":"standard","meta":{"footnotes":""},"categories":[10],"tags":[352,15,350,346],"class_list":["post-4001","post","type-post","status-publish","format-standard","has-post-thumbnail","hentry","category-prensa","tag-callao","tag-cartel-mostra","tag-madrid","tag-xxxii-mostra-do-encaixe"],"_links":{"self":[{"href":"https:\/\/mostra.es\/es\/wp-json\/wp\/v2\/posts\/4001","targetHints":{"allow":["GET"]}}],"collection":[{"href":"https:\/\/mostra.es\/es\/wp-json\/wp\/v2\/posts"}],"about":[{"href":"https:\/\/mostra.es\/es\/wp-json\/wp\/v2\/types\/post"}],"author":[{"embeddable":true,"href":"https:\/\/mostra.es\/es\/wp-json\/wp\/v2\/users\/1"}],"replies":[{"embeddable":true,"href":"https:\/\/mostra.es\/es\/wp-json\/wp\/v2\/comments?post=4001"}],"version-history":[{"count":0,"href":"https:\/\/mostra.es\/es\/wp-json\/wp\/v2\/posts\/4001\/revisions"}],"wp:featuredmedia":[{"embeddable":true,"href":"https:\/\/mostra.es\/es\/wp-json\/wp\/v2\/media\/4002"}],"wp:attachment":[{"href":"https:\/\/mostra.es\/es\/wp-json\/wp\/v2\/media?parent=4001"}],"wp:term":[{"taxonomy":"category","embeddable":true,"href":"https:\/\/mostra.es\/es\/wp-json\/wp\/v2\/categories?post=4001"},{"taxonomy":"post_tag","embeddable":true,"href":"https:\/\/mostra.es\/es\/wp-json\/wp\/v2\/tags?post=4001"}],"curies":[{"name":"gracias","href":"https:\/\/api.w.org\/{rel}","templated":true}]}}