{"id":3994,"date":"2023-01-16T13:55:27","date_gmt":"2023-01-16T13:55:27","guid":{"rendered":"https:\/\/mostra.es\/?p=3994"},"modified":"2023-01-16T13:56:36","modified_gmt":"2023-01-16T13:56:36","slug":"camarinas-presentara-la-xxxii-edicion-del-salon-del-encaje-en-madrid-en-la-feria-internacional-de-turismo-fitur-2023","status":"publish","type":"post","link":"https:\/\/mostra.es\/es\/actualidade\/prensa\/camarinas-presentara-a-xxxii-mostra-do-encaixe-en-madrid-na-feira-internacional-de-turismo-fitur-2023\/","title":{"rendered":"Camari\u00f1as presentar\u00e1 la XXXII Muestra del Encaje en Madrid, en la Feria Internacional de Turismo &#039;Fitur&#039; 2023"},"content":{"rendered":"<p>El Ayuntamiento de Camari\u00f1as vuelve, un a\u00f1o m\u00e1s, a la Feria Internacional de Turismo (FITUR) que se celebra en ifema (Madrid) para presentar, este jueves a las 18:30 horas, la nueva edici\u00f3n del evento. en el stand de Turespa\u00f1a, la XXXII Exposici\u00f3n de Encaje de Camari\u00f1as de la Diputaci\u00f3n Provincial de A Coru\u00f1a.<\/p>\n\n\n\n<p>La alcaldesa de Camari\u00f1as, Sandra Insua, ser\u00e1 la encargada de dar a conocer el motivo elegido para este a\u00f1o y el v\u00eddeo promocional del evento, que se celebrar\u00e1 del 5 al 9 de abril bajo el lema \u2018Camari\u00f1as est\u00e1 de moda\u2019.<\/p>\n\n\n\n<p>En el cartel de esta trig\u00e9simo segunda edici\u00f3n, que se hace p\u00fablico hoy, se puede ver a una mujer vestida de encaje apreciando, desde una pasarela en Reira, el paisaje de Camari\u00f1as m\u00e1s reconocible del mundo: Cabo Vil\u00e1n y su Faro, flanqueados por el imponente y salvaje Oc\u00e9ano Atl\u00e1ntico.<\/p>\n\n\n\n<h2 class=\"wp-block-heading\">Cartel de la XXXII Exposici\u00f3n de Encaje de Camari\u00f1as<\/h2>\n\n\n\n<figure class=\"wp-block-image aligncenter size-full\"><img fetchpriority=\"high\" decoding=\"async\" width=\"1000\" height=\"1429\" src=\"https:\/\/mostra.es\/wp-content\/uploads\/2023\/01\/cartel-xxxii-mostra-encaixe-camarinas-final.jpg\" alt=\"Cartel de la XXXII Exposici\u00f3n de Encaje de Camari\u00f1as\" class=\"wp-image-3996\" title=\"\" srcset=\"https:\/\/mostra.es\/wp-content\/uploads\/2023\/01\/cartel-xxxii-mostra-encaixe-camarinas-final.jpg 1000w, https:\/\/mostra.es\/wp-content\/uploads\/2023\/01\/cartel-xxxii-mostra-encaixe-camarinas-final-210x300.jpg 210w, https:\/\/mostra.es\/wp-content\/uploads\/2023\/01\/cartel-xxxii-mostra-encaixe-camarinas-final-717x1024.jpg 717w, https:\/\/mostra.es\/wp-content\/uploads\/2023\/01\/cartel-xxxii-mostra-encaixe-camarinas-final-768x1097.jpg 768w\" sizes=\"(max-width: 1000px) 100vw, 1000px\" \/><figcaption class=\"wp-element-caption\">Cartel de la XXXII Exposici\u00f3n de Encaje de Camari\u00f1as<\/figcaption><\/figure>\n\n\n\n<h2 class=\"wp-block-heading\">Pantallas en el centro de Madrid<\/h2>\n\n\n\n<p>Para contribuir a la difusi\u00f3n de la XXXII Exposici\u00f3n del Encaje, el Ayuntamiento de Camari\u00f1as, como ya hizo en 2020 y 2022, decidi\u00f3 traer la Exposici\u00f3n del Encaje al coraz\u00f3n de Madrid. As\u00ed, aprovechando la presentaci\u00f3n de la Mostra en FITUR, ha programado un cartel promocional que se proyectar\u00e1 en las grandes pantallas digitales de Callao en la Gran V\u00eda durante toda la semana del 16 al 22 de enero.<\/p>\n\n\n\n<p>El objetivo de esta campa\u00f1a publicitaria es seguir promocionando la Feria del Encaje y el turismo de Camari\u00f1as fuera de nuestras fronteras, para consolidar el evento como capital de la moda durante la Semana Santa y atraer un mayor n\u00famero de visitantes.<\/p>","protected":false},"excerpt":{"rendered":"<p>Sandra Insua presentar\u00e1 la trig\u00e9sima segunda edici\u00f3n de la Mostra el jueves 19 de enero en el stand de Turespa\u00f1a. Se dar\u00e1 a conocer el motivo y el v\u00eddeo promocional del evento, que tendr\u00e1 lugar del 5 al 9 de abril bajo el lema \u2018Camari\u00f1as est\u00e1 de moda\u2019. El cartel de esta edici\u00f3n mezcla el encaje, aplicado a la moda, con el paisaje de Camari\u00f1as m\u00e1s reconocible del mundo: Cabo Vil\u00e1n. La Mostra volver\u00e1 a poder verse en las pantallas de Callao y Gran V\u00eda durante toda la semana.<\/p>","protected":false},"author":1,"featured_media":3995,"comment_status":"open","ping_status":"closed","sticky":false,"template":"","format":"standard","meta":{"footnotes":""},"categories":[10],"tags":[15,19,346],"class_list":["post-3994","post","type-post","status-publish","format-standard","has-post-thumbnail","hentry","category-prensa","tag-cartel-mostra","tag-fitur","tag-xxxii-mostra-do-encaixe"],"_links":{"self":[{"href":"https:\/\/mostra.es\/es\/wp-json\/wp\/v2\/posts\/3994","targetHints":{"allow":["GET"]}}],"collection":[{"href":"https:\/\/mostra.es\/es\/wp-json\/wp\/v2\/posts"}],"about":[{"href":"https:\/\/mostra.es\/es\/wp-json\/wp\/v2\/types\/post"}],"author":[{"embeddable":true,"href":"https:\/\/mostra.es\/es\/wp-json\/wp\/v2\/users\/1"}],"replies":[{"embeddable":true,"href":"https:\/\/mostra.es\/es\/wp-json\/wp\/v2\/comments?post=3994"}],"version-history":[{"count":0,"href":"https:\/\/mostra.es\/es\/wp-json\/wp\/v2\/posts\/3994\/revisions"}],"wp:featuredmedia":[{"embeddable":true,"href":"https:\/\/mostra.es\/es\/wp-json\/wp\/v2\/media\/3995"}],"wp:attachment":[{"href":"https:\/\/mostra.es\/es\/wp-json\/wp\/v2\/media?parent=3994"}],"wp:term":[{"taxonomy":"category","embeddable":true,"href":"https:\/\/mostra.es\/es\/wp-json\/wp\/v2\/categories?post=3994"},{"taxonomy":"post_tag","embeddable":true,"href":"https:\/\/mostra.es\/es\/wp-json\/wp\/v2\/tags?post=3994"}],"curies":[{"name":"gracias","href":"https:\/\/api.w.org\/{rel}","templated":true}]}}