{"id":3981,"date":"2022-12-08T11:58:25","date_gmt":"2022-12-08T11:58:25","guid":{"rendered":"https:\/\/mostra.es\/?p=3981"},"modified":"2022-12-08T12:00:43","modified_gmt":"2022-12-08T12:00:43","slug":"ix-festival-de-la-palillera-en-camarinas","status":"publish","type":"post","link":"https:\/\/mostra.es\/es\/actualidade\/prensa\/ix-festa-da-palilleira-camarinas\/","title":{"rendered":"El sonido de los palillos, los reencuentros y las ganas de pasarlo bien llenan el IX Festival de Palilleira en Camari\u00f1as"},"content":{"rendered":"<p>Tras dos a\u00f1os de ausencia, el IX Festival de Palilleiras de Camari\u00f1as regres\u00f3 por todo lo alto, con m\u00e1s de 450 palilleiras llegadas desde diferentes puntos de Galicia y otros puntos de Espa\u00f1a (Soria, Asturias...) para disfrutar de un evento en el que los protagonistas fueron el sonido de los palillos, los reencuentros y las ganas de pasarlo bien.<\/p>\n\n\n\n<p>Mucha m\u00e1s gente se acerc\u00f3 al pabell\u00f3n a lo largo del d\u00eda para conocer de primera mano el arte del palo y del encaje de camari\u00f1as y, adem\u00e1s, para echar un vistazo al Mercado de Navidad con tiendas especializadas en encajes y tambi\u00e9n otras tiendas locales y de los alrededores, adem\u00e1s de los stands de las comisiones de fiestas del Carmen, Xavi\u00f1a y Ponte do Porto.<\/p>\n\n\n\n<figure class=\"wp-block-image size-large\"><img fetchpriority=\"high\" decoding=\"async\" width=\"1024\" height=\"634\" src=\"https:\/\/mostra.es\/wp-content\/uploads\/2022\/12\/festa-da-palilleira-2022-3-1024x634.jpg\" alt=\"\" class=\"wp-image-3984\" title=\"\" srcset=\"https:\/\/mostra.es\/wp-content\/uploads\/2022\/12\/festa-da-palilleira-2022-3-1024x634.jpg 1024w, https:\/\/mostra.es\/wp-content\/uploads\/2022\/12\/festa-da-palilleira-2022-3-300x186.jpg 300w, https:\/\/mostra.es\/wp-content\/uploads\/2022\/12\/festa-da-palilleira-2022-3-768x476.jpg 768w, https:\/\/mostra.es\/wp-content\/uploads\/2022\/12\/festa-da-palilleira-2022-3.jpg 1200w\" sizes=\"(max-width: 1024px) 100vw, 1024px\" \/><\/figure>\n\n\n\n<p>Adem\u00e1s, con el objetivo de hacer part\u00edcipes a todos los vecinos de Camari\u00f1as de esta fiesta, se instalaron hinchables durante todo el d\u00eda y, por la tarde, se celebr\u00f3 el sorteo de diez mantones de encaje donados por las asociaciones Rendas e Puntillas.<\/p>\n\n\n\n<p>En la inauguraci\u00f3n de la jornada, la alcaldesa de Camari\u00f1as, Sandra Insua, dio la bienvenida a todas las asociaciones participantes y destac\u00f3 que \u201cpor fin hemos recuperado un evento que para los que nos gusta el mundo de los palillos es m\u00e1s una fiesta que otra cosa\u201d. \u201cEstoy seguro de que hoy, despu\u00e9s de tanto tiempo, es un d\u00eda de reencuentro para muchos de vosotros. Un d\u00eda para ponerse al d\u00eda, compartir experiencias y, sobre todo, disfrutar entre palillos\u201d, afirm\u00f3.<\/p>\n\n\n\n<p>Adem\u00e1s, el alcalde record\u00f3 que \u201cla Fiesta de Palilleira vuelve a ser la antesala de la Mostra, el evento de referencia para todos nosotros. Hoy empiezan a hacer sonar los palillos con ese sonido inconfundible que permanecer\u00e1 en este pabell\u00f3n hasta Semana Santa\u201d.<\/p>\n\n\n\n<figure class=\"wp-block-image size-large\"><img decoding=\"async\" width=\"1024\" height=\"598\" src=\"https:\/\/mostra.es\/wp-content\/uploads\/2022\/12\/festa-da-palilleira-2022-2-1024x598.jpg\" alt=\"\" class=\"wp-image-3983\" title=\"\" srcset=\"https:\/\/mostra.es\/wp-content\/uploads\/2022\/12\/festa-da-palilleira-2022-2-1024x598.jpg 1024w, https:\/\/mostra.es\/wp-content\/uploads\/2022\/12\/festa-da-palilleira-2022-2-300x175.jpg 300w, https:\/\/mostra.es\/wp-content\/uploads\/2022\/12\/festa-da-palilleira-2022-2-768x449.jpg 768w, https:\/\/mostra.es\/wp-content\/uploads\/2022\/12\/festa-da-palilleira-2022-2.jpg 1200w\" sizes=\"(max-width: 1024px) 100vw, 1024px\" \/><\/figure>","protected":false},"excerpt":{"rendered":"<p>M\u00e1s de 450 encajeras, venidas de Galicia y otros puntos de Espa\u00f1a, participaron en una jornada que gir\u00f3 en torno al encaje pero en la que tambi\u00e9n hubo un mercadillo navide\u00f1o y otros puestos. \u201cPor fin hemos recuperado un evento que para los que nos gusta el mundo de los palillos es m\u00e1s una fiesta que otra cosa\u201d, destac\u00f3 Sandra Insua.<\/p>","protected":false},"author":1,"featured_media":3982,"comment_status":"open","ping_status":"closed","sticky":false,"template":"","format":"standard","meta":{"footnotes":""},"categories":[10],"tags":[344,108],"class_list":["post-3981","post","type-post","status-publish","format-standard","has-post-thumbnail","hentry","category-prensa","tag-festa-da-palilleira","tag-palilleiras-de-camarinas"],"_links":{"self":[{"href":"https:\/\/mostra.es\/es\/wp-json\/wp\/v2\/posts\/3981","targetHints":{"allow":["GET"]}}],"collection":[{"href":"https:\/\/mostra.es\/es\/wp-json\/wp\/v2\/posts"}],"about":[{"href":"https:\/\/mostra.es\/es\/wp-json\/wp\/v2\/types\/post"}],"author":[{"embeddable":true,"href":"https:\/\/mostra.es\/es\/wp-json\/wp\/v2\/users\/1"}],"replies":[{"embeddable":true,"href":"https:\/\/mostra.es\/es\/wp-json\/wp\/v2\/comments?post=3981"}],"version-history":[{"count":0,"href":"https:\/\/mostra.es\/es\/wp-json\/wp\/v2\/posts\/3981\/revisions"}],"wp:featuredmedia":[{"embeddable":true,"href":"https:\/\/mostra.es\/es\/wp-json\/wp\/v2\/media\/3982"}],"wp:attachment":[{"href":"https:\/\/mostra.es\/es\/wp-json\/wp\/v2\/media?parent=3981"}],"wp:term":[{"taxonomy":"category","embeddable":true,"href":"https:\/\/mostra.es\/es\/wp-json\/wp\/v2\/categories?post=3981"},{"taxonomy":"post_tag","embeddable":true,"href":"https:\/\/mostra.es\/es\/wp-json\/wp\/v2\/tags?post=3981"}],"curies":[{"name":"gracias","href":"https:\/\/api.w.org\/{rel}","templated":true}]}}