{"id":3862,"date":"2022-08-03T07:40:02","date_gmt":"2022-08-03T07:40:02","guid":{"rendered":"https:\/\/mostra.es\/?p=3862"},"modified":"2022-08-03T07:40:07","modified_gmt":"2022-08-03T07:40:07","slug":"exposicion-de-artencaixe-en-el-aula-raquel-moreira-del-museo-del-encaje-de-camarinas","status":"publish","type":"post","link":"https:\/\/mostra.es\/es\/actualidade\/prensa\/exposicion-artencaixe-na-aula-raquel-moreira-do-museo-do-encaixe-de-camarinas\/","title":{"rendered":"Exposici\u00f3n ArtEncaixe en el aula Raquel Moreira del Museo del Encaje de Camari\u00f1as"},"content":{"rendered":"<p>El aula Raquel Moreira del Museo del Encaje acoge hoy una nueva exposici\u00f3n: &#039;ArtEncaixe&#039;. Hace dos a\u00f1os, la organizaci\u00f3n de la Mostra do Encaixe Diputaci\u00f3n de A Coru\u00f1a decidi\u00f3 apostar por la combinaci\u00f3n de encaje y artesan\u00eda para una de sus pasarelas, y fue tal el \u00e9xito de este t\u00e1ndem que se decidi\u00f3 dedicar un espacio espec\u00edfico en este enclave muse\u00edstico de Camari\u00f1a para que los visitantes pudieran contemplar de cerca las piezas. Permanecer\u00e1 instalado en la sala hasta, al menos, la pr\u00f3xima edici\u00f3n del evento palillo.<\/p>\n\n\n\n<p>Se trata de creaciones de Ana Miguens, Ana Freir\u00eda, Charo L\u00f3pez, Egueira ONG \u2013 Mimi La Bish, Estilo Aramar, Janet Schulz, Arteviares, Mar Barral, Noelia Pe\u00f1a, Alfarer\u00eda Lista, O Rulo, Tendataller Feituras, Obradoiro Gor\u00edn, Pilar en L\u00e1, Silvereria y Suso Calo.<\/p>\n\n\n\n<p>Se pueden ver desde joyas realizadas en madera, plata u otros materiales, hasta la m\u00e1s exquisita cer\u00e1mica de Bu\u00f1o al amparo del Encaixe de Camari\u00f1as, pero tambi\u00e9n tocados, complementos o las peculiar\u00edsimas creaciones de la ONG Egueire, con motivos de Costa de Marfil.<\/p>\n\n\n\n<figure class=\"wp-block-gallery has-nested-images columns-default is-cropped wp-block-gallery-1 is-layout-flex wp-block-gallery-is-layout-flex\">\n<figure class=\"wp-block-image size-large\"><img fetchpriority=\"high\" decoding=\"async\" width=\"1200\" height=\"800\" data-id=\"3865\" src=\"https:\/\/mostra.es\/wp-content\/uploads\/2022\/08\/artencaixe-raquel-moreira-00001.jpg\" alt=\"\" class=\"wp-image-3865\" title=\"\" srcset=\"https:\/\/mostra.es\/wp-content\/uploads\/2022\/08\/artencaixe-raquel-moreira-00001.jpg 1200w, https:\/\/mostra.es\/wp-content\/uploads\/2022\/08\/artencaixe-raquel-moreira-00001-300x200.jpg 300w, https:\/\/mostra.es\/wp-content\/uploads\/2022\/08\/artencaixe-raquel-moreira-00001-1024x683.jpg 1024w, https:\/\/mostra.es\/wp-content\/uploads\/2022\/08\/artencaixe-raquel-moreira-00001-768x512.jpg 768w\" sizes=\"(max-width: 1200px) 100vw, 1200px\" \/><\/figure>\n\n\n\n<figure class=\"wp-block-image size-large\"><img decoding=\"async\" width=\"1200\" height=\"800\" data-id=\"3866\" src=\"https:\/\/mostra.es\/wp-content\/uploads\/2022\/08\/artencaixe-raquel-moreira-00002.jpg\" alt=\"\" class=\"wp-image-3866\" title=\"\" srcset=\"https:\/\/mostra.es\/wp-content\/uploads\/2022\/08\/artencaixe-raquel-moreira-00002.jpg 1200w, https:\/\/mostra.es\/wp-content\/uploads\/2022\/08\/artencaixe-raquel-moreira-00002-300x200.jpg 300w, https:\/\/mostra.es\/wp-content\/uploads\/2022\/08\/artencaixe-raquel-moreira-00002-1024x683.jpg 1024w, https:\/\/mostra.es\/wp-content\/uploads\/2022\/08\/artencaixe-raquel-moreira-00002-768x512.jpg 768w\" sizes=\"(max-width: 1200px) 100vw, 1200px\" \/><\/figure>\n<\/figure>\n\n\n\n<p>La alcaldesa, Sandra Insua, quiso destacar el &quot;inmenso trabajo que realizan las artesanas y encajeras para confeccionar piezas \u00fanicas, y que a partir de hoy estar\u00e1n a disposici\u00f3n de todo el p\u00fablico que se acerque al Museo del Encaje&quot;.<\/p>\n\n\n\n<p>Por su parte, la concejala de Encaixe, Encarna Li\u00f1eiro, reafirm\u00f3 la &quot;apuesta que tenemos desde la Mostra por aunar artesan\u00eda y encaje&quot;. Al principio pod\u00eda parecer una utop\u00eda, pero hoy es una realidad y uno de los grandes \u00e9xitos de la pasarela en la \u00faltima edici\u00f3n de la Mostra\u201d, destac\u00f3.<\/p>\n\n\n\n<p>Dolores Lema, directora de la Mostra, afirm\u00f3 que \u201cen esta exposici\u00f3n hay piezas \u00fanicas y todas de alt\u00edsima calidad, ya que est\u00e1n realizadas una a una y todas a mano. No hay otros iguales en el mundo y tenemos la suerte de poder exhibirlos al p\u00fablico en el Aula de Palos Raquel Moreira. Para nosotros es un verdadero honor\u201d, dijo.<\/p>\n\n\n\n<figure class=\"wp-block-gallery has-nested-images columns-default is-cropped wp-block-gallery-2 is-layout-flex wp-block-gallery-is-layout-flex\">\n<figure class=\"wp-block-image size-large\"><img decoding=\"async\" width=\"1200\" height=\"800\" data-id=\"3868\" src=\"https:\/\/mostra.es\/wp-content\/uploads\/2022\/08\/artencaixe-raquel-moreira-00004.jpg\" alt=\"\" class=\"wp-image-3868\" title=\"\" srcset=\"https:\/\/mostra.es\/wp-content\/uploads\/2022\/08\/artencaixe-raquel-moreira-00004.jpg 1200w, https:\/\/mostra.es\/wp-content\/uploads\/2022\/08\/artencaixe-raquel-moreira-00004-300x200.jpg 300w, https:\/\/mostra.es\/wp-content\/uploads\/2022\/08\/artencaixe-raquel-moreira-00004-1024x683.jpg 1024w, https:\/\/mostra.es\/wp-content\/uploads\/2022\/08\/artencaixe-raquel-moreira-00004-768x512.jpg 768w\" sizes=\"(max-width: 1200px) 100vw, 1200px\" \/><\/figure>\n\n\n\n<figure class=\"wp-block-image size-large\"><img loading=\"lazy\" decoding=\"async\" width=\"1200\" height=\"800\" data-id=\"3867\" src=\"https:\/\/mostra.es\/wp-content\/uploads\/2022\/08\/artencaixe-raquel-moreira-00003.jpg\" alt=\"\" class=\"wp-image-3867\" title=\"\" srcset=\"https:\/\/mostra.es\/wp-content\/uploads\/2022\/08\/artencaixe-raquel-moreira-00003.jpg 1200w, https:\/\/mostra.es\/wp-content\/uploads\/2022\/08\/artencaixe-raquel-moreira-00003-300x200.jpg 300w, https:\/\/mostra.es\/wp-content\/uploads\/2022\/08\/artencaixe-raquel-moreira-00003-1024x683.jpg 1024w, https:\/\/mostra.es\/wp-content\/uploads\/2022\/08\/artencaixe-raquel-moreira-00003-768x512.jpg 768w\" sizes=\"(max-width: 1200px) 100vw, 1200px\" \/><\/figure>\n<\/figure>","protected":false},"excerpt":{"rendered":"<p>Hace dos a\u00f1os, la organizaci\u00f3n de la Mostra decidi\u00f3 apostar por la combinaci\u00f3n de encaje y artesan\u00eda, y debido al \u00e9xito de este t\u00e1ndem, se decidi\u00f3 dedicar un espacio para que los visitantes pudieran contemplar estas piezas, estando prevista su instalaci\u00f3n, al menos hasta la pr\u00f3xima edici\u00f3n de este evento. Ana Miguens, Ana Freir\u00eda, Charo L\u00f3pez, Egueira ONG \u2013 Mimi La Bish, Estilo Aramar, Janet Schulz, Arteviares, Mar Barral, Noelia Pe\u00f1a, Alfarer\u00eda Lista, O Rulo, Tendataller Feituras, Obradoiro Gor\u00edn, Pilar en L\u00e1, Silvereria y Suso Calo son las manos que han realizado las obras expuestas.<\/p>","protected":false},"author":1,"featured_media":3864,"comment_status":"open","ping_status":"closed","sticky":false,"template":"","format":"standard","meta":{"footnotes":""},"categories":[10],"tags":[35,105],"class_list":["post-3862","post","type-post","status-publish","format-standard","has-post-thumbnail","hentry","category-prensa","tag-artencaixe","tag-aula-raquel-moreira"],"_links":{"self":[{"href":"https:\/\/mostra.es\/es\/wp-json\/wp\/v2\/posts\/3862","targetHints":{"allow":["GET"]}}],"collection":[{"href":"https:\/\/mostra.es\/es\/wp-json\/wp\/v2\/posts"}],"about":[{"href":"https:\/\/mostra.es\/es\/wp-json\/wp\/v2\/types\/post"}],"author":[{"embeddable":true,"href":"https:\/\/mostra.es\/es\/wp-json\/wp\/v2\/users\/1"}],"replies":[{"embeddable":true,"href":"https:\/\/mostra.es\/es\/wp-json\/wp\/v2\/comments?post=3862"}],"version-history":[{"count":0,"href":"https:\/\/mostra.es\/es\/wp-json\/wp\/v2\/posts\/3862\/revisions"}],"wp:featuredmedia":[{"embeddable":true,"href":"https:\/\/mostra.es\/es\/wp-json\/wp\/v2\/media\/3864"}],"wp:attachment":[{"href":"https:\/\/mostra.es\/es\/wp-json\/wp\/v2\/media?parent=3862"}],"wp:term":[{"taxonomy":"category","embeddable":true,"href":"https:\/\/mostra.es\/es\/wp-json\/wp\/v2\/categories?post=3862"},{"taxonomy":"post_tag","embeddable":true,"href":"https:\/\/mostra.es\/es\/wp-json\/wp\/v2\/tags?post=3862"}],"curies":[{"name":"gracias","href":"https:\/\/api.w.org\/{rel}","templated":true}]}}