{"id":3800,"date":"2022-04-20T11:20:32","date_gmt":"2022-04-20T11:20:32","guid":{"rendered":"https:\/\/mostra.es\/?p=3800"},"modified":"2022-04-20T16:36:39","modified_gmt":"2022-04-20T16:36:39","slug":"alvaro-castillo-ganador-del-concurso-de-nuevos-disenadores-del-xxxi-salon-del-encaje","status":"publish","type":"post","link":"https:\/\/mostra.es\/es\/actualidade\/prensa\/alvaro-castillo-ganador-do-concurso-de-noveis-desenadores-da-xxxi-mostra-do-encaixe\/","title":{"rendered":"\u00c1lvaro Castillo, ganador del Concurso de Nuevos Dise\u00f1adores del XXXI Sal\u00f3n del Encaje"},"content":{"rendered":"<p>La jornada de clausura del XXXI Sal\u00f3n de Encaje de Camari\u00f1as sirvi\u00f3 para conocer a los ganadores del XXVIII Concurso de Nuevos Dise\u00f1adores. El primer premio, entregado por la concejala de Encaixe, Encarna Li\u00f1eiro, recay\u00f3 en \u00c1lvaro Castillo, que conquist\u00f3 al jurado profesional con su colecci\u00f3n Remind, para la que utiliz\u00f3 tejidos y prendas de su abuela, fallecida y a quien quiso dedicar el premio.<\/p>\n\n\n\n<p>El responsable de la planta Vil\u00e1n de Stolt Sea Farm, Jos\u00e9 Figueroa, entreg\u00f3 el premio a M\u00ebu Kiez, de Pablo Gonz\u00e1lez Moreno, que qued\u00f3 en segundo lugar; mientras que la colecci\u00f3n El Taller de Vanessa Parente y Beatriz Chan, que recibi\u00f3 el premio de manos del fundador de Frigor\u00edficos de Camari\u00f1as, Luis Canosa; logr\u00f3 el tercer lugar. El \u201cPremio Especial del P\u00fablico\u201d, entregado por el director de la Asociaci\u00f3n de Empresarios y Promoci\u00f3n Tur\u00edstica de Camari\u00f1as, Jos\u00e9 Manuel Ameal, tambi\u00e9n recay\u00f3 en Pablo Gonz\u00e1lez Moreno, con M\u00ebu Kiez.<\/p>\n\n\n\n<figure class=\"wp-block-image size-large\"><img fetchpriority=\"high\" decoding=\"async\" width=\"1024\" height=\"745\" src=\"https:\/\/mostra.es\/wp-content\/uploads\/2022\/04\/SEGUNDO-PREMIO-Y-PREMIO-DEL-PU\u0301BLICO-ENTREGA-1024x745.jpg\" alt=\"\" class=\"wp-image-3807\" title=\"\" srcset=\"https:\/\/mostra.es\/wp-content\/uploads\/2022\/04\/SEGUNDO-PREMIO-Y-PREMIO-DEL-PU\u0301BLICO-ENTREGA-1024x745.jpg 1024w, https:\/\/mostra.es\/wp-content\/uploads\/2022\/04\/SEGUNDO-PREMIO-Y-PREMIO-DEL-PU\u0301BLICO-ENTREGA-300x218.jpg 300w, https:\/\/mostra.es\/wp-content\/uploads\/2022\/04\/SEGUNDO-PREMIO-Y-PREMIO-DEL-PU\u0301BLICO-ENTREGA-768x559.jpg 768w, https:\/\/mostra.es\/wp-content\/uploads\/2022\/04\/SEGUNDO-PREMIO-Y-PREMIO-DEL-PU\u0301BLICO-ENTREGA.jpg 1200w\" sizes=\"(max-width: 1024px) 100vw, 1024px\" \/><\/figure>\n\n\n\n<p>En esta edici\u00f3n se han repartido un total de 4.500 euros en premios repartidos de la siguiente manera: un primer premio de 2.100 euros, un segundo de 1.200 euros, un tercero de 600 euros y el \u201cPremio Especial del P\u00fablico\u201d, tambi\u00e9n de 600 euros.<\/p>\n\n\n\n<p>A estos premios se han presentado un total de 25 j\u00f3venes que est\u00e1n dando sus primeros pasos en el mundo de la moda. La procedencia de los nuevos dise\u00f1adores fue muy diversa, pues provendr\u00e1n de Asturias, Alicante, Guip\u00fazcoa, Pontevedra, Zaragoza, A Coru\u00f1a, Cantabria, Murcia o Madrid. Fueron educados en las mejores escuelas del estado.<\/p>\n\n\n\n<figure class=\"wp-block-image size-large\"><img decoding=\"async\" width=\"1024\" height=\"635\" src=\"https:\/\/mostra.es\/wp-content\/uploads\/2022\/04\/foto-familia-coleccions-ganadoras-xxxi-mostra-1024x635.jpg\" alt=\"\" class=\"wp-image-3804\" title=\"\" srcset=\"https:\/\/mostra.es\/wp-content\/uploads\/2022\/04\/foto-familia-coleccions-ganadoras-xxxi-mostra-1024x635.jpg 1024w, https:\/\/mostra.es\/wp-content\/uploads\/2022\/04\/foto-familia-coleccions-ganadoras-xxxi-mostra-300x186.jpg 300w, https:\/\/mostra.es\/wp-content\/uploads\/2022\/04\/foto-familia-coleccions-ganadoras-xxxi-mostra-768x476.jpg 768w, https:\/\/mostra.es\/wp-content\/uploads\/2022\/04\/foto-familia-coleccions-ganadoras-xxxi-mostra.jpg 1200w\" sizes=\"(max-width: 1024px) 100vw, 1024px\" \/><\/figure>\n\n\n\n<p>El <a href=\"https:\/\/mostra.es\/es\/actualidad-2\/prensa\/el-jurado-profesional-evalua-las-propuestas-de-los-participantes-del-28o-concurso-de-nuevos-disenadores\/\" data-type=\"post\" data-id=\"3786\">El jurado estuvo compuesto por los siguientes dise\u00f1adores:<\/a>: Amaya Fern\u00e1ndez, Edith del Valle, Modesto Lomba (presidente), In\u00e9s Fern\u00e1ndez, Charo Carrillo, Felipe Santamar\u00eda, Franco Quint\u00e1ns, Jorge de \u00c1lvarez y Esteban Freir\u00eda.<\/p>\n\n\n\n<p>En el acto de clausura, la concejala de Encaixe, Encarna Li\u00f1eiro, afirm\u00f3 que \u201cen este momento podemos decir con orgullo que en el para\u00edso caben muchas personas, tantas que el lema podr\u00eda ser \u2018Camari\u00f1as est\u00e1 de moda\u2019\u201d.<\/p>\n\n\n\n<p>En su intervenci\u00f3n hizo referencia al regreso de las Delegaciones Internacionales ya que \u201ccompartir nuestro arte con otros pa\u00edses es una prueba de que nuestra forma de entender la vida no tiene fronteras. Somos una gran familia, ya sea en Peniche, Novedrate o Sof\u00eda\u201d.<\/p>\n\n\n\n<h2 class=\"wp-block-heading\">Premiados en el XXXI Sal\u00f3n del Encaje<\/h2>\n\n\n\n<figure class=\"wp-block-embed is-type-video is-provider-youtube wp-block-embed-youtube wp-embed-aspect-16-9 wp-has-aspect-ratio\"><div class=\"wp-block-embed__wrapper\">\n<iframe title=\"Ganadores del Concurso de Nuevos Dise\u00f1adores XXXI Muestra de Encaje de Camari\u00f1as\" width=\"800\" height=\"450\" src=\"https:\/\/www.youtube.com\/embed\/wFF0wtWfvxw?feature=oembed\" frameborder=\"0\" allow=\"accelerometer; autoplay; clipboard-write; encrypted-media; gyroscope; picture-in-picture\" allowfullscreen><\/iframe>\n<\/div><\/figure>","protected":false},"excerpt":{"rendered":"<p>\u00c1lvaro Castillo se convierte en el ganador del XXVIII concurso Nuevos Dise\u00f1adores con la colecci\u00f3n Remind. M\u00ebu Kiez, de Pablo Gonz\u00e1lez Moreno, logr\u00f3 el segundo lugar del concurso, mientras que El Taller, de Vanessa Parente y Beatriz Chan, qued\u00f3 en tercer lugar. El premio especial del p\u00fablico fue para Pablo Gonz\u00e1lez Moreno con M\u00ebu Kiez. Los premios fueron entregados por Encarna Li\u00f1eiro, Jos\u00e9 Figueroa, Luis Canosa y Jos\u00e9 Manuel Ameal.<\/p>","protected":false},"author":1,"featured_media":3805,"comment_status":"open","ping_status":"closed","sticky":false,"template":"","format":"standard","meta":{"footnotes":""},"categories":[10],"tags":[20,237,166],"class_list":["post-3800","post","type-post","status-publish","format-standard","has-post-thumbnail","hentry","category-prensa","tag-encarna-lineiro","tag-pasarela-da-mostra","tag-xxxi-mostra-do-encaixe"],"_links":{"self":[{"href":"https:\/\/mostra.es\/es\/wp-json\/wp\/v2\/posts\/3800","targetHints":{"allow":["GET"]}}],"collection":[{"href":"https:\/\/mostra.es\/es\/wp-json\/wp\/v2\/posts"}],"about":[{"href":"https:\/\/mostra.es\/es\/wp-json\/wp\/v2\/types\/post"}],"author":[{"embeddable":true,"href":"https:\/\/mostra.es\/es\/wp-json\/wp\/v2\/users\/1"}],"replies":[{"embeddable":true,"href":"https:\/\/mostra.es\/es\/wp-json\/wp\/v2\/comments?post=3800"}],"version-history":[{"count":0,"href":"https:\/\/mostra.es\/es\/wp-json\/wp\/v2\/posts\/3800\/revisions"}],"wp:featuredmedia":[{"embeddable":true,"href":"https:\/\/mostra.es\/es\/wp-json\/wp\/v2\/media\/3805"}],"wp:attachment":[{"href":"https:\/\/mostra.es\/es\/wp-json\/wp\/v2\/media?parent=3800"}],"wp:term":[{"taxonomy":"category","embeddable":true,"href":"https:\/\/mostra.es\/es\/wp-json\/wp\/v2\/categories?post=3800"},{"taxonomy":"post_tag","embeddable":true,"href":"https:\/\/mostra.es\/es\/wp-json\/wp\/v2\/tags?post=3800"}],"curies":[{"name":"gracias","href":"https:\/\/api.w.org\/{rel}","templated":true}]}}