{"id":3786,"date":"2022-04-20T10:29:25","date_gmt":"2022-04-20T10:29:25","guid":{"rendered":"https:\/\/mostra.es\/?p=3786"},"modified":"2022-04-20T10:30:40","modified_gmt":"2022-04-20T10:30:40","slug":"el-jurado-profesional-evalua-las-propuestas-de-los-participantes-del-28o-concurso-de-nuevos-disenadores","status":"publish","type":"post","link":"https:\/\/mostra.es\/es\/actualidade\/prensa\/o-xurado-profesional-avalia-as-propostas-dos-participantes-do-xxviii-concurso-de-noveis-desenadores\/","title":{"rendered":"El jurado profesional eval\u00faa las propuestas de los participantes del XXVIII Concurso de Nuevos Dise\u00f1adores"},"content":{"rendered":"<p>Hoy ha sido el d\u00eda decisivo para los participantes del XXVIII Concurso de Nuevos Dise\u00f1adores de la XXXI Muestra de Encaje de Camari\u00f1as, Diputaci\u00f3n Provincial de A Coru\u00f1a. El jurado profesional estuvo presente en los desfiles de los grupos \u2018A\u2019 y \u2018B\u2019 esta tarde para evaluar las propuestas presentadas por los 25 j\u00f3venes participantes.<\/p>\n\n\n\n<p>El jurado est\u00e1 formado por Modesto Lomba (presidente), Felipe Santamar\u00eda, Franco Quint\u00e1ns, Edith del Valle, Esteban Freir\u00eda, Amaya Fern\u00e1ndez, Jorge de \u00c1lvarez e In\u00e9s Fern\u00e1ndez. Se valoraron aspectos como la aplicaci\u00f3n del encaje, la sastrer\u00eda, la originalidad, el mensaje...<\/p>\n\n\n\n<figure class=\"wp-block-embed is-type-video is-provider-youtube wp-block-embed-youtube wp-embed-aspect-16-9 wp-has-aspect-ratio\"><div class=\"wp-block-embed__wrapper\">\n<iframe title=\"Concurso de Nuevos Dise\u00f1adores 2022 GRUPO A\" width=\"800\" height=\"450\" src=\"https:\/\/www.youtube.com\/embed\/LT9x5LucFxc?feature=oembed\" frameborder=\"0\" allow=\"accelerometer; autoplay; clipboard-write; encrypted-media; gyroscope; picture-in-picture\" allowfullscreen><\/iframe>\n<\/div><\/figure>\n\n\n\n<p>Ma\u00f1ana domingo 17 de abril se dar\u00e1 a conocer el ganador del concurso y el premio del jurado popular, que en los d\u00edas previos ha valorado las diferentes propuestas de los nuevos dise\u00f1adores llegados desde distintos puntos de Espa\u00f1a.<\/p>\n\n\n\n<p>Adem\u00e1s, al finalizar los desfiles, tuvo lugar el encuentro entre grandes y nuevos dise\u00f1adores, \u2018Falemos de moda\u2019, un espacio en el que aquellos que se inician en el mundo de la moda pudieron plantear preguntas y recibir consejos de reconocidos profesionales.<\/p>\n\n\n\n<p>Por su parte, Xabier D\u00edaz puso la nota musical en la pasarela, previa al desfile de Grandes Dise\u00f1adores. Por la noche, a las 22.00 horas, se celebrar\u00e1 en la plaza del Mercado el concierto de la XXXI Muestra de Encaje de Camari\u00f1as de la Diputaci\u00f3n Provincial de A Coru\u00f1a.<\/p>\n\n\n\n<figure class=\"wp-block-gallery has-nested-images columns-default is-cropped wp-block-gallery-1 is-layout-flex wp-block-gallery-is-layout-flex\">\n<figure class=\"wp-block-image size-large\"><img fetchpriority=\"high\" decoding=\"async\" width=\"1500\" height=\"1000\" data-id=\"3794\" src=\"https:\/\/mostra.es\/wp-content\/uploads\/2022\/04\/Xabier-Di\u0301az.jpg\" alt=\"\" class=\"wp-image-3794\" title=\"\" srcset=\"https:\/\/mostra.es\/wp-content\/uploads\/2022\/04\/Xabier-Di\u0301az.jpg 1500w, https:\/\/mostra.es\/wp-content\/uploads\/2022\/04\/Xabier-Di\u0301az-300x200.jpg 300w, https:\/\/mostra.es\/wp-content\/uploads\/2022\/04\/Xabier-Di\u0301az-1024x683.jpg 1024w, https:\/\/mostra.es\/wp-content\/uploads\/2022\/04\/Xabier-Di\u0301az-768x512.jpg 768w\" sizes=\"(max-width: 1500px) 100vw, 1500px\" \/><\/figure>\n\n\n\n<figure class=\"wp-block-image size-large\"><img decoding=\"async\" width=\"1500\" height=\"1000\" data-id=\"3793\" src=\"https:\/\/mostra.es\/wp-content\/uploads\/2022\/04\/Valoracio\u0301n-Xurado-Noveis-2.jpg\" alt=\"\" class=\"wp-image-3793\" title=\"\" srcset=\"https:\/\/mostra.es\/wp-content\/uploads\/2022\/04\/Valoracio\u0301n-Xurado-Noveis-2.jpg 1500w, https:\/\/mostra.es\/wp-content\/uploads\/2022\/04\/Valoracio\u0301n-Xurado-Noveis-2-300x200.jpg 300w, https:\/\/mostra.es\/wp-content\/uploads\/2022\/04\/Valoracio\u0301n-Xurado-Noveis-2-1024x683.jpg 1024w, https:\/\/mostra.es\/wp-content\/uploads\/2022\/04\/Valoracio\u0301n-Xurado-Noveis-2-768x512.jpg 768w\" sizes=\"(max-width: 1500px) 100vw, 1500px\" \/><\/figure>\n\n\n\n<figure class=\"wp-block-image size-large\"><img decoding=\"async\" width=\"1500\" height=\"1000\" data-id=\"3792\" src=\"https:\/\/mostra.es\/wp-content\/uploads\/2022\/04\/Valoracio\u0301n-Xurado-Noveis-1.jpg\" alt=\"\" class=\"wp-image-3792\" title=\"\" srcset=\"https:\/\/mostra.es\/wp-content\/uploads\/2022\/04\/Valoracio\u0301n-Xurado-Noveis-1.jpg 1500w, https:\/\/mostra.es\/wp-content\/uploads\/2022\/04\/Valoracio\u0301n-Xurado-Noveis-1-300x200.jpg 300w, https:\/\/mostra.es\/wp-content\/uploads\/2022\/04\/Valoracio\u0301n-Xurado-Noveis-1-1024x683.jpg 1024w, https:\/\/mostra.es\/wp-content\/uploads\/2022\/04\/Valoracio\u0301n-Xurado-Noveis-1-768x512.jpg 768w\" sizes=\"(max-width: 1500px) 100vw, 1500px\" \/><\/figure>\n\n\n\n<figure class=\"wp-block-image size-large\"><img loading=\"lazy\" decoding=\"async\" width=\"1200\" height=\"800\" data-id=\"3791\" src=\"https:\/\/mostra.es\/wp-content\/uploads\/2022\/04\/Pequencaixe-1.jpg\" alt=\"\" class=\"wp-image-3791\" title=\"\" srcset=\"https:\/\/mostra.es\/wp-content\/uploads\/2022\/04\/Pequencaixe-1.jpg 1200w, https:\/\/mostra.es\/wp-content\/uploads\/2022\/04\/Pequencaixe-1-300x200.jpg 300w, https:\/\/mostra.es\/wp-content\/uploads\/2022\/04\/Pequencaixe-1-1024x683.jpg 1024w, https:\/\/mostra.es\/wp-content\/uploads\/2022\/04\/Pequencaixe-1-768x512.jpg 768w\" sizes=\"(max-width: 1200px) 100vw, 1200px\" \/><\/figure>\n\n\n\n<figure class=\"wp-block-image size-large\"><img loading=\"lazy\" decoding=\"async\" width=\"1500\" height=\"1000\" data-id=\"3789\" src=\"https:\/\/mostra.es\/wp-content\/uploads\/2022\/04\/Grandes-Firmas-Lalaco\u0301.jpg\" alt=\"\" class=\"wp-image-3789\" title=\"\" srcset=\"https:\/\/mostra.es\/wp-content\/uploads\/2022\/04\/Grandes-Firmas-Lalaco\u0301.jpg 1500w, https:\/\/mostra.es\/wp-content\/uploads\/2022\/04\/Grandes-Firmas-Lalaco\u0301-300x200.jpg 300w, https:\/\/mostra.es\/wp-content\/uploads\/2022\/04\/Grandes-Firmas-Lalaco\u0301-1024x683.jpg 1024w, https:\/\/mostra.es\/wp-content\/uploads\/2022\/04\/Grandes-Firmas-Lalaco\u0301-768x512.jpg 768w\" sizes=\"(max-width: 1500px) 100vw, 1500px\" \/><\/figure>\n\n\n\n<figure class=\"wp-block-image size-large\"><img loading=\"lazy\" decoding=\"async\" width=\"1500\" height=\"1000\" data-id=\"3788\" src=\"https:\/\/mostra.es\/wp-content\/uploads\/2022\/04\/Grandes-Firmas-Edith-del-Valle.jpg\" alt=\"\" class=\"wp-image-3788\" title=\"\" srcset=\"https:\/\/mostra.es\/wp-content\/uploads\/2022\/04\/Grandes-Firmas-Edith-del-Valle.jpg 1500w, https:\/\/mostra.es\/wp-content\/uploads\/2022\/04\/Grandes-Firmas-Edith-del-Valle-300x200.jpg 300w, https:\/\/mostra.es\/wp-content\/uploads\/2022\/04\/Grandes-Firmas-Edith-del-Valle-1024x683.jpg 1024w, https:\/\/mostra.es\/wp-content\/uploads\/2022\/04\/Grandes-Firmas-Edith-del-Valle-768x512.jpg 768w\" sizes=\"(max-width: 1500px) 100vw, 1500px\" \/><\/figure>\n\n\n\n<figure class=\"wp-block-image size-large\"><img loading=\"lazy\" decoding=\"async\" width=\"1500\" height=\"1000\" data-id=\"3787\" src=\"https:\/\/mostra.es\/wp-content\/uploads\/2022\/04\/Desfile-Tarde-Dolores-Corte\u0301s.jpg\" alt=\"\" class=\"wp-image-3787\" title=\"\" srcset=\"https:\/\/mostra.es\/wp-content\/uploads\/2022\/04\/Desfile-Tarde-Dolores-Corte\u0301s.jpg 1500w, https:\/\/mostra.es\/wp-content\/uploads\/2022\/04\/Desfile-Tarde-Dolores-Corte\u0301s-300x200.jpg 300w, https:\/\/mostra.es\/wp-content\/uploads\/2022\/04\/Desfile-Tarde-Dolores-Corte\u0301s-1024x683.jpg 1024w, https:\/\/mostra.es\/wp-content\/uploads\/2022\/04\/Desfile-Tarde-Dolores-Corte\u0301s-768x512.jpg 768w\" sizes=\"(max-width: 1500px) 100vw, 1500px\" \/><\/figure>\n<\/figure>","protected":false},"excerpt":{"rendered":"<p>El jurado est\u00e1 formado por Modesto Lomba, Felipe Santamar\u00eda, Franco Quint\u00e1ns, Edith del Valle, Esteban Freir\u00eda, Amaya Fern\u00e1ndez, Jorge de \u00c1lvarez e In\u00e9s Fern\u00e1ndez. Al finalizar los desfiles tuvo lugar un encuentro entre grandes y nuevos dise\u00f1adores. El pandereta Xabier D\u00edaz marc\u00f3 el tono musical de los pasacalles antes del concierto que ofrecer\u00e1 a las 22.00 horas. En la plaza del mercado.<\/p>","protected":false},"author":1,"featured_media":3790,"comment_status":"open","ping_status":"closed","sticky":false,"template":"","format":"standard","meta":{"footnotes":""},"categories":[10],"tags":[168,166],"class_list":["post-3786","post","type-post","status-publish","format-standard","has-post-thumbnail","hentry","category-prensa","tag-concurso-de-noveis-desenadores","tag-xxxi-mostra-do-encaixe"],"_links":{"self":[{"href":"https:\/\/mostra.es\/es\/wp-json\/wp\/v2\/posts\/3786","targetHints":{"allow":["GET"]}}],"collection":[{"href":"https:\/\/mostra.es\/es\/wp-json\/wp\/v2\/posts"}],"about":[{"href":"https:\/\/mostra.es\/es\/wp-json\/wp\/v2\/types\/post"}],"author":[{"embeddable":true,"href":"https:\/\/mostra.es\/es\/wp-json\/wp\/v2\/users\/1"}],"replies":[{"embeddable":true,"href":"https:\/\/mostra.es\/es\/wp-json\/wp\/v2\/comments?post=3786"}],"version-history":[{"count":0,"href":"https:\/\/mostra.es\/es\/wp-json\/wp\/v2\/posts\/3786\/revisions"}],"wp:featuredmedia":[{"embeddable":true,"href":"https:\/\/mostra.es\/es\/wp-json\/wp\/v2\/media\/3790"}],"wp:attachment":[{"href":"https:\/\/mostra.es\/es\/wp-json\/wp\/v2\/media?parent=3786"}],"wp:term":[{"taxonomy":"category","embeddable":true,"href":"https:\/\/mostra.es\/es\/wp-json\/wp\/v2\/categories?post=3786"},{"taxonomy":"post_tag","embeddable":true,"href":"https:\/\/mostra.es\/es\/wp-json\/wp\/v2\/tags?post=3786"}],"curies":[{"name":"gracias","href":"https:\/\/api.w.org\/{rel}","templated":true}]}}