{"id":3739,"date":"2022-04-13T20:45:57","date_gmt":"2022-04-13T20:45:57","guid":{"rendered":"https:\/\/mostra.es\/?p=3739"},"modified":"2022-04-14T09:16:11","modified_gmt":"2022-04-14T09:16:11","slug":"identity-paradise-xxxi-muestra-el-encaje-de-camarinas","status":"publish","type":"post","link":"https:\/\/mostra.es\/es\/actualidade\/prensa\/identidad-paraiso-xxxi-mostra-encaixe-camarinas\/","title":{"rendered":"Recuperando la identidad en el para\u00edso de la XXXI Muestra de Encaje de Camari\u00f1as Diputaci\u00f3n de A Coru\u00f1a"},"content":{"rendered":"<p>Arranca la XXXI Muestra de Encaje de Camari\u00f1as de la Diputaci\u00f3n de A Coru\u00f1a, la edici\u00f3n que supone la vuelta a la normalidad y la recuperaci\u00f3n de la identidad perdida por la pandemia, celebr\u00e1ndose de nuevo este a\u00f1o en su fecha tradicional y con el formato habitual, sin restricciones.<\/p>\n\n\n\n<p>La alcaldesa de Camari\u00f1as, Sandra Insua, el presidente de la Diputaci\u00f3n de A Coru\u00f1a, Valent\u00edn Gonz\u00e1lez Formoso, la subdelegada del Gobierno, Mar\u00eda Rivas, y el delegado de la Xunta en A Coru\u00f1a, Gonzalo Trenor, fueron los encargados de cortar la cinta de encaje que marca simb\u00f3licamente el inicio de la Mostra.<\/p>\n\n\n\n<p>Sandra Insua se refiri\u00f3 a esta recuperaci\u00f3n de la identidad y destac\u00f3 que \u201cCamari\u00f1as vuelve a ser la capital de la moda en Semana Santa, como debe ser\u201d ya que \u201cpara cualquier camari\u00f1ense o camari\u00f1an\u00e9s la normalidad no existe si no hay Mostra en Semana Santa\u201d.<\/p>\n\n\n\n<figure class=\"wp-block-embed is-type-video is-provider-youtube wp-block-embed-youtube wp-embed-aspect-16-9 wp-has-aspect-ratio\"><div class=\"wp-block-embed__wrapper\">\n<iframe title=\"Inicios de la XXXI Muestra de Encaje de Camari\u00f1as\" width=\"800\" height=\"450\" src=\"https:\/\/www.youtube.com\/embed\/y4XQmVmjw0g?feature=oembed\" frameborder=\"0\" allow=\"accelerometer; autoplay; clipboard-write; encrypted-media; gyroscope; picture-in-picture\" allowfullscreen><\/iframe>\n<\/div><\/figure>\n\n\n\n<p>En su intervenci\u00f3n, la alcaldesa tambi\u00e9n quiso destacar el regreso de las delegaciones internacionales porque \u201cuna Mostra sin vosotros es menos Mostra\u201d y aprovech\u00f3 para \u201clanzar desde Camari\u00f1as un mensaje de unidad entre los pueblos, un mensaje de diplomacia, de que todos somos iguales y de que las fronteras no nos pueden separar sino que deben servir para unirnos, para colaborar y para intercambiar conocimiento y cultura\u201d.<\/p>\n\n\n\n<p>En ese sentido, expres\u00f3 su solidaridad con el pueblo ucraniano y su firme condena a la guerra, y record\u00f3 que a nuestro municipio llegaron las primeras familias ucranianas. Personas que dejan atr\u00e1s toda una vida de un d\u00eda para otro por los caprichos de unos pocos. &quot;Es inaceptable. Espero que algunas de estas familias que se est\u00e1n asentando en Camari\u00f1as vengan a la Mostra estos d\u00edas y, por un momento, puedan olvidar todo lo malo que le est\u00e1n haciendo a su pa\u00eds. Son m\u00e1s que bienvenidos. Seguro que encajar\u00e1n en el para\u00edso&quot;, afirm\u00f3, refiri\u00e9ndose al lema de esta trig\u00e9sima primera edici\u00f3n de la Mostra.<\/p>\n\n\n\n<p>Por su parte, Valent\u00edn Gonz\u00e1lez Formoso, destac\u00f3 que \u201cdesde la Diputaci\u00f3n llevamos tres d\u00e9cadas colaborando para que esta Muestra del Encaje sea un referente a nivel nacional e internacional durante la Semana Santa\u201d y explic\u00f3 que \u201clo hacemos porque creemos que apoyar nuestra artesan\u00eda y nuestro patrimonio material e inmaterial es fundamental para mantener nuestra identidad\u201d.<\/p>\n\n\n\n<figure class=\"wp-block-embed is-type-video is-provider-youtube wp-block-embed-youtube wp-embed-aspect-16-9 wp-has-aspect-ratio\"><div class=\"wp-block-embed__wrapper\">\n<iframe title=\"Inauguraci\u00f3n de la XXXI Muestra de Encaje de Camari\u00f1as\" width=\"800\" height=\"450\" src=\"https:\/\/www.youtube.com\/embed\/IYlEHZCdh2s?feature=oembed\" frameborder=\"0\" allow=\"accelerometer; autoplay; clipboard-write; encrypted-media; gyroscope; picture-in-picture\" allowfullscreen><\/iframe>\n<\/div><\/figure>\n\n\n\n<p>\u201cPorque tanto dentro como fuera de nuestras fronteras, decir encaje es decir Camari\u00f1as. Y esto es fruto del trabajo de generaciones de encajeras que han sabido mantener viva la llama de la tradici\u00f3n en sus familias\u201d, afirm\u00f3, a\u00f1adiendo que \u201cla Feria del Encaje tambi\u00e9n es turismo, y en Camari\u00f1as tienen muchas cosas hermosas que mostrar a los miles de visitantes que pasar\u00e1n por aqu\u00ed durante cinco d\u00edas\u201d. \u201cLes puedo decir que si bien no es el para\u00edso, se le parece mucho\u201d, recalc\u00f3.<\/p>\n\n\n\n<p>Mar\u00eda Rivas calific\u00f3 la Mostra como \u201cel evento de encaje m\u00e1s importante del mundo\u201d y destac\u00f3 a las \u201cmujeres de Camari\u00f1as, sois un ejemplo de entrega y todas merec\u00e9is nuestro reconocimiento\u201d. \u201cS\u00e9 que llev\u00e1is muchos a\u00f1os trabajando en esta Exposici\u00f3n para convertir la tradici\u00f3n de este pueblo en arte\u201d, afirm\u00f3.<\/p>\n\n\n\n<p>Por \u00faltimo, Gonzalo Trenor destac\u00f3 que \u201ctres de cada cinco encajeras gallegas residen en Camari\u00f1as\u201d y se refiri\u00f3 a la internacionalidad del encaje ya que \u201cse puede encontrar encaje de Camari\u00f1as en cualquier parte del mundo\u201d. \u201cEl encaje es la excusa que atrae al visitante a descubrir que Camari\u00f1as es mucho m\u00e1s que encaje, pero sin encaje no ser\u00eda Camari\u00f1as\u201d, concluy\u00f3.<\/p>\n\n\n\n<p>Tras la pertinente visita a los diferentes puestos y stands ubicados en los dos pabellones municipales preparados para la ocasi\u00f3n, las autoridades presentes presenciar\u00e1n el desfile de la &#039;Pequencaixe&#039; y, finalmente, asistir\u00e1n a la pasarela inaugural de la Mostra, en la que las firmas participantes mostrar\u00e1n por primera vez las colecciones que han preparado para la Mostra con el encaje como protagonista.<\/p>\n\n\n\n<figure class=\"wp-block-gallery has-nested-images columns-default is-cropped wp-block-gallery-1 is-layout-flex wp-block-gallery-is-layout-flex\">\n<figure class=\"wp-block-image size-large\"><img fetchpriority=\"high\" decoding=\"async\" width=\"1500\" height=\"1000\" data-id=\"3747\" src=\"https:\/\/mostra.es\/wp-content\/uploads\/2022\/04\/xxxi-mostra-mercores-7.jpg\" alt=\"\" class=\"wp-image-3747\" title=\"\" srcset=\"https:\/\/mostra.es\/wp-content\/uploads\/2022\/04\/xxxi-mostra-mercores-7.jpg 1500w, https:\/\/mostra.es\/wp-content\/uploads\/2022\/04\/xxxi-mostra-mercores-7-300x200.jpg 300w, https:\/\/mostra.es\/wp-content\/uploads\/2022\/04\/xxxi-mostra-mercores-7-1024x683.jpg 1024w, https:\/\/mostra.es\/wp-content\/uploads\/2022\/04\/xxxi-mostra-mercores-7-768x512.jpg 768w\" sizes=\"(max-width: 1500px) 100vw, 1500px\" \/><\/figure>\n\n\n\n<figure class=\"wp-block-image size-large\"><img decoding=\"async\" width=\"1500\" height=\"1000\" data-id=\"3746\" src=\"https:\/\/mostra.es\/wp-content\/uploads\/2022\/04\/xxxi-mostra-mercores-6.jpg\" alt=\"\" class=\"wp-image-3746\" title=\"\" srcset=\"https:\/\/mostra.es\/wp-content\/uploads\/2022\/04\/xxxi-mostra-mercores-6.jpg 1500w, https:\/\/mostra.es\/wp-content\/uploads\/2022\/04\/xxxi-mostra-mercores-6-300x200.jpg 300w, https:\/\/mostra.es\/wp-content\/uploads\/2022\/04\/xxxi-mostra-mercores-6-1024x683.jpg 1024w, https:\/\/mostra.es\/wp-content\/uploads\/2022\/04\/xxxi-mostra-mercores-6-768x512.jpg 768w\" sizes=\"(max-width: 1500px) 100vw, 1500px\" \/><\/figure>\n\n\n\n<figure class=\"wp-block-image size-large\"><img decoding=\"async\" width=\"1500\" height=\"1000\" data-id=\"3745\" src=\"https:\/\/mostra.es\/wp-content\/uploads\/2022\/04\/xxxi-mostra-mercores-5.jpg\" alt=\"\" class=\"wp-image-3745\" title=\"\" srcset=\"https:\/\/mostra.es\/wp-content\/uploads\/2022\/04\/xxxi-mostra-mercores-5.jpg 1500w, https:\/\/mostra.es\/wp-content\/uploads\/2022\/04\/xxxi-mostra-mercores-5-300x200.jpg 300w, https:\/\/mostra.es\/wp-content\/uploads\/2022\/04\/xxxi-mostra-mercores-5-1024x683.jpg 1024w, https:\/\/mostra.es\/wp-content\/uploads\/2022\/04\/xxxi-mostra-mercores-5-768x512.jpg 768w\" sizes=\"(max-width: 1500px) 100vw, 1500px\" \/><\/figure>\n\n\n\n<figure class=\"wp-block-image size-large\"><img loading=\"lazy\" decoding=\"async\" width=\"1500\" height=\"1000\" data-id=\"3744\" src=\"https:\/\/mostra.es\/wp-content\/uploads\/2022\/04\/xxxi-mostra-mercores-4.jpg\" alt=\"\" class=\"wp-image-3744\" title=\"\" srcset=\"https:\/\/mostra.es\/wp-content\/uploads\/2022\/04\/xxxi-mostra-mercores-4.jpg 1500w, https:\/\/mostra.es\/wp-content\/uploads\/2022\/04\/xxxi-mostra-mercores-4-300x200.jpg 300w, https:\/\/mostra.es\/wp-content\/uploads\/2022\/04\/xxxi-mostra-mercores-4-1024x683.jpg 1024w, https:\/\/mostra.es\/wp-content\/uploads\/2022\/04\/xxxi-mostra-mercores-4-768x512.jpg 768w\" sizes=\"(max-width: 1500px) 100vw, 1500px\" \/><\/figure>\n\n\n\n<figure class=\"wp-block-image size-large\"><img loading=\"lazy\" decoding=\"async\" width=\"1500\" height=\"1000\" data-id=\"3743\" src=\"https:\/\/mostra.es\/wp-content\/uploads\/2022\/04\/xxxi-mostra-mercores-3.jpg\" alt=\"\" class=\"wp-image-3743\" title=\"\" srcset=\"https:\/\/mostra.es\/wp-content\/uploads\/2022\/04\/xxxi-mostra-mercores-3.jpg 1500w, https:\/\/mostra.es\/wp-content\/uploads\/2022\/04\/xxxi-mostra-mercores-3-300x200.jpg 300w, https:\/\/mostra.es\/wp-content\/uploads\/2022\/04\/xxxi-mostra-mercores-3-1024x683.jpg 1024w, https:\/\/mostra.es\/wp-content\/uploads\/2022\/04\/xxxi-mostra-mercores-3-768x512.jpg 768w\" sizes=\"(max-width: 1500px) 100vw, 1500px\" \/><\/figure>\n\n\n\n<figure class=\"wp-block-image size-large\"><img loading=\"lazy\" decoding=\"async\" width=\"1500\" height=\"965\" data-id=\"3742\" src=\"https:\/\/mostra.es\/wp-content\/uploads\/2022\/04\/xxxi-mostra-mercores-2.jpg\" alt=\"\" class=\"wp-image-3742\" title=\"\" srcset=\"https:\/\/mostra.es\/wp-content\/uploads\/2022\/04\/xxxi-mostra-mercores-2.jpg 1500w, https:\/\/mostra.es\/wp-content\/uploads\/2022\/04\/xxxi-mostra-mercores-2-300x193.jpg 300w, https:\/\/mostra.es\/wp-content\/uploads\/2022\/04\/xxxi-mostra-mercores-2-1024x659.jpg 1024w, https:\/\/mostra.es\/wp-content\/uploads\/2022\/04\/xxxi-mostra-mercores-2-768x494.jpg 768w\" sizes=\"(max-width: 1500px) 100vw, 1500px\" \/><\/figure>\n\n\n\n<figure class=\"wp-block-image size-large\"><img loading=\"lazy\" decoding=\"async\" width=\"1500\" height=\"1000\" data-id=\"3741\" src=\"https:\/\/mostra.es\/wp-content\/uploads\/2022\/04\/xxxi-mostra-mercores-1.jpg\" alt=\"\" class=\"wp-image-3741\" title=\"\" srcset=\"https:\/\/mostra.es\/wp-content\/uploads\/2022\/04\/xxxi-mostra-mercores-1.jpg 1500w, https:\/\/mostra.es\/wp-content\/uploads\/2022\/04\/xxxi-mostra-mercores-1-300x200.jpg 300w, https:\/\/mostra.es\/wp-content\/uploads\/2022\/04\/xxxi-mostra-mercores-1-1024x683.jpg 1024w, https:\/\/mostra.es\/wp-content\/uploads\/2022\/04\/xxxi-mostra-mercores-1-768x512.jpg 768w\" sizes=\"(max-width: 1500px) 100vw, 1500px\" \/><\/figure>\n<\/figure>","protected":false},"excerpt":{"rendered":"<p>Hoy tuvo lugar la inauguraci\u00f3n oficial del evento, que vuelve a su fecha y formato tradicionales tras la pandemia. El alcalde de Camari\u00f1as, el presidente de la Diputaci\u00f3n, el subdelegado del Gobierno y el delegado de la Xunta cortaron la cinta. Sandra Insua destac\u00f3 que \u201cCamari\u00f1as vuelve a ser la capital de la moda en Semana Santa\u201d y se refiri\u00f3 al regreso de las delegaciones internacionales para enviar un mensaje \u201cde unidad entre los pueblos, de diplomacia, de que todos somos iguales\u201d.<\/p>","protected":false},"author":1,"featured_media":3748,"comment_status":"open","ping_status":"closed","sticky":false,"template":"","format":"standard","meta":{"footnotes":""},"categories":[10],"tags":[220,166],"class_list":["post-3739","post","type-post","status-publish","format-standard","has-post-thumbnail","hentry","category-prensa","tag-inauguracion","tag-xxxi-mostra-do-encaixe"],"_links":{"self":[{"href":"https:\/\/mostra.es\/es\/wp-json\/wp\/v2\/posts\/3739","targetHints":{"allow":["GET"]}}],"collection":[{"href":"https:\/\/mostra.es\/es\/wp-json\/wp\/v2\/posts"}],"about":[{"href":"https:\/\/mostra.es\/es\/wp-json\/wp\/v2\/types\/post"}],"author":[{"embeddable":true,"href":"https:\/\/mostra.es\/es\/wp-json\/wp\/v2\/users\/1"}],"replies":[{"embeddable":true,"href":"https:\/\/mostra.es\/es\/wp-json\/wp\/v2\/comments?post=3739"}],"version-history":[{"count":0,"href":"https:\/\/mostra.es\/es\/wp-json\/wp\/v2\/posts\/3739\/revisions"}],"wp:featuredmedia":[{"embeddable":true,"href":"https:\/\/mostra.es\/es\/wp-json\/wp\/v2\/media\/3748"}],"wp:attachment":[{"href":"https:\/\/mostra.es\/es\/wp-json\/wp\/v2\/media?parent=3739"}],"wp:term":[{"taxonomy":"category","embeddable":true,"href":"https:\/\/mostra.es\/es\/wp-json\/wp\/v2\/categories?post=3739"},{"taxonomy":"post_tag","embeddable":true,"href":"https:\/\/mostra.es\/es\/wp-json\/wp\/v2\/tags?post=3739"}],"curies":[{"name":"gracias","href":"https:\/\/api.w.org\/{rel}","templated":true}]}}