{"id":3596,"date":"2022-04-07T12:18:26","date_gmt":"2022-04-07T12:18:26","guid":{"rendered":"https:\/\/mostra.es\/?p=3596"},"modified":"2022-04-07T12:20:44","modified_gmt":"2022-04-07T12:20:44","slug":"jorge-de-alvarez-paso-noveis-grandes-disenadores-xxxi-muestra-encaje","status":"publish","type":"post","link":"https:\/\/mostra.es\/es\/actualidade\/prensa\/jorge-de-alvarez-paso-noveis-grandes-desenadores-xxxi-mostra-encaixe\/","title":{"rendered":"Jorge de \u00c1lvarez, la transici\u00f3n de Novicios a Grandes Dise\u00f1adores cristaliza en la XXXI Muestra de Encaje de Camari\u00f1as"},"content":{"rendered":"<p>El dise\u00f1ador de Viana do Bolo, Jorge de \u00c1lvarez, subir\u00e1 al escenario de la XXXI Muestra de Encaje de Camari\u00f1as, Diputaci\u00f3n de A Coru\u00f1a, en el desfile de Grandes Dise\u00f1adores tras ser el ganador del concurso Nuevos Dise\u00f1adores en 2018.<\/p>\n\n\n\n<p>\u201cQuiero que los novatos vean que un chico como yo, que estuvo de su lado en la competici\u00f3n, ahora puede estar con las grandes firmas y eso es muy importante porque los objetivos se pueden conseguir con trabajo y sacrificio\u201d, explica el dise\u00f1ador.<\/p>\n\n\n\n<h3 class=\"wp-block-heading\">Colecci\u00f3n de regal\u00edas ganadora en el Show 2028<\/h3>\n\n\n\n<figure class=\"wp-block-gallery has-nested-images columns-default is-cropped wp-block-gallery-1 is-layout-flex wp-block-gallery-is-layout-flex\">\n<figure class=\"wp-block-image size-large\"><img fetchpriority=\"high\" decoding=\"async\" width=\"800\" height=\"1200\" data-id=\"3598\" src=\"https:\/\/mostra.es\/wp-content\/uploads\/2022\/04\/jorge-de-alvarez-royalty-mostra-1.jpeg\" alt=\"\" class=\"wp-image-3598\" title=\"\" srcset=\"https:\/\/mostra.es\/wp-content\/uploads\/2022\/04\/jorge-de-alvarez-royalty-mostra-1.jpeg 800w, https:\/\/mostra.es\/wp-content\/uploads\/2022\/04\/jorge-de-alvarez-royalty-mostra-1-200x300.jpeg 200w, https:\/\/mostra.es\/wp-content\/uploads\/2022\/04\/jorge-de-alvarez-royalty-mostra-1-683x1024.jpeg 683w, https:\/\/mostra.es\/wp-content\/uploads\/2022\/04\/jorge-de-alvarez-royalty-mostra-1-768x1152.jpeg 768w\" sizes=\"(max-width: 800px) 100vw, 800px\" \/><\/figure>\n\n\n\n<figure class=\"wp-block-image size-large\"><img decoding=\"async\" width=\"1200\" height=\"800\" data-id=\"3599\" src=\"https:\/\/mostra.es\/wp-content\/uploads\/2022\/04\/jorge-de-alvarez-royalty-mostra-2.jpeg\" alt=\"\" class=\"wp-image-3599\" title=\"\" srcset=\"https:\/\/mostra.es\/wp-content\/uploads\/2022\/04\/jorge-de-alvarez-royalty-mostra-2.jpeg 1200w, https:\/\/mostra.es\/wp-content\/uploads\/2022\/04\/jorge-de-alvarez-royalty-mostra-2-300x200.jpeg 300w, https:\/\/mostra.es\/wp-content\/uploads\/2022\/04\/jorge-de-alvarez-royalty-mostra-2-1024x683.jpeg 1024w, https:\/\/mostra.es\/wp-content\/uploads\/2022\/04\/jorge-de-alvarez-royalty-mostra-2-768x512.jpeg 768w\" sizes=\"(max-width: 1200px) 100vw, 1200px\" \/><\/figure>\n\n\n\n<figure class=\"wp-block-image size-large\"><img decoding=\"async\" width=\"800\" height=\"1200\" data-id=\"3600\" src=\"https:\/\/mostra.es\/wp-content\/uploads\/2022\/04\/jorge-de-alvarez-royalty-mostra-4.jpeg\" alt=\"\" class=\"wp-image-3600\" title=\"\" srcset=\"https:\/\/mostra.es\/wp-content\/uploads\/2022\/04\/jorge-de-alvarez-royalty-mostra-4.jpeg 800w, https:\/\/mostra.es\/wp-content\/uploads\/2022\/04\/jorge-de-alvarez-royalty-mostra-4-200x300.jpeg 200w, https:\/\/mostra.es\/wp-content\/uploads\/2022\/04\/jorge-de-alvarez-royalty-mostra-4-683x1024.jpeg 683w, https:\/\/mostra.es\/wp-content\/uploads\/2022\/04\/jorge-de-alvarez-royalty-mostra-4-768x1152.jpeg 768w\" sizes=\"(max-width: 800px) 100vw, 800px\" \/><\/figure>\n\n\n\n<figure class=\"wp-block-image size-large\"><img loading=\"lazy\" decoding=\"async\" width=\"1200\" height=\"800\" data-id=\"3601\" src=\"https:\/\/mostra.es\/wp-content\/uploads\/2022\/04\/jorge-de-alvarez-royalty-mostra-5.jpeg\" alt=\"\" class=\"wp-image-3601\" title=\"\" srcset=\"https:\/\/mostra.es\/wp-content\/uploads\/2022\/04\/jorge-de-alvarez-royalty-mostra-5.jpeg 1200w, https:\/\/mostra.es\/wp-content\/uploads\/2022\/04\/jorge-de-alvarez-royalty-mostra-5-300x200.jpeg 300w, https:\/\/mostra.es\/wp-content\/uploads\/2022\/04\/jorge-de-alvarez-royalty-mostra-5-1024x683.jpeg 1024w, https:\/\/mostra.es\/wp-content\/uploads\/2022\/04\/jorge-de-alvarez-royalty-mostra-5-768x512.jpeg 768w\" sizes=\"(max-width: 1200px) 100vw, 1200px\" \/><\/figure>\n\n\n\n<figure class=\"wp-block-image size-large\"><img loading=\"lazy\" decoding=\"async\" width=\"1200\" height=\"800\" data-id=\"3602\" src=\"https:\/\/mostra.es\/wp-content\/uploads\/2022\/04\/jorge-de-alvarez-royalty-mostra-6.jpeg\" alt=\"\" class=\"wp-image-3602\" title=\"\" srcset=\"https:\/\/mostra.es\/wp-content\/uploads\/2022\/04\/jorge-de-alvarez-royalty-mostra-6.jpeg 1200w, https:\/\/mostra.es\/wp-content\/uploads\/2022\/04\/jorge-de-alvarez-royalty-mostra-6-300x200.jpeg 300w, https:\/\/mostra.es\/wp-content\/uploads\/2022\/04\/jorge-de-alvarez-royalty-mostra-6-1024x683.jpeg 1024w, https:\/\/mostra.es\/wp-content\/uploads\/2022\/04\/jorge-de-alvarez-royalty-mostra-6-768x512.jpeg 768w\" sizes=\"(max-width: 1200px) 100vw, 1200px\" \/><\/figure>\n<\/figure>\n\n\n\n<p>Jorge de \u00c1lvarez, que ha vivido unos \u00faltimos meses muy ajetreados tras ser el encargado de vestir a las Tanxugueiras para su actuaci\u00f3n en el certamen que dio acceso a Eurovisi\u00f3n, se siente &quot;feliz porque en la Mostra cuentan conmigo para formar parte del jurado y poder presentar mi nueva colecci\u00f3n&quot;. \u201cEs un orgullo porque fue el lugar donde nac\u00ed, por as\u00ed decirlo\u201d, confiesa.<\/p>\n\n\n\n<p>La colecci\u00f3n que se llevar\u00e1 a la Mostra trata &quot;sobre las guerras personales que sufre la mayor\u00eda de la gente y que no se ven pero est\u00e1n ah\u00ed, los trajes est\u00e1n inspirados en ropa militar de diferentes \u00e9pocas&quot;. Aclara que \u201cesto se hace desde noviembre, no tiene nada que ver con el horrible conflicto b\u00e9lico que se vive en Ucrania\u201d.<\/p>\n\n\n\n<figure class=\"wp-block-gallery has-nested-images columns-default is-cropped wp-block-gallery-2 is-layout-flex wp-block-gallery-is-layout-flex\">\n<figure class=\"wp-block-image size-large\"><img loading=\"lazy\" decoding=\"async\" width=\"683\" height=\"1024\" data-id=\"3603\" src=\"https:\/\/mostra.es\/wp-content\/uploads\/2022\/04\/jorge-de-alvarez-2022-2-683x1024.jpg\" alt=\"\" class=\"wp-image-3603\" title=\"\" srcset=\"https:\/\/mostra.es\/wp-content\/uploads\/2022\/04\/jorge-de-alvarez-2022-2-683x1024.jpg 683w, https:\/\/mostra.es\/wp-content\/uploads\/2022\/04\/jorge-de-alvarez-2022-2-200x300.jpg 200w, https:\/\/mostra.es\/wp-content\/uploads\/2022\/04\/jorge-de-alvarez-2022-2-768x1152.jpg 768w, https:\/\/mostra.es\/wp-content\/uploads\/2022\/04\/jorge-de-alvarez-2022-2.jpg 800w\" sizes=\"(max-width: 683px) 100vw, 683px\" \/><\/figure>\n\n\n\n<figure class=\"wp-block-image size-large\"><img loading=\"lazy\" decoding=\"async\" width=\"683\" height=\"1024\" data-id=\"3604\" src=\"https:\/\/mostra.es\/wp-content\/uploads\/2022\/04\/jorge-de-alvarez-2022-1-683x1024.jpg\" alt=\"\" class=\"wp-image-3604\" title=\"\" srcset=\"https:\/\/mostra.es\/wp-content\/uploads\/2022\/04\/jorge-de-alvarez-2022-1-683x1024.jpg 683w, https:\/\/mostra.es\/wp-content\/uploads\/2022\/04\/jorge-de-alvarez-2022-1-200x300.jpg 200w, https:\/\/mostra.es\/wp-content\/uploads\/2022\/04\/jorge-de-alvarez-2022-1-768x1152.jpg 768w, https:\/\/mostra.es\/wp-content\/uploads\/2022\/04\/jorge-de-alvarez-2022-1.jpg 800w\" sizes=\"(max-width: 683px) 100vw, 683px\" \/><\/figure>\n<\/figure>","protected":false},"excerpt":{"rendered":"<p>Ser\u00e1 la primera participaci\u00f3n del dise\u00f1ador en el desfile de grandes marcas tras ganar el concurso de Nuevos Dise\u00f1adores en 2018. El jugador de Viana, que acaba de jugar en el Tanxugueiras, quiere que \u00ablos novatos vean que las metas se pueden alcanzar con trabajo y sacrificio\u00bb.<\/p>","protected":false},"author":1,"featured_media":3597,"comment_status":"open","ping_status":"closed","sticky":false,"template":"","format":"standard","meta":{"footnotes":""},"categories":[10],"tags":[168,174,297,166],"class_list":["post-3596","post","type-post","status-publish","format-standard","has-post-thumbnail","hentry","category-prensa","tag-concurso-de-noveis-desenadores","tag-grandes-desenadores","tag-jorge-de-alvarez","tag-xxxi-mostra-do-encaixe"],"_links":{"self":[{"href":"https:\/\/mostra.es\/es\/wp-json\/wp\/v2\/posts\/3596","targetHints":{"allow":["GET"]}}],"collection":[{"href":"https:\/\/mostra.es\/es\/wp-json\/wp\/v2\/posts"}],"about":[{"href":"https:\/\/mostra.es\/es\/wp-json\/wp\/v2\/types\/post"}],"author":[{"embeddable":true,"href":"https:\/\/mostra.es\/es\/wp-json\/wp\/v2\/users\/1"}],"replies":[{"embeddable":true,"href":"https:\/\/mostra.es\/es\/wp-json\/wp\/v2\/comments?post=3596"}],"version-history":[{"count":0,"href":"https:\/\/mostra.es\/es\/wp-json\/wp\/v2\/posts\/3596\/revisions"}],"wp:featuredmedia":[{"embeddable":true,"href":"https:\/\/mostra.es\/es\/wp-json\/wp\/v2\/media\/3597"}],"wp:attachment":[{"href":"https:\/\/mostra.es\/es\/wp-json\/wp\/v2\/media?parent=3596"}],"wp:term":[{"taxonomy":"category","embeddable":true,"href":"https:\/\/mostra.es\/es\/wp-json\/wp\/v2\/categories?post=3596"},{"taxonomy":"post_tag","embeddable":true,"href":"https:\/\/mostra.es\/es\/wp-json\/wp\/v2\/tags?post=3596"}],"curies":[{"name":"gracias","href":"https:\/\/api.w.org\/{rel}","templated":true}]}}