{"id":3587,"date":"2022-04-06T17:49:40","date_gmt":"2022-04-06T17:49:40","guid":{"rendered":"https:\/\/mostra.es\/?p=3587"},"modified":"2022-04-06T17:50:16","modified_gmt":"2022-04-06T17:50:16","slug":"diseno-de-espacio-de-encaje-de-boda-boda-que-estrena-xxxi-muestra-encaje","status":"publish","type":"post","link":"https:\/\/mostra.es\/es\/actualidade\/blog\/vodaencaixe-espazo-desenar-casamento-que-se-estrea-xxxi-mostra-encaixe\/","title":{"rendered":"&#039;VodaEncaixe&#039;, un espacio para dise\u00f1ar tu boda que se estrena en la XXXI Muestra de Encaje de Camari\u00f1as"},"content":{"rendered":"<p>Una de las novedades de la XXXI Muestra de Encaje de Camari\u00f1as de la Diputaci\u00f3n de A Coru\u00f1a ser\u00e1 el estreno del espacio \u2018VodaEncaixe\u2019, una zona que se crear\u00e1 en el interior del pabell\u00f3n y donde las parejas que lo deseen podr\u00e1n dise\u00f1ar \u00edntegramente su boda sin salir del recinto.<\/p>\n\n\n\n<p>En este rinc\u00f3n, los asistentes podr\u00e1n encontrar, de la mano de empresas locales y del dise\u00f1ador Jose Matte\u00f4s, todo lo necesario para organizar una ceremonia de boda: vestidos de Matte\u00f4s Novias, veh\u00edculos de Alebura, Florister\u00eda Alecr\u00edn que aplica encaje a los ramos y detalles de boda, detalles de Agasalla Encaixe Agasalla Amor y cobertura fotogr\u00e1fica de la mano de <a href=\"https:\/\/diegoalonso.es\/\" target=\"_blank\" rel=\"noreferrer noopener\">Diego Alonso Fot\u00f3grafo de bodas en la Costa da Morte<\/a>.<\/p>\n\n\n\n<p>Adem\u00e1s, en la pared del stand de \u2018VodaEncaixe\u2019 estar\u00e1n los tocados de novia de las colecciones presentadas el a\u00f1o pasado en la pasarela \u2018ArtEncaixe\u2019 por las artesanas Charo L\u00f3pez Atelier, Janet Schulz, Ana Miguens y Viviana Ara\u00fajo.<\/p>\n\n\n\n<p>La concejala de la Mostra, Encarna Li\u00f1eiro, explica que \u201csirve como promoci\u00f3n del gran trabajo que realizan las empresas locales y adem\u00e1s supone un motivo m\u00e1s para acudir a la Mostra en Semana Santa para aquellas parejas que est\u00e9n pensando en su boda\u201d.<\/p>","protected":false},"excerpt":{"rendered":"<p>En este rinc\u00f3n, los asistentes podr\u00e1n encontrar, de la mano de empresas locales y del dise\u00f1ador Jos\u00e9 Matte\u00f4s, todo lo necesario para una boda. Adem\u00e1s de los vestidos de novia del dise\u00f1ador, estar\u00e1n Alebura (veh\u00edculos), Agasalla Encaixe Agasalla Amor (detalles), Diego Alonso Fotografo y Alecr\u00edn Florister\u00eda.<\/p>","protected":false},"author":1,"featured_media":3589,"comment_status":"open","ping_status":"closed","sticky":false,"template":"","format":"standard","meta":{"footnotes":""},"categories":[9],"tags":[295,166],"class_list":["post-3587","post","type-post","status-publish","format-standard","has-post-thumbnail","hentry","category-blog","tag-vodaencaixe","tag-xxxi-mostra-do-encaixe"],"_links":{"self":[{"href":"https:\/\/mostra.es\/es\/wp-json\/wp\/v2\/posts\/3587","targetHints":{"allow":["GET"]}}],"collection":[{"href":"https:\/\/mostra.es\/es\/wp-json\/wp\/v2\/posts"}],"about":[{"href":"https:\/\/mostra.es\/es\/wp-json\/wp\/v2\/types\/post"}],"author":[{"embeddable":true,"href":"https:\/\/mostra.es\/es\/wp-json\/wp\/v2\/users\/1"}],"replies":[{"embeddable":true,"href":"https:\/\/mostra.es\/es\/wp-json\/wp\/v2\/comments?post=3587"}],"version-history":[{"count":0,"href":"https:\/\/mostra.es\/es\/wp-json\/wp\/v2\/posts\/3587\/revisions"}],"wp:featuredmedia":[{"embeddable":true,"href":"https:\/\/mostra.es\/es\/wp-json\/wp\/v2\/media\/3589"}],"wp:attachment":[{"href":"https:\/\/mostra.es\/es\/wp-json\/wp\/v2\/media?parent=3587"}],"wp:term":[{"taxonomy":"category","embeddable":true,"href":"https:\/\/mostra.es\/es\/wp-json\/wp\/v2\/categories?post=3587"},{"taxonomy":"post_tag","embeddable":true,"href":"https:\/\/mostra.es\/es\/wp-json\/wp\/v2\/tags?post=3587"}],"curies":[{"name":"gracias","href":"https:\/\/api.w.org\/{rel}","templated":true}]}}