{"id":3493,"date":"2022-04-05T08:52:16","date_gmt":"2022-04-05T08:52:16","guid":{"rendered":"https:\/\/mostra.es\/?p=3493"},"modified":"2022-04-05T09:07:26","modified_gmt":"2022-04-05T09:07:26","slug":"esteban-freiria-regresa-a-casa-xxxi-show-de-encaje-camarinas","status":"publish","type":"post","link":"https:\/\/mostra.es\/es\/actualidade\/prensa\/esteban-freiria-vuelve-a-casa-xxxi-mostra-do-encaixe-camarinas\/","title":{"rendered":"Esteban Freir\u00eda \u201cvuelve a casa\u201d para participar en la XXXI Muestra de Encaje de Camari\u00f1as"},"content":{"rendered":"<p>El dise\u00f1ador gallego Esteban Freir\u00eda, nacido en Vigo pero afincado en Marbella donde reside desde hace m\u00e1s de dos d\u00e9cadas, participar\u00e1 en la XXXI Muestra de Encaje de Camari\u00f1as de la Diputaci\u00f3n de A Coru\u00f1a. \u201cLa Mostra es un regreso a casa, a mi propio lugar, a viejos amigos y algunos nuevos\u201d, enfatiza.<\/p>\n\n\n\n<p>Esta ser\u00e1 su octava participaci\u00f3n en la Mostra, una cita para la que s\u00f3lo tiene buenas palabras, al igual que para el encaje. \u201cEl encaje y yo tenemos una pelea, quiero que algo tan elegante y cl\u00e1sico tenga una nueva visi\u00f3n, le d\u00e9 un nuevo enfoque y siga conservando su identidad\u201d, explica, aunque confiesa que \u201ca veces es bastante dif\u00edcil\u201d.<\/p>\n\n\n\n<h3 class=\"wp-block-heading\">Desfile de Esteban Freir\u00eda en la XXX Feria del Encaje<\/h3>\n\n\n\n<figure class=\"wp-block-gallery has-nested-images columns-default is-cropped wp-block-gallery-1 is-layout-flex wp-block-gallery-is-layout-flex\">\n<figure class=\"wp-block-image size-large\"><img fetchpriority=\"high\" decoding=\"async\" width=\"800\" height=\"1200\" data-id=\"3500\" src=\"https:\/\/mostra.es\/wp-content\/uploads\/2022\/04\/desfile.esteban-freiria-xxx-mostra-encaixe-1.jpeg\" alt=\"\" class=\"wp-image-3500\" title=\"\" srcset=\"https:\/\/mostra.es\/wp-content\/uploads\/2022\/04\/desfile.esteban-freiria-xxx-mostra-encaixe-1.jpeg 800w, https:\/\/mostra.es\/wp-content\/uploads\/2022\/04\/desfile.esteban-freiria-xxx-mostra-encaixe-1-200x300.jpeg 200w, https:\/\/mostra.es\/wp-content\/uploads\/2022\/04\/desfile.esteban-freiria-xxx-mostra-encaixe-1-683x1024.jpeg 683w, https:\/\/mostra.es\/wp-content\/uploads\/2022\/04\/desfile.esteban-freiria-xxx-mostra-encaixe-1-768x1152.jpeg 768w\" sizes=\"(max-width: 800px) 100vw, 800px\" \/><\/figure>\n\n\n\n<figure class=\"wp-block-image size-large\"><img decoding=\"async\" width=\"800\" height=\"1200\" data-id=\"3501\" src=\"https:\/\/mostra.es\/wp-content\/uploads\/2022\/04\/desfile.esteban-freiria-xxx-mostra-encaixe-2.jpeg\" alt=\"\" class=\"wp-image-3501\" title=\"\" srcset=\"https:\/\/mostra.es\/wp-content\/uploads\/2022\/04\/desfile.esteban-freiria-xxx-mostra-encaixe-2.jpeg 800w, https:\/\/mostra.es\/wp-content\/uploads\/2022\/04\/desfile.esteban-freiria-xxx-mostra-encaixe-2-200x300.jpeg 200w, https:\/\/mostra.es\/wp-content\/uploads\/2022\/04\/desfile.esteban-freiria-xxx-mostra-encaixe-2-683x1024.jpeg 683w, https:\/\/mostra.es\/wp-content\/uploads\/2022\/04\/desfile.esteban-freiria-xxx-mostra-encaixe-2-768x1152.jpeg 768w\" sizes=\"(max-width: 800px) 100vw, 800px\" \/><\/figure>\n\n\n\n<figure class=\"wp-block-image size-large\"><img decoding=\"async\" width=\"800\" height=\"1200\" data-id=\"3502\" src=\"https:\/\/mostra.es\/wp-content\/uploads\/2022\/04\/desfile.esteban-freiria-xxx-mostra-encaixe-3.jpeg\" alt=\"\" class=\"wp-image-3502\" title=\"\" srcset=\"https:\/\/mostra.es\/wp-content\/uploads\/2022\/04\/desfile.esteban-freiria-xxx-mostra-encaixe-3.jpeg 800w, https:\/\/mostra.es\/wp-content\/uploads\/2022\/04\/desfile.esteban-freiria-xxx-mostra-encaixe-3-200x300.jpeg 200w, https:\/\/mostra.es\/wp-content\/uploads\/2022\/04\/desfile.esteban-freiria-xxx-mostra-encaixe-3-683x1024.jpeg 683w, https:\/\/mostra.es\/wp-content\/uploads\/2022\/04\/desfile.esteban-freiria-xxx-mostra-encaixe-3-768x1152.jpeg 768w\" sizes=\"(max-width: 800px) 100vw, 800px\" \/><\/figure>\n\n\n\n<figure class=\"wp-block-image size-large\"><img loading=\"lazy\" decoding=\"async\" width=\"800\" height=\"1200\" data-id=\"3503\" src=\"https:\/\/mostra.es\/wp-content\/uploads\/2022\/04\/desfile.esteban-freiria-xxx-mostra-encaixe-4.jpeg\" alt=\"\" class=\"wp-image-3503\" title=\"\" srcset=\"https:\/\/mostra.es\/wp-content\/uploads\/2022\/04\/desfile.esteban-freiria-xxx-mostra-encaixe-4.jpeg 800w, https:\/\/mostra.es\/wp-content\/uploads\/2022\/04\/desfile.esteban-freiria-xxx-mostra-encaixe-4-200x300.jpeg 200w, https:\/\/mostra.es\/wp-content\/uploads\/2022\/04\/desfile.esteban-freiria-xxx-mostra-encaixe-4-683x1024.jpeg 683w, https:\/\/mostra.es\/wp-content\/uploads\/2022\/04\/desfile.esteban-freiria-xxx-mostra-encaixe-4-768x1152.jpeg 768w\" sizes=\"(max-width: 800px) 100vw, 800px\" \/><\/figure>\n\n\n\n<figure class=\"wp-block-image size-large\"><img loading=\"lazy\" decoding=\"async\" width=\"800\" height=\"1200\" data-id=\"3504\" src=\"https:\/\/mostra.es\/wp-content\/uploads\/2022\/04\/desfile.esteban-freiria-xxx-mostra-encaixe-5.jpeg\" alt=\"\" class=\"wp-image-3504\" title=\"\" srcset=\"https:\/\/mostra.es\/wp-content\/uploads\/2022\/04\/desfile.esteban-freiria-xxx-mostra-encaixe-5.jpeg 800w, https:\/\/mostra.es\/wp-content\/uploads\/2022\/04\/desfile.esteban-freiria-xxx-mostra-encaixe-5-200x300.jpeg 200w, https:\/\/mostra.es\/wp-content\/uploads\/2022\/04\/desfile.esteban-freiria-xxx-mostra-encaixe-5-683x1024.jpeg 683w, https:\/\/mostra.es\/wp-content\/uploads\/2022\/04\/desfile.esteban-freiria-xxx-mostra-encaixe-5-768x1152.jpeg 768w\" sizes=\"(max-width: 800px) 100vw, 800px\" \/><\/figure>\n\n\n\n<figure class=\"wp-block-image size-large\"><img loading=\"lazy\" decoding=\"async\" width=\"800\" height=\"1200\" data-id=\"3505\" src=\"https:\/\/mostra.es\/wp-content\/uploads\/2022\/04\/desfile.esteban-freiria-xxx-mostra-encaixe-6.jpeg\" alt=\"\" class=\"wp-image-3505\" title=\"\" srcset=\"https:\/\/mostra.es\/wp-content\/uploads\/2022\/04\/desfile.esteban-freiria-xxx-mostra-encaixe-6.jpeg 800w, https:\/\/mostra.es\/wp-content\/uploads\/2022\/04\/desfile.esteban-freiria-xxx-mostra-encaixe-6-200x300.jpeg 200w, https:\/\/mostra.es\/wp-content\/uploads\/2022\/04\/desfile.esteban-freiria-xxx-mostra-encaixe-6-683x1024.jpeg 683w, https:\/\/mostra.es\/wp-content\/uploads\/2022\/04\/desfile.esteban-freiria-xxx-mostra-encaixe-6-768x1152.jpeg 768w\" sizes=\"(max-width: 800px) 100vw, 800px\" \/><\/figure>\n\n\n\n<figure class=\"wp-block-image size-large\"><img loading=\"lazy\" decoding=\"async\" width=\"1200\" height=\"800\" data-id=\"3506\" src=\"https:\/\/mostra.es\/wp-content\/uploads\/2022\/04\/desfile.esteban-freiria-xxx-mostra-encaixe-7.jpeg\" alt=\"\" class=\"wp-image-3506\" title=\"\" srcset=\"https:\/\/mostra.es\/wp-content\/uploads\/2022\/04\/desfile.esteban-freiria-xxx-mostra-encaixe-7.jpeg 1200w, https:\/\/mostra.es\/wp-content\/uploads\/2022\/04\/desfile.esteban-freiria-xxx-mostra-encaixe-7-300x200.jpeg 300w, https:\/\/mostra.es\/wp-content\/uploads\/2022\/04\/desfile.esteban-freiria-xxx-mostra-encaixe-7-1024x683.jpeg 1024w, https:\/\/mostra.es\/wp-content\/uploads\/2022\/04\/desfile.esteban-freiria-xxx-mostra-encaixe-7-768x512.jpeg 768w\" sizes=\"(max-width: 1200px) 100vw, 1200px\" \/><\/figure>\n\n\n\n<figure class=\"wp-block-image size-large\"><img loading=\"lazy\" decoding=\"async\" width=\"1200\" height=\"800\" data-id=\"3507\" src=\"https:\/\/mostra.es\/wp-content\/uploads\/2022\/04\/desfile.esteban-freiria-xxx-mostra-encaixe-8.jpeg\" alt=\"\" class=\"wp-image-3507\" title=\"\" srcset=\"https:\/\/mostra.es\/wp-content\/uploads\/2022\/04\/desfile.esteban-freiria-xxx-mostra-encaixe-8.jpeg 1200w, https:\/\/mostra.es\/wp-content\/uploads\/2022\/04\/desfile.esteban-freiria-xxx-mostra-encaixe-8-300x200.jpeg 300w, https:\/\/mostra.es\/wp-content\/uploads\/2022\/04\/desfile.esteban-freiria-xxx-mostra-encaixe-8-1024x683.jpeg 1024w, https:\/\/mostra.es\/wp-content\/uploads\/2022\/04\/desfile.esteban-freiria-xxx-mostra-encaixe-8-768x512.jpeg 768w\" sizes=\"(max-width: 1200px) 100vw, 1200px\" \/><\/figure>\n<\/figure>\n\n\n\n<p>En la XXXI Mostra do Encaixe presentar\u00e1 una colecci\u00f3n titulada &#039;Oleo y Arena&#039;, que define como &quot;inspirada en las pinturas de Picasso&quot; y avanza que &quot;tendr\u00e1 una puesta en escena muy parecida a la de Goya&quot;. \u201cVer\u00e9is encajes pintados al \u00f3leo, acuarela, pluma\u2026 y m\u00e1s t\u00e9cnicas utilizadas por Picasso, adem\u00e1s de juegos de volumen y color\u201d, confiesa.<\/p>\n\n\n\n<p>Esteban Freir\u00eda anima a acudir a la Mostra en Semana Santa y aprovechar para conocer Camari\u00f1as ya que \u201csolo por la ubicaci\u00f3n merece la pena\u201d. Respecto al evento de los palillos, destaca que \u201cel p\u00fablico es fiel, los desfiles son muy amenos y no resulta pesado para el visitante\u201d.<\/p>\n\n\n\n<h3 class=\"wp-block-heading\">Colecci\u00f3n \u201c\u00d3leo y Arena\u201d de Esteban Freir\u00eda<\/h3>\n\n\n\n<figure class=\"wp-block-gallery has-nested-images columns-default is-cropped wp-block-gallery-2 is-layout-flex wp-block-gallery-is-layout-flex\">\n<figure class=\"wp-block-image size-large\"><img loading=\"lazy\" decoding=\"async\" width=\"1080\" height=\"1080\" data-id=\"3494\" src=\"https:\/\/mostra.es\/wp-content\/uploads\/2022\/04\/esteban-freiria-mostra-2022-1.jpeg\" alt=\"\" class=\"wp-image-3494\" title=\"\" srcset=\"https:\/\/mostra.es\/wp-content\/uploads\/2022\/04\/esteban-freiria-mostra-2022-1.jpeg 1080w, https:\/\/mostra.es\/wp-content\/uploads\/2022\/04\/esteban-freiria-mostra-2022-1-300x300.jpeg 300w, https:\/\/mostra.es\/wp-content\/uploads\/2022\/04\/esteban-freiria-mostra-2022-1-1024x1024.jpeg 1024w, https:\/\/mostra.es\/wp-content\/uploads\/2022\/04\/esteban-freiria-mostra-2022-1-150x150.jpeg 150w, https:\/\/mostra.es\/wp-content\/uploads\/2022\/04\/esteban-freiria-mostra-2022-1-768x768.jpeg 768w\" sizes=\"(max-width: 1080px) 100vw, 1080px\" \/><\/figure>\n\n\n\n<figure class=\"wp-block-image size-large\"><img loading=\"lazy\" decoding=\"async\" width=\"1080\" height=\"1080\" data-id=\"3495\" src=\"https:\/\/mostra.es\/wp-content\/uploads\/2022\/04\/esteban-freiria-mostra-2022-2.jpeg\" alt=\"\" class=\"wp-image-3495\" title=\"\" srcset=\"https:\/\/mostra.es\/wp-content\/uploads\/2022\/04\/esteban-freiria-mostra-2022-2.jpeg 1080w, https:\/\/mostra.es\/wp-content\/uploads\/2022\/04\/esteban-freiria-mostra-2022-2-300x300.jpeg 300w, https:\/\/mostra.es\/wp-content\/uploads\/2022\/04\/esteban-freiria-mostra-2022-2-1024x1024.jpeg 1024w, https:\/\/mostra.es\/wp-content\/uploads\/2022\/04\/esteban-freiria-mostra-2022-2-150x150.jpeg 150w, https:\/\/mostra.es\/wp-content\/uploads\/2022\/04\/esteban-freiria-mostra-2022-2-768x768.jpeg 768w\" sizes=\"(max-width: 1080px) 100vw, 1080px\" \/><\/figure>\n\n\n\n<figure class=\"wp-block-image size-large\"><img loading=\"lazy\" decoding=\"async\" width=\"1808\" height=\"2048\" data-id=\"3496\" src=\"https:\/\/mostra.es\/wp-content\/uploads\/2022\/04\/esteban-freiria-mostra-2022-3.jpeg\" alt=\"\" class=\"wp-image-3496\" title=\"\" srcset=\"https:\/\/mostra.es\/wp-content\/uploads\/2022\/04\/esteban-freiria-mostra-2022-3.jpeg 1808w, https:\/\/mostra.es\/wp-content\/uploads\/2022\/04\/esteban-freiria-mostra-2022-3-265x300.jpeg 265w, https:\/\/mostra.es\/wp-content\/uploads\/2022\/04\/esteban-freiria-mostra-2022-3-904x1024.jpeg 904w, https:\/\/mostra.es\/wp-content\/uploads\/2022\/04\/esteban-freiria-mostra-2022-3-768x870.jpeg 768w, https:\/\/mostra.es\/wp-content\/uploads\/2022\/04\/esteban-freiria-mostra-2022-3-1356x1536.jpeg 1356w\" sizes=\"(max-width: 1808px) 100vw, 1808px\" \/><\/figure>\n\n\n\n<figure class=\"wp-block-image size-large\"><img loading=\"lazy\" decoding=\"async\" width=\"1050\" height=\"1080\" data-id=\"3497\" src=\"https:\/\/mostra.es\/wp-content\/uploads\/2022\/04\/esteban-freiria-mostra-2022-4.jpeg\" alt=\"\" class=\"wp-image-3497\" title=\"\" srcset=\"https:\/\/mostra.es\/wp-content\/uploads\/2022\/04\/esteban-freiria-mostra-2022-4.jpeg 1050w, https:\/\/mostra.es\/wp-content\/uploads\/2022\/04\/esteban-freiria-mostra-2022-4-292x300.jpeg 292w, https:\/\/mostra.es\/wp-content\/uploads\/2022\/04\/esteban-freiria-mostra-2022-4-996x1024.jpeg 996w, https:\/\/mostra.es\/wp-content\/uploads\/2022\/04\/esteban-freiria-mostra-2022-4-768x790.jpeg 768w\" sizes=\"(max-width: 1050px) 100vw, 1050px\" \/><\/figure>\n<\/figure>\n\n\n\n<h3 class=\"wp-block-heading\">Entrevista a Esteban Freir\u00eda en la XXX Mostra<\/h3>\n\n\n\n<figure class=\"wp-block-embed is-type-video is-provider-youtube wp-block-embed-youtube wp-embed-aspect-16-9 wp-has-aspect-ratio\"><div class=\"wp-block-embed__wrapper\">\nhttps:\/\/www.youtube.com\/watch?v=38ERym_FYvk\n<\/div><\/figure>","protected":false},"excerpt":{"rendered":"<p>La dise\u00f1adora gallega, afincada en Marbella, volver\u00e1 a la Mostra por octavo a\u00f1o consecutivo. A\u00f1adi\u00f3 que su colecci\u00f3n, &#039;\u00d3leo y Arena&#039;, &quot;estar\u00e1 inspirada en los cuadros de Picasso y tendr\u00e1 una puesta en escena muy parecida a la de Goya&quot;.<\/p>","protected":false},"author":1,"featured_media":3498,"comment_status":"open","ping_status":"closed","sticky":false,"template":"","format":"standard","meta":{"footnotes":""},"categories":[10],"tags":[104,174,237,166],"class_list":["post-3493","post","type-post","status-publish","format-standard","has-post-thumbnail","hentry","category-prensa","tag-esteban-freiria","tag-grandes-desenadores","tag-pasarela-da-mostra","tag-xxxi-mostra-do-encaixe"],"_links":{"self":[{"href":"https:\/\/mostra.es\/es\/wp-json\/wp\/v2\/posts\/3493","targetHints":{"allow":["GET"]}}],"collection":[{"href":"https:\/\/mostra.es\/es\/wp-json\/wp\/v2\/posts"}],"about":[{"href":"https:\/\/mostra.es\/es\/wp-json\/wp\/v2\/types\/post"}],"author":[{"embeddable":true,"href":"https:\/\/mostra.es\/es\/wp-json\/wp\/v2\/users\/1"}],"replies":[{"embeddable":true,"href":"https:\/\/mostra.es\/es\/wp-json\/wp\/v2\/comments?post=3493"}],"version-history":[{"count":0,"href":"https:\/\/mostra.es\/es\/wp-json\/wp\/v2\/posts\/3493\/revisions"}],"wp:featuredmedia":[{"embeddable":true,"href":"https:\/\/mostra.es\/es\/wp-json\/wp\/v2\/media\/3498"}],"wp:attachment":[{"href":"https:\/\/mostra.es\/es\/wp-json\/wp\/v2\/media?parent=3493"}],"wp:term":[{"taxonomy":"category","embeddable":true,"href":"https:\/\/mostra.es\/es\/wp-json\/wp\/v2\/categories?post=3493"},{"taxonomy":"post_tag","embeddable":true,"href":"https:\/\/mostra.es\/es\/wp-json\/wp\/v2\/tags?post=3493"}],"curies":[{"name":"gracias","href":"https:\/\/api.w.org\/{rel}","templated":true}]}}