{"id":3095,"date":"2022-01-20T20:17:13","date_gmt":"2022-01-20T20:17:13","guid":{"rendered":"https:\/\/mostra.es\/?p=3095"},"modified":"2022-01-20T20:27:08","modified_gmt":"2022-01-20T20:27:08","slug":"y-tu-encajas-en-el-paraiso-llama-show-fit-probadores","status":"publish","type":"post","link":"https:\/\/mostra.es\/es\/actualidade\/prensa\/e-ti-encaixas-no-paraiso-chamamento-mostra-encaixe-camarinas\/","title":{"rendered":"&#039;Y t\u00fa, \u00bfencajas en el para\u00edso?&#039;, el llamamiento del Festival para promocionar Camari\u00f1as m\u00e1s all\u00e1 de la artesan\u00eda"},"content":{"rendered":"<p>La Feria Internacional de Turismo (FITUR) que se celebra estos d\u00edas en IFEMA (Madrid) vuelve a ser el lugar elegido por el Ayuntamiento de Camari\u00f1as para presentar la XXXI edici\u00f3n de la Feria Camari\u00f1as Fit de la Diputaci\u00f3n Provincial de A Coru\u00f1a, que se celebrar\u00e1 del 13 al 17 de abril y que con la pregunta &#039;\u00bfY t\u00fa, encajas en el para\u00edso?&#039; hace un llamamiento a dar a conocer Camari\u00f1as por su riqueza y patrimonio m\u00e1s all\u00e1 de la artesan\u00eda.<\/p>\n\n\n\n<p>La edici\u00f3n en la que se recuperar\u00e1n las tradicionales fechas de Semana, tras el par\u00f3n de la trig\u00e9sima Mostra que tuvo que celebrarse en octubre debido a la pandemia, hace una clara apuesta por unir la antigua tradici\u00f3n del encaje que hoy est\u00e1 en primera l\u00ednea de la moda con la naturaleza, bella e imponente, que se puede disfrutar en Camari\u00f1as.<\/p>\n\n\n\n<p>En la presentaci\u00f3n, celebrada en el stand de Tourespa\u00f1a, se mostr\u00f3 por primera vez el v\u00eddeo promocional, en el que se realiza un recorrido desde la Virxe do Monte hasta la duna rampante de Monte Branco, imagen del cartel. All\u00ed se puede ver a una ni\u00f1a, Ainhoa Toba, voluntaria de la Mostra do Encaixe, vestida con un vestido de encaje y recogiendo unos palillos mientras observa el hermoso e imponente paisaje que la rodea: la playa de Trece.<\/p>\n\n\n\n<h2 class=\"wp-block-heading\">Spot de la XXXI Muestra de Encaje de Camari\u00f1as<\/h2>\n\n\n\n<figure class=\"wp-block-embed is-type-video is-provider-youtube wp-block-embed-youtube wp-embed-aspect-16-9 wp-has-aspect-ratio\"><div class=\"wp-block-embed__wrapper\">\n<iframe title=\"Spot de la XXXI Muestra de Encaje de Camari\u00f1as\" width=\"800\" height=\"450\" src=\"https:\/\/www.youtube.com\/embed\/BIPszBSSDYM?feature=oembed\" frameborder=\"0\" allow=\"accelerometer; autoplay; clipboard-write; encrypted-media; gyroscope; picture-in-picture\" allowfullscreen><\/iframe>\n<\/div><figcaption>Spot de la XXXI Muestra de Encaje de Camari\u00f1as<\/figcaption><\/figure>\n\n\n\n<p>Todas las parroquias y lugares emblem\u00e1ticos del municipio est\u00e1n representados en esta pieza audiovisual: la ermita de la Virxe do Monte, el puerto de Camari\u00f1as, el trabajo de los mariscadores, los percebes de Santa Mari\u00f1a, el espacio natural de Ari\u00f1o, la desembocadura del R\u00edo Grande, el Ponte do Porto, Camelle, el Museo y la casa del Hombre, Arou, la iglesia y el pueblo de Xavi\u00f1a, la iglesia de San Xurxo, el Faro Vil\u00e1n, las playas de Reira, el cementerio de los Ingleses y la playa de Trece con su duna rampante.<\/p>\n\n\n\n<p>La alcaldesa de Camari\u00f1as, Sandra Insua, anim\u00f3 a los visitantes durante su intervenci\u00f3n a \u00abvisitarnos esta Semana Santa, asistir a la exposici\u00f3n del Encaixe y aprovechar su estancia para descubrir el hermoso patrimonio que tenemos. Si lo hacen, estamos seguros de que volver\u00e1n\u00bb.<\/p>\n\n\n\n<p>\u201cCamari\u00f1as es encaje, eso es innegable. Nuestra forma de ser, nuestras costumbres y nuestras tradiciones est\u00e1n tejidas con mimo por las manos de nuestras queridas palilleiras\u201d, explic\u00f3 el alcalde, quien a\u00f1adi\u00f3: \u201cCamari\u00f1as tambi\u00e9n es mar y tierra. Creemos que el para\u00edso est\u00e1 en Camari\u00f1as y vamos a convencerlos. Porque somos mucho m\u00e1s que encaje: somos Cabo Vil\u00e1n y su imponente faro, somos el Cementerio Ingl\u00e9s y su fascinante y aterradora historia, somos el arte libre que Manfred esculpi\u00f3 en Camelle, somos la leyenda que se esconde en la Virxe do Monte, somos nuestras espectaculares playas ba\u00f1adas por el Atl\u00e1ntico con fina arena blanca\u201d.<\/p>\n\n\n\n<figure class=\"wp-block-image size-large\"><img fetchpriority=\"high\" decoding=\"async\" width=\"1024\" height=\"624\" src=\"https:\/\/mostra.es\/wp-content\/uploads\/2022\/01\/acto-presentacion-xxxi-mostra-fitur-1024x624.jpg\" alt=\"\" class=\"wp-image-3099\" title=\"\" srcset=\"https:\/\/mostra.es\/wp-content\/uploads\/2022\/01\/acto-presentacion-xxxi-mostra-fitur-1024x624.jpg 1024w, https:\/\/mostra.es\/wp-content\/uploads\/2022\/01\/acto-presentacion-xxxi-mostra-fitur-300x183.jpg 300w, https:\/\/mostra.es\/wp-content\/uploads\/2022\/01\/acto-presentacion-xxxi-mostra-fitur-768x468.jpg 768w, https:\/\/mostra.es\/wp-content\/uploads\/2022\/01\/acto-presentacion-xxxi-mostra-fitur.jpg 1200w\" sizes=\"(max-width: 1024px) 100vw, 1024px\" \/><\/figure>\n\n\n\n<p>La XXXI Muestra del Encaje continuar\u00e1 en la misma l\u00ednea que la anterior, apostando por la innovaci\u00f3n y la integraci\u00f3n del encaje en las diferentes artesan\u00edas gallegas, adem\u00e1s de contar con desfiles con la presencia de algunos de los mejores dise\u00f1adores del pa\u00eds y tambi\u00e9n las promesas del mundo del dise\u00f1o con el concurso de j\u00f3venes dise\u00f1adores. Adem\u00e1s, como novedad, est\u00e1 previsto que en la zona se instalen stands de dise\u00f1adores y revistas especializadas.<\/p>\n\n\n\n<h2 class=\"wp-block-heading\">Pantallas en el centro de Madrid<\/h2>\n\n\n\n<p>Para contribuir a la difusi\u00f3n de la XXXI Exposici\u00f3n del Encaje, el Ayuntamiento de Camari\u00f1as, como ya hizo en 2020, decidi\u00f3 llevar la Exposici\u00f3n del Encaje al coraz\u00f3n de Madrid. As\u00ed, aprovechando la presentaci\u00f3n de la Mostra en FITUR, program\u00f3 un cartel promocional que se proyectar\u00e1 en las grandes pantallas digitales de Callao en la Gran V\u00eda durante toda la semana del 17 al 23 de enero.<\/p>\n\n\n\n<p><\/p>\n\n\n\n<figure class=\"wp-block-image size-large\"><img decoding=\"async\" width=\"1024\" height=\"1004\" src=\"https:\/\/mostra.es\/wp-content\/uploads\/2022\/01\/cartel-ainhoa-callao-madrid-mostra-1024x1004.jpg\" alt=\"Imagen proyectada en Callao (Madrid) para promocionar la XXXI Muestra de Encaje de Camari\u00f1as\" class=\"wp-image-3096\" title=\"\" srcset=\"https:\/\/mostra.es\/wp-content\/uploads\/2022\/01\/cartel-ainhoa-callao-madrid-mostra-1024x1004.jpg 1024w, https:\/\/mostra.es\/wp-content\/uploads\/2022\/01\/cartel-ainhoa-callao-madrid-mostra-300x294.jpg 300w, https:\/\/mostra.es\/wp-content\/uploads\/2022\/01\/cartel-ainhoa-callao-madrid-mostra-768x753.jpg 768w, https:\/\/mostra.es\/wp-content\/uploads\/2022\/01\/cartel-ainhoa-callao-madrid-mostra.jpg 1200w\" sizes=\"(max-width: 1024px) 100vw, 1024px\" \/><\/figure>\n\n\n\n<p>La protagonista de este cartel, as\u00ed como del v\u00eddeo, es la voluntaria de la Mostra Ainhoa Toba que, desde lo alto de la duna de Monte Branco, con un vestido de encaje y sujetando unos palillos y la arena, aprecia el hermoso horizonte de las playas de Trece.<\/p>\n\n\n\n<p>En la imagen se puede ver el lema de esta edici\u00f3n: &#039;\u00bfEncajas en el para\u00edso?&#039; y una clara referencia al municipio y las fechas del evento: &#039;Camari\u00f1as, coraz\u00f3n de la Costa da Morte. &#039;Pascua 2022&#039;.<\/p>\n\n\n\n<p>El objetivo de esta campa\u00f1a publicitaria es seguir promocionando la Feria del Encaje y el turismo de Camari\u00f1as fuera de nuestras fronteras, para consolidar el evento como capital de la moda durante la Semana Santa y atraer un mayor n\u00famero de visitantes.<\/p>\n\n\n\n<h2 class=\"wp-block-heading\">Camari\u00f1as, el para\u00edso del Camino de Santiago<\/h2>\n\n\n\n<p>El atractivo que aglutina la esencia de esta XXI Muestra del Encaje tiene que ver con el plan que tiene en marcha el Ayuntamiento de poner en valor Camari\u00f1as como etapa final, o el &#039;para\u00edso&#039; de una ruta alternativa del llamado Camino de Resurrecci\u00f3n.<\/p>\n\n\n\n<p>Existe una teor\u00eda, recogida en el libro &#039;El Camino de Santiago y el Juego de la Oca&#039;, de Sebasti\u00e1n V\u00e1zquez, seg\u00fan la cual la ermita de la Virxe do Monte es el final del Camino de la Resurrecci\u00f3n, el para\u00edso o, como relata el texto, el &#039;Jard\u00edn de la Oca&#039;.<\/p>\n\n\n\n<p>Para iniciar el Camino de Resurrecci\u00f3n, tras dejar Santiago, el peregrino pasar\u00e1 por Padr\u00f3n, Noia, Fisterra y llegar\u00e1 a Mux\u00eda. All\u00ed, adem\u00e1s de encontrar la translatio de Cereixo y la iglesia de San Juli\u00e1n de Moraime, bajar\u00e1s al santuario de A Barca donde se encuentra la Pedra de Abalar. <\/p>\n\n\n\n<p>Sebasti\u00e1n V\u00e1zquez afirma en el libro que \u00abfue en ese mismo lugar donde se produjo el encuentro entre Santiago y Mar\u00eda y, seg\u00fan la leyenda, ella ven\u00eda justo enfrente, donde se alza la ermita de la Virgen del Monte en Camari\u00f1as. Prueba de ello son las huellas de sus pies que se conservan en una piedra frente a la ermita. Por mar, apenas cuatro kil\u00f3metros separan ambos puntos. Por lo tanto, el peregrino desandar\u00e1 sus pasos y llegar\u00e1 a Camari\u00f1as para finalmente acceder al Jard\u00edn de la Oca\u00bb.<\/p>","protected":false},"excerpt":{"rendered":"<p>Una tradici\u00f3n milenaria y una naturaleza bella e imponente, protagonistas de la trig\u00e9simo primera edici\u00f3n de la Mostra, que se ha presentado al p\u00fablico hoy en FITUR, en el stand de Turespa\u00f1a.<br \/>\nEl v\u00eddeo promocional realiza un viaje desde la Virxe do Monte, lugar donde se encuentra el para\u00edso, hasta la duna rampante del arenal de Trece, imagen del cartel de la Mostra.<br \/>\nSandra Insua anim\u00f3 a los visitantes a \u201cvisitarnos en Semana Santa, asistir a la Exposici\u00f3n de Encaje y aprovechar para descubrir el bonito patrimonio que tiene Camari\u00f1as, estoy segura de que volver\u00e9is\u201d.<br \/>\nAinhoa Toba, voluntaria de la Mostra, es la protagonista del v\u00eddeo y tambi\u00e9n del cartel promocional que se proyect\u00f3 durante toda la semana en las pantallas de Callao y Gran V\u00eda.<\/p>","protected":false},"author":1,"featured_media":3097,"comment_status":"open","ping_status":"closed","sticky":false,"template":"","format":"standard","meta":{"footnotes":""},"categories":[10],"tags":[15,19,226,166],"class_list":["post-3095","post","type-post","status-publish","format-standard","has-post-thumbnail","hentry","category-prensa","tag-cartel-mostra","tag-fitur","tag-spot-da-mostra-do-encaixe","tag-xxxi-mostra-do-encaixe"],"_links":{"self":[{"href":"https:\/\/mostra.es\/es\/wp-json\/wp\/v2\/posts\/3095","targetHints":{"allow":["GET"]}}],"collection":[{"href":"https:\/\/mostra.es\/es\/wp-json\/wp\/v2\/posts"}],"about":[{"href":"https:\/\/mostra.es\/es\/wp-json\/wp\/v2\/types\/post"}],"author":[{"embeddable":true,"href":"https:\/\/mostra.es\/es\/wp-json\/wp\/v2\/users\/1"}],"replies":[{"embeddable":true,"href":"https:\/\/mostra.es\/es\/wp-json\/wp\/v2\/comments?post=3095"}],"version-history":[{"count":0,"href":"https:\/\/mostra.es\/es\/wp-json\/wp\/v2\/posts\/3095\/revisions"}],"wp:featuredmedia":[{"embeddable":true,"href":"https:\/\/mostra.es\/es\/wp-json\/wp\/v2\/media\/3097"}],"wp:attachment":[{"href":"https:\/\/mostra.es\/es\/wp-json\/wp\/v2\/media?parent=3095"}],"wp:term":[{"taxonomy":"category","embeddable":true,"href":"https:\/\/mostra.es\/es\/wp-json\/wp\/v2\/categories?post=3095"},{"taxonomy":"post_tag","embeddable":true,"href":"https:\/\/mostra.es\/es\/wp-json\/wp\/v2\/tags?post=3095"}],"curies":[{"name":"gracias","href":"https:\/\/api.w.org\/{rel}","templated":true}]}}