{"id":3052,"date":"2021-10-11T15:19:18","date_gmt":"2021-10-11T15:19:18","guid":{"rendered":"https:\/\/mostra.es\/?p=3052"},"modified":"2021-10-11T15:19:21","modified_gmt":"2021-10-11T15:19:21","slug":"camarinas-premia-la-trayectoria-de-cuatro-palilleras-que-participaron-en-la-30-edicion-de-la-muestra-del-encaje","status":"publish","type":"post","link":"https:\/\/mostra.es\/es\/actualidade\/prensa\/camarinas-premia-a-traxectoria-de-catro-palilleiras-que-participaron-nas-30-edicions-da-mostra-do-encaixe\/","title":{"rendered":"Camari\u00f1as premia la trayectoria de cuatro encajeras que participaron en la 30\u00aa edici\u00f3n de la Mostra do Encaixe"},"content":{"rendered":"<p>Toda una vida participando en la Exposici\u00f3n de Encaje de Camari\u00f1as, Diputaci\u00f3n de A Coru\u00f1a, ha merecido un premio. Y si no, que se lo pregunten a Carmen Carrera, Matilde Isabel Garc\u00eda, Mar\u00eda Rosa Li\u00f1eiro y Carmen Bugallo, quienes han recibido, esta ma\u00f1ana, el reconocimiento del Ayuntamiento por haber participado en las 30 ediciones del evento.<\/p>\n\n\n\n<p>La entrega de los diplomas y regalos a las encajeras corri\u00f3 a cargo de la concejala de Encaje, Encarna Li\u00f1eiro, el concejal de Obras, Sergio Caama\u00f1o, la concejala de Igualdad, Bego\u00f1a Tajes, el concejal de Deportes, Fabi\u00e1n Canosa, y la concejala de Comercio, Lara Pasantes. Durante su intervenci\u00f3n, Li\u00f1eiro elogi\u00f3 el trabajo de las palilleiras, que defini\u00f3 como \u201cla pieza m\u00e1s importante de todas las ediciones de la Mostra do Encaixe\u201d. Por su parte, los homenajeados coincidieron en se\u00f1alar la \u201cimportancia que el evento, en general, y la boda, en particular, tienen en sus vidas.<\/p>\n\n\n\n<figure class=\"wp-block-embed is-type-video is-provider-youtube wp-block-embed-youtube wp-embed-aspect-16-9 wp-has-aspect-ratio\"><div class=\"wp-block-embed__wrapper\">\n<iframe title=\"Entrevista al modelo internacional Dami\u00e1n \u00c1lvarez\" width=\"800\" height=\"450\" src=\"https:\/\/www.youtube.com\/embed\/ba1tWJXgf3M?feature=oembed\" frameborder=\"0\" allow=\"accelerometer; autoplay; clipboard-write; encrypted-media; gyroscope; picture-in-picture\" allowfullscreen><\/iframe>\n<\/div><\/figure>\n\n\n\n<h2 class=\"wp-block-heading\">Actividades de la tarde en la XXX Mostra<\/h2>\n\n\n\n<p>La cuarta jornada de la Exposici\u00f3n de Encaje de Camari\u00f1as de la Diputaci\u00f3n Provincial de A Coru\u00f1a se presenta repleta de actividad. La pasarela de la Deputaci\u00f3n de A Coru\u00f1a acoger\u00e1, a las 17.00 y a las 18.30 horas, los desfiles de Nuevos Dise\u00f1adores, que contar\u00e1n con la presencia del jurado de esta edici\u00f3n, formado por varios dise\u00f1adores de renombre: Dolores Cort\u00e9s, que ejercer\u00e1 de presidenta, Charo Carrillo, Edith del Valle, Claudina Mata, In\u00e9s Fern\u00e1ndez y Esteban Freir\u00eda.<\/p>\n\n\n\n<p>La ceremonia de clausura tendr\u00e1 lugar el lunes 11 de octubre a las 20:00 horas con un encuentro entre grandes y nuevos dise\u00f1adores.<\/p>","protected":false},"excerpt":{"rendered":"<p>Carmen Carrera, Matilde Isabel Garc\u00eda, Mar\u00eda Rosa Li\u00f1eiro y Carmen Bugallo recibieron este reconocimiento. La concejala de Encaixe, Encarna Li\u00f1eiro, elogi\u00f3 la figura de las encajeras, a las que calific\u00f3 como &quot;la pieza m\u00e1s importante&quot;.<\/p>","protected":false},"author":1,"featured_media":3054,"comment_status":"open","ping_status":"closed","sticky":false,"template":"","format":"standard","meta":{"footnotes":""},"categories":[10],"tags":[20,14],"class_list":["post-3052","post","type-post","status-publish","format-standard","has-post-thumbnail","hentry","category-prensa","tag-encarna-lineiro","tag-xxx-mostra-do-encaixe"],"_links":{"self":[{"href":"https:\/\/mostra.es\/es\/wp-json\/wp\/v2\/posts\/3052","targetHints":{"allow":["GET"]}}],"collection":[{"href":"https:\/\/mostra.es\/es\/wp-json\/wp\/v2\/posts"}],"about":[{"href":"https:\/\/mostra.es\/es\/wp-json\/wp\/v2\/types\/post"}],"author":[{"embeddable":true,"href":"https:\/\/mostra.es\/es\/wp-json\/wp\/v2\/users\/1"}],"replies":[{"embeddable":true,"href":"https:\/\/mostra.es\/es\/wp-json\/wp\/v2\/comments?post=3052"}],"version-history":[{"count":0,"href":"https:\/\/mostra.es\/es\/wp-json\/wp\/v2\/posts\/3052\/revisions"}],"wp:featuredmedia":[{"embeddable":true,"href":"https:\/\/mostra.es\/es\/wp-json\/wp\/v2\/media\/3054"}],"wp:attachment":[{"href":"https:\/\/mostra.es\/es\/wp-json\/wp\/v2\/media?parent=3052"}],"wp:term":[{"taxonomy":"category","embeddable":true,"href":"https:\/\/mostra.es\/es\/wp-json\/wp\/v2\/categories?post=3052"},{"taxonomy":"post_tag","embeddable":true,"href":"https:\/\/mostra.es\/es\/wp-json\/wp\/v2\/tags?post=3052"}],"curies":[{"name":"gracias","href":"https:\/\/api.w.org\/{rel}","templated":true}]}}