{"id":2915,"date":"2021-09-30T10:51:49","date_gmt":"2021-09-30T10:51:49","guid":{"rendered":"https:\/\/mostra.es\/?p=2915"},"modified":"2021-09-30T10:54:51","modified_gmt":"2021-09-30T10:54:51","slug":"ejemplo-de-rubrica-de-compromiso-de-la-granja-marina-stolt","status":"publish","type":"post","link":"https:\/\/mostra.es\/es\/actualidade\/prensa\/stolt-sea-farm-rubrica-compromiso-mostra-encaixe\/","title":{"rendered":"Stolt Sea Farm vuelve a firmar su compromiso con la Mostra do Encaixe"},"content":{"rendered":"<p>La concejala de Encaixe del Ayuntamiento de Camari\u00f1as y delegada de la Mostra, Encarna Li\u00f1eiro, y Carlos Tavares, director de Sostenibilidad de Stolt Sea Farm, la empresa de acuicultura de alta tecnolog\u00eda, se han reunido esta ma\u00f1ana para volver a firmar el compromiso de esta organizaci\u00f3n con la Muestra del Encaje de Camari\u00f1as de la Diputaci\u00f3n Provincial de A Coru\u00f1a.<\/p>\n\n\n\n<p>El Ayuntamiento de Camari\u00f1as y en concreto la organizaci\u00f3n de la Mostra quieren agradecer a los responsables de Stolt Sea Farm su total &quot;implicaci\u00f3n, compromiso y apoyo&quot; a este evento para que &quot;pueda seguir en la vanguardia de la moda otros 30 a\u00f1os m\u00e1s&quot;.<\/p>","protected":false},"excerpt":{"rendered":"<p>La empresa de acuicultura Stolt Sea Farm confirma este a\u00f1o su apuesta por la Mostra do Encaixe en la localidad de Palilleiras, donde tiene una de sus plantas m\u00e1s importantes.<\/p>","protected":false},"author":1,"featured_media":2916,"comment_status":"open","ping_status":"closed","sticky":false,"template":"","format":"standard","meta":{"footnotes":""},"categories":[10],"tags":[200,20,198,14],"class_list":["post-2915","post","type-post","status-publish","format-standard","has-post-thumbnail","hentry","category-prensa","tag-carlos-tavares","tag-encarna-lineiro","tag-stolt-sea-farm","tag-xxx-mostra-do-encaixe"],"_links":{"self":[{"href":"https:\/\/mostra.es\/es\/wp-json\/wp\/v2\/posts\/2915","targetHints":{"allow":["GET"]}}],"collection":[{"href":"https:\/\/mostra.es\/es\/wp-json\/wp\/v2\/posts"}],"about":[{"href":"https:\/\/mostra.es\/es\/wp-json\/wp\/v2\/types\/post"}],"author":[{"embeddable":true,"href":"https:\/\/mostra.es\/es\/wp-json\/wp\/v2\/users\/1"}],"replies":[{"embeddable":true,"href":"https:\/\/mostra.es\/es\/wp-json\/wp\/v2\/comments?post=2915"}],"version-history":[{"count":0,"href":"https:\/\/mostra.es\/es\/wp-json\/wp\/v2\/posts\/2915\/revisions"}],"wp:featuredmedia":[{"embeddable":true,"href":"https:\/\/mostra.es\/es\/wp-json\/wp\/v2\/media\/2916"}],"wp:attachment":[{"href":"https:\/\/mostra.es\/es\/wp-json\/wp\/v2\/media?parent=2915"}],"wp:term":[{"taxonomy":"category","embeddable":true,"href":"https:\/\/mostra.es\/es\/wp-json\/wp\/v2\/categories?post=2915"},{"taxonomy":"post_tag","embeddable":true,"href":"https:\/\/mostra.es\/es\/wp-json\/wp\/v2\/tags?post=2915"}],"curies":[{"name":"gracias","href":"https:\/\/api.w.org\/{rel}","templated":true}]}}