{"id":240,"date":"2020-01-18T19:16:33","date_gmt":"2020-01-18T19:16:33","guid":{"rendered":"https:\/\/mostradoencaixe.es\/?p=240"},"modified":"2020-01-24T20:54:15","modified_gmt":"2020-01-24T20:54:15","slug":"bienvenido-al-sitio-web-de-muestras-de-encaje","status":"publish","type":"post","link":"https:\/\/mostra.es\/es\/actualidade\/blog\/benvidos-a-web-da-mostra-do-encaixe\/","title":{"rendered":"Bienvenido al sitio web de la Exposici\u00f3n de Encaje"},"content":{"rendered":"<p>La nueva p\u00e1gina web de la Mostra do Encaixe ya est\u00e1 aqu\u00ed con un dise\u00f1o innovador y atractivo. Tras meses de trabajo, ya contamos con la primera fase de esta web, que tendr\u00e1 la misi\u00f3n de recopilar toda la informaci\u00f3n sobre el evento de encaje m\u00e1s importante del mundo, as\u00ed como informar de su d\u00eda a d\u00eda.<\/p>\n\n\n\n<p>A partir de ahora, todos aquellos que quieran conocer el programa de la exposici\u00f3n, los dise\u00f1adores invitados o los j\u00f3venes dise\u00f1adores de moda que participar\u00e1n en el Concurso de Nuevos Dise\u00f1adores s\u00f3lo tendr\u00e1n que escribir www.mostradoencaixe.es en su navegador. Con este proyecto, el Ayuntamiento de Camari\u00f1as quiere acabar con la dispersi\u00f3n end\u00e9mica que supon\u00eda depender \u00fanicamente de las redes sociales para comunicar las \u00faltimas novedades sobre la principal cita artesanal de Galicia.<\/p>\n\n\n\n<p>Pero esto no acabar\u00e1 aqu\u00ed. La web de la Mostra estar\u00e1 en constante crecimiento para dar un mayor servicio a todos los aficionados tanto al arte antiguo de Camari\u00f1a como a la pasarela de la Mostra, considerada una de las m\u00e1s importantes de Espa\u00f1a. No hay nada all\u00ed. Toda la Exposici\u00f3n de Encaje de Camari\u00f1as, desde ahora, en su web.<\/p>","protected":false},"excerpt":{"rendered":"<p>La web de la Mostra do Encaixe se renueva por completo con un dise\u00f1o moderno y atractivo para adaptarse a los nuevos tiempos. Todo lo que sucede en el mundo de la Mostra do Encaixe ahora estar\u00e1 en un solo lugar.<\/p>","protected":false},"author":1,"featured_media":663,"comment_status":"closed","ping_status":"closed","sticky":false,"template":"","format":"standard","meta":{"footnotes":""},"categories":[9],"tags":[13,12,14],"class_list":["post-240","post","type-post","status-publish","format-standard","has-post-thumbnail","hentry","category-blog","tag-mostra-2020","tag-web-da-mostra","tag-xxx-mostra-do-encaixe"],"_links":{"self":[{"href":"https:\/\/mostra.es\/es\/wp-json\/wp\/v2\/posts\/240","targetHints":{"allow":["GET"]}}],"collection":[{"href":"https:\/\/mostra.es\/es\/wp-json\/wp\/v2\/posts"}],"about":[{"href":"https:\/\/mostra.es\/es\/wp-json\/wp\/v2\/types\/post"}],"author":[{"embeddable":true,"href":"https:\/\/mostra.es\/es\/wp-json\/wp\/v2\/users\/1"}],"replies":[{"embeddable":true,"href":"https:\/\/mostra.es\/es\/wp-json\/wp\/v2\/comments?post=240"}],"version-history":[{"count":0,"href":"https:\/\/mostra.es\/es\/wp-json\/wp\/v2\/posts\/240\/revisions"}],"wp:featuredmedia":[{"embeddable":true,"href":"https:\/\/mostra.es\/es\/wp-json\/wp\/v2\/media\/663"}],"wp:attachment":[{"href":"https:\/\/mostra.es\/es\/wp-json\/wp\/v2\/media?parent=240"}],"wp:term":[{"taxonomy":"category","embeddable":true,"href":"https:\/\/mostra.es\/es\/wp-json\/wp\/v2\/categories?post=240"},{"taxonomy":"post_tag","embeddable":true,"href":"https:\/\/mostra.es\/es\/wp-json\/wp\/v2\/tags?post=240"}],"curies":[{"name":"gracias","href":"https:\/\/api.w.org\/{rel}","templated":true}]}}