{"id":2380,"date":"2021-03-30T18:18:48","date_gmt":"2021-03-30T18:18:48","guid":{"rendered":"https:\/\/mostra.es\/?p=2380"},"modified":"2021-03-30T18:19:53","modified_gmt":"2021-03-30T18:19:53","slug":"stand-2-exposicion-virtual-repartida-ofertas","status":"publish","type":"post","link":"https:\/\/mostra.es\/es\/actualidade\/prensa\/stands-2-mostra-virtual-difundir-ofertas\/","title":{"rendered":"Los stands de la II Exposici\u00f3n Virtual comienzan a dar a conocer sus ofertas especiales para el evento"},"content":{"rendered":"<p>El objetivo principal de esta segunda edici\u00f3n virtual de la Feria del Encaje de Camari\u00f1as de la Diputaci\u00f3n de A Coru\u00f1a es la comercializaci\u00f3n del encaje y, persiguiendo ese fin, hoy los stands participantes en este evento comienzan a difundir sus ofertas especiales, que permanecer\u00e1n vigentes hasta el domingo 4 de abril.<\/p>\n\n\n\n<p>Los 12 stands que participan y que ofrecen sus productos de encaje son: Arte en palla, Asociaci\u00f3n Puntillas, Asociaci\u00f3n Rendas, Bolillos, Encaixes Arjomil, Encaixes Gelina, Encaixes Lucita, Fiando Miudo, Jataparda, Mi\u00f1amena, Nemanqui\u00f1as y Recanto do Encaixe.<\/p>\n\n\n\n<p>En la p\u00e1gina de Facebook de la Muestra de Encaje de Camari\u00f1as, y tambi\u00e9n en la web www.mostra.es, se explican los productos ofertados y se incluyen fotograf\u00edas para que las personas interesadas tambi\u00e9n puedan verlos. Adem\u00e1s, cada una de las tiendas ofrece diferentes m\u00e9todos de pago y m\u00e9todos de env\u00edo para facilitar la compra.<\/p>\n\n\n\n<h3 class=\"wp-block-heading\">II Exposici\u00f3n Virtual<\/h3>\n\n\n\n<p>Hasta el domingo 4 de abril tendr\u00e1 lugar la segunda edici\u00f3n virtual de la Muestra de Encaje de Camari\u00f1as de la Diputaci\u00f3n Provincial de A Coru\u00f1a, que presenta novedades respecto al a\u00f1o pasado y en esta ocasi\u00f3n cambiar\u00e1 su funcionamiento para centrarse en la comercializaci\u00f3n del encaje y la publicaci\u00f3n de las colecciones del concurso de J\u00f3venes Dise\u00f1adores en diferentes enclaves tur\u00edsticos del municipio.<\/p>\n\n\n\n<p>A partir de ma\u00f1ana, mi\u00e9rcoles 31 de marzo, los espectadores podr\u00e1n ver los v\u00eddeos de las colecciones del XXVII concurso J\u00f3venes Dise\u00f1adores. Muchas de ellas fueron grabadas por alumnos del Grado en Comunicaci\u00f3n Audiovisual de la Universidad de A Coru\u00f1a (UDC) en diferentes localizaciones del municipio y con modelos locales como protagonistas. Tambi\u00e9n tendr\u00e1n su propio espacio los palilleros, las ni\u00f1as de las escuelas de palilleros y los voluntarios, entre otros.<\/p>\n\n\n\n<p>Tambi\u00e9n ma\u00f1ana mi\u00e9rcoles se inaugurar\u00e1 a las 11 horas en la Plaza de la Insuela la exposici\u00f3n &#039;Palilleiras: presente y futuro&#039;. Este es un peque\u00f1o homenaje al trabajo y esfuerzo de las encajeras que, generaci\u00f3n tras generaci\u00f3n, hacen del Encaje de Camari\u00f1as un arte \u00fanico en el mundo. Las fotograf\u00edas de los 22 t\u00f3tems que se instalar\u00e1n forman parte de un proyecto realizado en diciembre de 2019 por Ana Garc\u00eda, fot\u00f3grafa de Voz de Galicia. Est\u00e1 previsto que esta exposici\u00f3n permanezca en la plaza hasta octubre.<\/p>\n\n\n\n<p>El acto de clausura ser\u00e1 el domingo y estar\u00e1 a cargo de la directora de la Mostra, Dolores Lema, y la concejala de la Mostra, Encarna Li\u00f1eiro. Adem\u00e1s, tambi\u00e9n habr\u00e1 espacio para la m\u00fasica ya que Grupo Jaque ha querido formar parte de este evento con su propia versi\u00f3n del conocido tema \u2018Camari\u00f1as\u2019.<\/p>\n\n\n\n<p>Las plataformas de retransmisi\u00f3n de la segunda edici\u00f3n de la Mostra Virtual ser\u00e1n principalmente la p\u00e1gina de Facebook de la Mostra (@MostradoEncaixe) y tambi\u00e9n habr\u00e1 contenidos en Instagram (@Mostraencaixemarinas) y en el canal de Youtube (@Mostradoencaixe).<\/p>\n\n\n\n<h3 class=\"wp-block-heading\">Concurso de J\u00f3venes Dise\u00f1adores<\/h3>\n\n\n\n<p>Las 24 colecciones que participar\u00e1n en esta II Exposici\u00f3n Virtual son: &#039;Black Tide&#039;, &#039;Carrera de Indias&#039;, &#039;Daquela que cantan as pombas i as frores&#039;, &#039;D\u00e9jame encajar&#039;, &#039;Denantes mortas que escravas&#039;, &#039;Enxebre i tradici\u00f3n&#039;, &#039;Enxebre II&#039;, &#039;Est\u00edmulos&#039;, &#039;Evol&#039;, &#039;Femme&#039;, &#039;Fossil&#039;, &#039;Honey, Bee Free&#039;, &#039;Leo&#039;, &#039;Matista&#039;, &#039;Passaris&#039;, &#039;Samantha&#039;, &#039;Sea Lung&#039;, &#039;Suspiros Flamencos&#039;, &#039;The Beautiful Brut&#039;, &#039;The Blue Horse&#039;, &#039;Tira y afloja&#039;, &#039;Un paseo sereno&#039;, &#039;Victoria&#039; y &#039;Zeistmaschine&#039;.<\/p>\n\n\n\n<figure class=\"wp-block-embed is-type-video is-provider-youtube wp-block-embed-youtube wp-embed-aspect-16-9 wp-has-aspect-ratio\"><div class=\"wp-block-embed__wrapper\">\n<iframe title=\"Tr\u00e1iler II Muestra Virtual del Encaje de Camari\u00f1as\" width=\"800\" height=\"450\" src=\"https:\/\/www.youtube.com\/embed\/qe7cEhj2rL0?feature=oembed\" frameborder=\"0\" allow=\"accelerometer; autoplay; clipboard-write; encrypted-media; gyroscope; picture-in-picture\" allowfullscreen><\/iframe>\n<\/div><\/figure>","protected":false},"excerpt":{"rendered":"<p>De martes a domingo, los 12 stands participantes ofrecer\u00e1n productos relacionados con el encaje con ofertas especiales a trav\u00e9s de las redes sociales del evento. Los espectadores podr\u00e1n ver a partir de ma\u00f1ana los v\u00eddeos del concurso de J\u00f3venes Dise\u00f1adores y las chicas palillo, ni\u00f1as de escuelas palillo y voluntarias tambi\u00e9n tendr\u00e1n su espacio. Ma\u00f1ana mi\u00e9rcoles 31 de marzo se inaugurar\u00e1 a las 11 horas en la Plaza de la Insuela la exposici\u00f3n \u2018Palilleiras: presente y futuro\u2019. Se desarrollar\u00e1 principalmente a trav\u00e9s de la p\u00e1gina de Facebook y tambi\u00e9n habr\u00e1 contenidos en Instagram y el canal de YouTube de la Mostra.<\/p>","protected":false},"author":1,"featured_media":2341,"comment_status":"open","ping_status":"closed","sticky":false,"template":"","format":"standard","meta":{"footnotes":""},"categories":[10],"tags":[125,37,136,14],"class_list":["post-2380","post","type-post","status-publish","format-standard","has-post-thumbnail","hentry","category-prensa","tag-2-mostra-virtual","tag-mostra-do-encaixe-virtual","tag-stands-mostra-virtual","tag-xxx-mostra-do-encaixe"],"_links":{"self":[{"href":"https:\/\/mostra.es\/es\/wp-json\/wp\/v2\/posts\/2380","targetHints":{"allow":["GET"]}}],"collection":[{"href":"https:\/\/mostra.es\/es\/wp-json\/wp\/v2\/posts"}],"about":[{"href":"https:\/\/mostra.es\/es\/wp-json\/wp\/v2\/types\/post"}],"author":[{"embeddable":true,"href":"https:\/\/mostra.es\/es\/wp-json\/wp\/v2\/users\/1"}],"replies":[{"embeddable":true,"href":"https:\/\/mostra.es\/es\/wp-json\/wp\/v2\/comments?post=2380"}],"version-history":[{"count":0,"href":"https:\/\/mostra.es\/es\/wp-json\/wp\/v2\/posts\/2380\/revisions"}],"wp:featuredmedia":[{"embeddable":true,"href":"https:\/\/mostra.es\/es\/wp-json\/wp\/v2\/media\/2341"}],"wp:attachment":[{"href":"https:\/\/mostra.es\/es\/wp-json\/wp\/v2\/media?parent=2380"}],"wp:term":[{"taxonomy":"category","embeddable":true,"href":"https:\/\/mostra.es\/es\/wp-json\/wp\/v2\/categories?post=2380"},{"taxonomy":"post_tag","embeddable":true,"href":"https:\/\/mostra.es\/es\/wp-json\/wp\/v2\/tags?post=2380"}],"curies":[{"name":"gracias","href":"https:\/\/api.w.org\/{rel}","templated":true}]}}