{"id":2089,"date":"2021-03-29T17:36:51","date_gmt":"2021-03-29T17:36:51","guid":{"rendered":"https:\/\/mostra.es\/?p=2089"},"modified":"2021-03-29T17:39:14","modified_gmt":"2021-03-29T17:39:14","slug":"muestra-de-cupon-de-encaje-para-tocador-una-vez","status":"publish","type":"post","link":"https:\/\/mostra.es\/es\/actualidade\/prensa\/mostra-encaixe-camarinas-cupon-once\/","title":{"rendered":"El Sal\u00f3n del Encaje de Camari\u00f1as estar\u00e1 presente en cinco millones y medio de cupones de la ONCE"},"content":{"rendered":"<p>El Ayuntamiento de Camari\u00f1as hizo entrega del cup\u00f3n de la ONCE dedicado a la trig\u00e9sima Edici\u00f3n de la Exposici\u00f3n de Encaje de Camari\u00f1as de la Diputaci\u00f3n Provincial de A Coru\u00f1a. Cinco millones y medio de entradas para el 6 de abril, disponibles en 20.000 puntos de venta, llevar\u00e1n la imagen de este evento, que comienza hoy con una semana de desfiles de encajes comerciales en las redes sociales.<\/p>\n\n\n\n<p>La alcaldesa, Sandra Insua, el delegado territorial en Galicia de la ONCE, Manuel Mart\u00ednez Pan; El teniente de alcalde, Sergio Caama\u00f1o, la concejala de la Mostra do Encaixe, Encarna Li\u00f1eiro, la directora de la Mostra, Dolores Lema, asistieron al acto celebrado en el aula &#039;Raquel Moreira&#039; del Museo del Encaje.<\/p>\n\n\n\n<p>El alcalde ha agradecido a la ONCE que haya utilizado la imagen de Camari\u00f1as y de la Mostra do Encaixe para crear un cup\u00f3n y ha animado a todos los camari\u00f1eses a adquirir la entrada. Destac\u00f3 tambi\u00e9n que una copia del cup\u00f3n estar\u00e1 presente en una de las salas del Museo del Encaje.<\/p>\n\n\n\n<p>Por su parte, el delegado en Galicia de la ONCE, Manuel Mart\u00ednez, afirm\u00f3 que para su organizaci\u00f3n v\u00ednculos como estos eran muy importantes, ya que reflejan simb\u00f3licamente la uni\u00f3n del trabajo social y el patrimonio gallego en su principal tarjeta de presentaci\u00f3n, el cup\u00f3n.<\/p>\n\n\n\n<h3 class=\"wp-block-heading\">II Exposici\u00f3n Virtual<\/h3>\n\n\n\n<p>La inauguraci\u00f3n de la segunda Exposici\u00f3n Virtual se completar\u00e1 con la publicaci\u00f3n del v\u00eddeo promocional de las colecciones \u2018J\u00f3venes Dise\u00f1adores\u2019 y con los discursos institucionales. De martes a domingo, los puestos participantes ofrecer\u00e1n productos relacionados con el encaje con ofertas especiales a trav\u00e9s de las redes sociales del evento. Los espectadores podr\u00e1n ver los v\u00eddeos del concurso de J\u00f3venes Dise\u00f1adores y las chicas palillo, las ni\u00f1as de las escuelas palillo o las voluntarias tambi\u00e9n tendr\u00e1n su espacio. El mi\u00e9rcoles 31 de marzo se inaugurar\u00e1 en la Plaza de la Insuela la exposici\u00f3n \u2018Palilleiras: presente y futuro\u2019. Se desarrollar\u00e1 principalmente a trav\u00e9s de la p\u00e1gina de Facebook y tambi\u00e9n habr\u00e1 contenidos en Instagram y el canal de YouTube de la Mostra.<\/p>","protected":false},"excerpt":{"rendered":"<p>El Museo del Encaje acogi\u00f3 la presentaci\u00f3n de este billete, que se vender\u00e1 en 20.000 puntos de venta.<br \/>\nHoy comienza una semana de desfiles de moda y comercializaci\u00f3n de encajes en internet.<\/p>","protected":false},"author":1,"featured_media":2090,"comment_status":"open","ping_status":"closed","sticky":false,"template":"","format":"standard","meta":{"footnotes":""},"categories":[10],"tags":[129,131,14],"class_list":["post-2089","post","type-post","status-publish","format-standard","has-post-thumbnail","hentry","category-prensa","tag-once","tag-promocion-da-mostra","tag-xxx-mostra-do-encaixe"],"_links":{"self":[{"href":"https:\/\/mostra.es\/es\/wp-json\/wp\/v2\/posts\/2089","targetHints":{"allow":["GET"]}}],"collection":[{"href":"https:\/\/mostra.es\/es\/wp-json\/wp\/v2\/posts"}],"about":[{"href":"https:\/\/mostra.es\/es\/wp-json\/wp\/v2\/types\/post"}],"author":[{"embeddable":true,"href":"https:\/\/mostra.es\/es\/wp-json\/wp\/v2\/users\/1"}],"replies":[{"embeddable":true,"href":"https:\/\/mostra.es\/es\/wp-json\/wp\/v2\/comments?post=2089"}],"version-history":[{"count":0,"href":"https:\/\/mostra.es\/es\/wp-json\/wp\/v2\/posts\/2089\/revisions"}],"wp:featuredmedia":[{"embeddable":true,"href":"https:\/\/mostra.es\/es\/wp-json\/wp\/v2\/media\/2090"}],"wp:attachment":[{"href":"https:\/\/mostra.es\/es\/wp-json\/wp\/v2\/media?parent=2089"}],"wp:term":[{"taxonomy":"category","embeddable":true,"href":"https:\/\/mostra.es\/es\/wp-json\/wp\/v2\/categories?post=2089"},{"taxonomy":"post_tag","embeddable":true,"href":"https:\/\/mostra.es\/es\/wp-json\/wp\/v2\/tags?post=2089"}],"curies":[{"name":"gracias","href":"https:\/\/api.w.org\/{rel}","templated":true}]}}