{"id":1980,"date":"2021-01-23T11:41:37","date_gmt":"2021-01-23T11:41:37","guid":{"rendered":"https:\/\/mostra.es\/?p=1980"},"modified":"2021-03-31T08:37:39","modified_gmt":"2021-03-31T08:37:39","slug":"camarinas-habia-comercializado-encajes-y-presentado-desfiles-de-moda-en-linea-en-el-2do-salon-virtual-de-encajes","status":"publish","type":"post","link":"https:\/\/mostra.es\/es\/actualidade\/prensa\/camarinas-comercializara-o-encaixe-e-presentara-desfiles-na-rede-na-ii-mostra-do-encaixe-virtual\/","title":{"rendered":"Camari\u00f1as comercializar\u00e1 encajes y presentar\u00e1 desfiles online en el II Sal\u00f3n Virtual del Encaje"},"content":{"rendered":"<p>El Ayuntamiento de Camari\u00f1as organizar\u00e1 la segunda edici\u00f3n virtual de la Muestra de Encaje de Camari\u00f1as de la Diputaci\u00f3n Provincial de A Coru\u00f1a, que presenta novedades respecto al a\u00f1o pasado y en esta ocasi\u00f3n cambiar\u00e1 su funcionamiento para centrarse en la comercializaci\u00f3n del encaje y la publicaci\u00f3n de los desfiles de las diferentes pasarelas.<\/p>\n\n\n\n<p>El objetivo de este evento es comercializar el encaje y promocionar el trabajo que anualmente realizan los comercios locales en este \u00e1mbito. Por ello, del 31 de marzo al 4 de abril, los puestos participantes ofrecer\u00e1n una serie de productos de encaje a trav\u00e9s de Facebook e Instagram que tendr\u00e1n ofertas especiales en esas fechas.<\/p>\n\n\n\n<p>Por otra parte, cada colecci\u00f3n participante producir\u00e1 un v\u00eddeo con el prop\u00f3sito de mostrar sus dise\u00f1os con la aplicaci\u00f3n del encaje. Lo que no cambia respecto al a\u00f1o pasado es la plataforma de transmisi\u00f3n, el Virtual Show se transmitir\u00e1 a trav\u00e9s de la p\u00e1gina web <a aria-label=\"Facebook de la muestra (se abre en una nueva pesta\u00f1a)\" href=\"https:\/\/www.facebook.com\/mencaixedecamarinas\/\" target=\"_blank\" rel=\"noreferrer noopener\" class=\"rank-math-link\">Facebook del Show<\/a>, de <a aria-label=\"Instagram (se abre en una nueva pesta\u00f1a)\" href=\"https:\/\/www.instagram.com\/mostraencaixecamarinas\/\" target=\"_blank\" rel=\"noreferrer noopener\" class=\"rank-math-link\">Instagram<\/a> y tambi\u00e9n de <a href=\"https:\/\/www.youtube.com\/channel\/UC1KN6dpsupaoc8en8nRMAXQ\" target=\"_blank\" aria-label=\"Canal de Youtube (se abre en una nueva pesta\u00f1a)\" rel=\"noreferrer noopener\" class=\"rank-math-link\">Canal de Youtube<\/a>.<\/p>\n\n\n\n<p>Otra de las novedades que se presentan en esta segunda edici\u00f3n son las fechas. Como no pod\u00eda ser de otra manera, durante la Semana Santa habr\u00e1 una Exposici\u00f3n Virtual ya que del 31 de marzo al 4 de abril ser\u00e1n los participantes del concurso J\u00f3venes Dise\u00f1adores quienes difundir\u00e1n sus innovadoras creaciones. Ya en septiembre, y con la intenci\u00f3n de que funcione como antesala de la XXX Muestra de Encaje que se celebrar\u00e1 en octubre, se publicar\u00e1n los v\u00eddeos de los Grandes Dise\u00f1adores y Artencaixe.<\/p>\n\n\n\n<p>La alcaldesa de Camari\u00f1as, Sandra Insua, ha agradecido &quot;el esfuerzo del departamento de Mostra para idear, un a\u00f1o m\u00e1s, la f\u00f3rmula para que no tuvi\u00e9ramos una Semana Santa sin boda y as\u00ed la espera hasta octubre sea seguro m\u00e1s corta&quot;.<\/p>\n\n\n\n<p>Por su parte, la concejala de la Mostra, Encarna Li\u00f1eiro, destac\u00f3 la importancia de \u201cmantener viva la tradici\u00f3n ya que en todo el pa\u00eds y especialmente en Galicia, la Semana Santa siempre est\u00e1 relacionada con la Mostra do Encaixe y no podemos perder ese sentimiento\u201d.<\/p>\n\n\n\n<p>Por \u00faltimo, la directora de la Mostra, Dolores Lema, quiso destacar que \u201ctal y como est\u00e1 dise\u00f1ado este evento virtual permitir\u00e1 la comercializaci\u00f3n y promoci\u00f3n del encaje, un elemento fundamental en la econom\u00eda familiar de nuestra comarca\u201d.<\/p>\n\n\n\n<figure class=\"wp-block-embed is-type-video is-provider-vimeo wp-block-embed-vimeo wp-embed-aspect-16-9 wp-has-aspect-ratio\"><div class=\"wp-block-embed__wrapper\">\n<iframe title=\"2020 - Spot XXX Camarilas Encaje Show PRORES\" src=\"https:\/\/player.vimeo.com\/video\/385966719?dnt=1&amp;app_id=122963\" width=\"800\" height=\"450\" frameborder=\"0\" allow=\"autoplay; fullscreen; picture-in-picture\" allowfullscreen><\/iframe>\n<\/div><\/figure>\n\n\n\n<h2 class=\"wp-block-heading\">Ejemplo de socket virtual<\/h2>\n\n\n\n<p>La Exposici\u00f3n Encaixe Virtual naci\u00f3 en 2020 como alternativa a la suspensi\u00f3n de la trig\u00e9sima edici\u00f3n del evento f\u00edsico debido al contexto sanitario generado por la expansi\u00f3n de la COVID-19.<\/p>\n\n\n\n<p>En ese momento estaban involucrados todos los grupos implicados en el funcionamiento habitual del evento. Se desarroll\u00f3 una programaci\u00f3n en bloques, siguiendo una estructura similar a la del calendario habitual del evento, y que incluy\u00f3 franjas espec\u00edficas para Grandes Dise\u00f1adores, J\u00f3venes Dise\u00f1adores, Artencaixe, Pequencaixe, Encuentros de Palilleras, Delegaciones Internacionales, Empresas, Artistas, Voluntarios, Stands y Medios de Comunicaci\u00f3n.<\/p>\n\n\n\n<p>El Departamento de Exhibici\u00f3n de Encaje pidi\u00f3 a todos estos grupos<br>que env\u00eden sus v\u00eddeos present\u00e1ndose y transmitiendo \u00e1nimo y fuerza<br>Para reencontrarnos y afrontar la trig\u00e9sima edici\u00f3n con a\u00fan m\u00e1s ilusi\u00f3n<br>del evento.<\/p>\n\n\n\n<p>Los datos fueron espectaculares. Una audiencia de 237.962 usuarios que visualizaron los 175 v\u00eddeos desde sus casas de mi\u00e9rcoles a domingo.<\/p>\n\n\n\n<figure class=\"wp-block-image size-large\"><img fetchpriority=\"high\" decoding=\"async\" width=\"731\" height=\"1024\" src=\"https:\/\/mostra.es\/wp-content\/uploads\/2021\/01\/cartel-2-mostra-encaixe-camarinas-virtual-2-731x1024.jpg\" alt=\"\" class=\"wp-image-1983\" title=\"\" srcset=\"https:\/\/mostra.es\/wp-content\/uploads\/2021\/01\/cartel-2-mostra-encaixe-camarinas-virtual-2-731x1024.jpg 731w, https:\/\/mostra.es\/wp-content\/uploads\/2021\/01\/cartel-2-mostra-encaixe-camarinas-virtual-2-214x300.jpg 214w, https:\/\/mostra.es\/wp-content\/uploads\/2021\/01\/cartel-2-mostra-encaixe-camarinas-virtual-2-768x1075.jpg 768w, https:\/\/mostra.es\/wp-content\/uploads\/2021\/01\/cartel-2-mostra-encaixe-camarinas-virtual-2-1097x1536.jpg 1097w, https:\/\/mostra.es\/wp-content\/uploads\/2021\/01\/cartel-2-mostra-encaixe-camarinas-virtual-2.jpg 1200w\" sizes=\"(max-width: 731px) 100vw, 731px\" \/><\/figure>","protected":false},"excerpt":{"rendered":"<p>Durante la Semana Santa se publicar\u00e1n los v\u00eddeos del concurso de J\u00f3venes Dise\u00f1adores y, en septiembre, como antesala a la XXX Muestra de Encaje, se estrenar\u00e1n los v\u00eddeos de los Grandes Dise\u00f1adores y de Artencaixe. Del 31 de marzo al 4 de abril, los stands participantes ofrecer\u00e1n productos relacionados con el encaje con ofertas especiales a trav\u00e9s de las redes sociales del evento. Se desarrollar\u00e1 a trav\u00e9s de las p\u00e1ginas de Facebook e Instagram y el canal de Youtube.<\/p>","protected":false},"author":1,"featured_media":1982,"comment_status":"open","ping_status":"closed","sticky":false,"template":"","format":"standard","meta":{"footnotes":""},"categories":[10],"tags":[31,125,37],"class_list":["post-1980","post","type-post","status-publish","format-standard","has-post-thumbnail","hentry","category-prensa","tag-comercializacion","tag-2-mostra-virtual","tag-mostra-do-encaixe-virtual"],"_links":{"self":[{"href":"https:\/\/mostra.es\/es\/wp-json\/wp\/v2\/posts\/1980","targetHints":{"allow":["GET"]}}],"collection":[{"href":"https:\/\/mostra.es\/es\/wp-json\/wp\/v2\/posts"}],"about":[{"href":"https:\/\/mostra.es\/es\/wp-json\/wp\/v2\/types\/post"}],"author":[{"embeddable":true,"href":"https:\/\/mostra.es\/es\/wp-json\/wp\/v2\/users\/1"}],"replies":[{"embeddable":true,"href":"https:\/\/mostra.es\/es\/wp-json\/wp\/v2\/comments?post=1980"}],"version-history":[{"count":0,"href":"https:\/\/mostra.es\/es\/wp-json\/wp\/v2\/posts\/1980\/revisions"}],"wp:featuredmedia":[{"embeddable":true,"href":"https:\/\/mostra.es\/es\/wp-json\/wp\/v2\/media\/1982"}],"wp:attachment":[{"href":"https:\/\/mostra.es\/es\/wp-json\/wp\/v2\/media?parent=1980"}],"wp:term":[{"taxonomy":"category","embeddable":true,"href":"https:\/\/mostra.es\/es\/wp-json\/wp\/v2\/categories?post=1980"},{"taxonomy":"post_tag","embeddable":true,"href":"https:\/\/mostra.es\/es\/wp-json\/wp\/v2\/tags?post=1980"}],"curies":[{"name":"gracias","href":"https:\/\/api.w.org\/{rel}","templated":true}]}}