{"id":1905,"date":"2020-12-31T15:51:46","date_gmt":"2020-12-31T15:51:46","guid":{"rendered":"https:\/\/mostra.es\/?p=1905"},"modified":"2020-12-31T16:03:01","modified_gmt":"2020-12-31T16:03:01","slug":"importante-acuerdo-entre-la-diputacion-y-el-municipio-para-financiar-la-declaracion-de-la-renta-2020","status":"publish","type":"post","link":"https:\/\/mostra.es\/es\/actualidade\/blog\/importante-acordo-deputacion-concello-para-financiar-a-mostra-do-encaixe-2020\/","title":{"rendered":"Importante acuerdo Diputaci\u00f3n-Ayuntamiento para financiar la Muestra del Encaixe 2020"},"content":{"rendered":"<p>El presidente de la Diputaci\u00f3n, Valent\u00edn Gonz\u00e1lez Formoso, y la alcaldesa de Camari\u00f1as, Sandra Insua, firmaron hoy el acuerdo por el que la entidad provincial aportar\u00e1 45.000 euros, el 451% del total, para financiar los gastos que ya estaban ejecutados antes de su cancelaci\u00f3n en el mes de marzo, por prudencia y responsabilidad, debido a la declaraci\u00f3n del Estado de Alarma.<\/p>\n\n\n\n<p>Adem\u00e1s, este acuerdo tambi\u00e9n incluye la financiaci\u00f3n de la primera Mostra Virtual de la historia, un evento organizado por el Ayuntamiento de Camari\u00f1as durante la Semana Santa para que no se pierda el esp\u00edritu de la Mostra, adapt\u00e1ndose al confinamiento obligado derivado de la pandemia de la COVID-19. <\/p>\n\n\n\n<blockquote class=\"wp-block-quote is-layout-flow wp-block-quote-is-layout-flow\"><p>La Diputaci\u00f3n Provincial de A Coru\u00f1a y el Ayuntamiento de Camari\u00f1as financiar\u00e1n conjuntamente los casi 100.000 euros de gastos que genere la Mostra do Encaixe de Camari\u00f1as Diputaci\u00f3n Provincial de A Coru\u00f1a 2020.<\/p><\/blockquote>\n\n\n\n<p>Un evento que result\u00f3 todo un \u00e9xito, reuniendo una audiencia de 237.962 usuarios, que visualizaron desde sus casas los 175 v\u00eddeos que se sucedieron de mi\u00e9rcoles a domingo en el Facebook de la Mostra (@mencaixedecamarinas) y en el canal de YouTube del evento. Todos los protagonistas habituales de la Exposici\u00f3n de Encaje de Camari\u00f1as de la Diputaci\u00f3n de A Coru\u00f1a tuvieron su lugar en esta edici\u00f3n virtual.<\/p>\n\n\n\n<p>\u201cHemos querido apoyar al Ayuntamiento de Camari\u00f1as manteniendo el mismo porcentaje del total de gastos que se ven\u00eda aportando cuando la Mostra se pudo desarrollar con normalidad\u201d, explic\u00f3 Gonz\u00e1lez Formoso quien adem\u00e1s record\u00f3 que \u201cen febrero redoblamos nuestra apuesta por este evento, que ahora ha quedado incorporado a la Diputaci\u00f3n en su nomenclatura oficial, y nuestra idea sigue siendo la misma ya que los ingresos de Camari\u00f1as son patrimonio provincial\u201d.<\/p>\n\n\n\n<p>Por su parte, Sandra Insua agradeci\u00f3 \u201ca la Diputaci\u00f3n y a su presidenta el esfuerzo que est\u00e1n haciendo en este a\u00f1o tan dif\u00edcil porque sin este apoyo econ\u00f3mico nos ser\u00eda muy dif\u00edcil cubrir los gastos que ya ten\u00edamos para el Festival: su promoci\u00f3n, el montaje o la asignaci\u00f3n de los premios del concurso de j\u00f3venes dise\u00f1adores\u201d.<\/p>\n\n\n\n<figure class=\"wp-block-embed is-type-video is-provider-youtube wp-block-embed-youtube wp-embed-aspect-16-9 wp-has-aspect-ratio\"><div class=\"wp-block-embed__wrapper\">\n<iframe title=\"Presentaci\u00f3n del cartel de la Exposici\u00f3n de Encaje de Camari\u00f1as 2018\" width=\"800\" height=\"450\" src=\"https:\/\/www.youtube.com\/embed\/wLPPJLUQbGc?feature=oembed\" frameborder=\"0\" allow=\"accelerometer; autoplay; clipboard-write; encrypted-media; gyroscope; picture-in-picture\" allowfullscreen><\/iframe>\n<\/div><\/figure>","protected":false},"excerpt":{"rendered":"<p>La Diputaci\u00f3n Provincial apoya al Ayuntamiento de Camari\u00f1as para cubrir los casi 100.000 euros de gastos de la Mostra do Encaixe 2020. Mediante un convenio, la entidad provincial aportar\u00e1 45.000 euros para financiar el evento, que debido a la pandemia se celebr\u00f3 este a\u00f1o de forma virtual.<\/p>","protected":false},"author":1,"featured_media":1906,"comment_status":"open","ping_status":"closed","sticky":false,"template":"","format":"standard","meta":{"footnotes":""},"categories":[9],"tags":[33,13,14],"class_list":["post-1905","post","type-post","status-publish","format-standard","has-post-thumbnail","hentry","category-blog","tag-deputacion-da-coruna","tag-mostra-2020","tag-xxx-mostra-do-encaixe"],"_links":{"self":[{"href":"https:\/\/mostra.es\/es\/wp-json\/wp\/v2\/posts\/1905","targetHints":{"allow":["GET"]}}],"collection":[{"href":"https:\/\/mostra.es\/es\/wp-json\/wp\/v2\/posts"}],"about":[{"href":"https:\/\/mostra.es\/es\/wp-json\/wp\/v2\/types\/post"}],"author":[{"embeddable":true,"href":"https:\/\/mostra.es\/es\/wp-json\/wp\/v2\/users\/1"}],"replies":[{"embeddable":true,"href":"https:\/\/mostra.es\/es\/wp-json\/wp\/v2\/comments?post=1905"}],"version-history":[{"count":0,"href":"https:\/\/mostra.es\/es\/wp-json\/wp\/v2\/posts\/1905\/revisions"}],"wp:featuredmedia":[{"embeddable":true,"href":"https:\/\/mostra.es\/es\/wp-json\/wp\/v2\/media\/1906"}],"wp:attachment":[{"href":"https:\/\/mostra.es\/es\/wp-json\/wp\/v2\/media?parent=1905"}],"wp:term":[{"taxonomy":"category","embeddable":true,"href":"https:\/\/mostra.es\/es\/wp-json\/wp\/v2\/categories?post=1905"},{"taxonomy":"post_tag","embeddable":true,"href":"https:\/\/mostra.es\/es\/wp-json\/wp\/v2\/tags?post=1905"}],"curies":[{"name":"gracias","href":"https:\/\/api.w.org\/{rel}","templated":true}]}}