{"id":1086,"date":"2020-02-22T10:13:29","date_gmt":"2020-02-22T10:13:29","guid":{"rendered":"https:\/\/mostradoencaixe.es\/?p=1086"},"modified":"2020-02-23T19:48:01","modified_gmt":"2020-02-23T19:48:01","slug":"los-ingresos-por-espectaculos-refuerzan-la-apuesta-por-la-diputacion","status":"publish","type":"post","link":"https:\/\/mostra.es\/es\/actualidade\/prensa\/mostra-encaixe-reforza-aposta-deputacion\/","title":{"rendered":"La Muestra de Encaje de Camari\u00f1as refuerza el compromiso de la Diputaci\u00f3n"},"content":{"rendered":"<p>La Muestra del Encaje de Camari\u00f1as ve reforzada la apuesta de la Diputaci\u00f3n de A Coru\u00f1a, que, consciente de la importancia del evento y de la proyecci\u00f3n internacional que est\u00e1 teniendo a\u00f1o tras a\u00f1o, ha decidido incrementar su apoyo al certamen, que este a\u00f1o celebrar\u00e1 su trig\u00e9sima edici\u00f3n del 8 al 12 de abril.<\/p>\n\n\n\n<p>As\u00ed, tanto el Ayuntamiento de Camari\u00f1as como la Diputaci\u00f3n Provincial de A Coru\u00f1a alcanzaron un nuevo acuerdo para incrementar la presencia de la entidad provincial en el evento, que ya apoyaba firmemente a\u00f1o tras a\u00f1o. La actuaci\u00f3n m\u00e1s importante en este nuevo escenario ser\u00e1 el cambio de nombre de la Mostra, que oficialmente pasar\u00e1 a llamarse Mostra do Encaixe de Camari\u00f1as Deputaci\u00f3n de A Coru\u00f1a, incorporando as\u00ed como apellido la administraci\u00f3n presidida por Valent\u00edn Gonz\u00e1lez Formoso. <\/p>\n\n\n\n<p>Adem\u00e1s, en esta edici\u00f3n la Diputaci\u00f3n estar\u00e1 presente en la imagen oficial (carteles, v\u00eddeo, stands, camisetas...) de la Exposici\u00f3n de Encaje de Camari\u00f1as al mismo nivel que el Ayuntamiento. Por otra parte, tambi\u00e9n patrocinar\u00e1 el primer premio del XXVII Concurso de Nuevos Dise\u00f1adores.<\/p>\n\n\n\n<p>Con este acuerdo, el Ayuntamiento de Camari\u00f1as obtiene un nuevo apoyo en su camino por incrementar la proyecci\u00f3n, tanto nacional como internacional, de la Mostra, y tambi\u00e9n para lograr la declaraci\u00f3n como fiesta de inter\u00e9s tur\u00edstico nacional.<\/p>","protected":false},"excerpt":{"rendered":"<p>Debido a este nuevo acuerdo, el evento pasar\u00e1 a denominarse oficialmente Exposici\u00f3n de Encaje de Camari\u00f1as, Diputaci\u00f3n de A Coru\u00f1a. La entidad provincial incrementar\u00e1 su presencia en todos los espacios de la Exposici\u00f3n.<\/p>","protected":false},"author":1,"featured_media":1089,"comment_status":"closed","ping_status":"closed","sticky":false,"template":"","format":"standard","meta":{"footnotes":""},"categories":[10],"tags":[15,33,14],"class_list":["post-1086","post","type-post","status-publish","format-standard","has-post-thumbnail","hentry","category-prensa","tag-cartel-mostra","tag-deputacion-da-coruna","tag-xxx-mostra-do-encaixe"],"_links":{"self":[{"href":"https:\/\/mostra.es\/es\/wp-json\/wp\/v2\/posts\/1086","targetHints":{"allow":["GET"]}}],"collection":[{"href":"https:\/\/mostra.es\/es\/wp-json\/wp\/v2\/posts"}],"about":[{"href":"https:\/\/mostra.es\/es\/wp-json\/wp\/v2\/types\/post"}],"author":[{"embeddable":true,"href":"https:\/\/mostra.es\/es\/wp-json\/wp\/v2\/users\/1"}],"replies":[{"embeddable":true,"href":"https:\/\/mostra.es\/es\/wp-json\/wp\/v2\/comments?post=1086"}],"version-history":[{"count":0,"href":"https:\/\/mostra.es\/es\/wp-json\/wp\/v2\/posts\/1086\/revisions"}],"wp:featuredmedia":[{"embeddable":true,"href":"https:\/\/mostra.es\/es\/wp-json\/wp\/v2\/media\/1089"}],"wp:attachment":[{"href":"https:\/\/mostra.es\/es\/wp-json\/wp\/v2\/media?parent=1086"}],"wp:term":[{"taxonomy":"category","embeddable":true,"href":"https:\/\/mostra.es\/es\/wp-json\/wp\/v2\/categories?post=1086"},{"taxonomy":"post_tag","embeddable":true,"href":"https:\/\/mostra.es\/es\/wp-json\/wp\/v2\/tags?post=1086"}],"curies":[{"name":"gracias","href":"https:\/\/api.w.org\/{rel}","templated":true}]}}