{"id":7054,"date":"2026-04-06T18:52:26","date_gmt":"2026-04-06T16:52:26","guid":{"rendered":"https:\/\/mostra.es\/?p=7054"},"modified":"2026-04-06T18:52:26","modified_gmt":"2026-04-06T16:52:26","slug":"the-exhibition-highlights-the-work-of-the-children-of-the-palillo-municipal-school-the-future-of-lace-2","status":"publish","type":"post","link":"https:\/\/mostra.es\/en\/actualidade\/prensa\/a-mostra-pon-en-valor-a-labor-dos-nenos-e-nenas-da-escola-municipal-de-palillo-o-futuro-do-encaixe-2\/","title":{"rendered":"The Exhibition highlights the work of the children of the Palillo Municipal School, the future of lace"},"content":{"rendered":"<p>The boys and girls from the Palillo School received today, Saturday April 4, after the morning parades, a gift from the Camari\u00f1as City Council and the Mostra do Encaixe to recognize the work they do throughout the year and which guarantees the future of lace.&nbsp;<\/p>\n\n\n\n<p>The mayor, Sandra Insua, and the councilor of O Encaixe, Encarna Li\u00f1eiro, in addition to other members of the local government, presented the gift to the children&#039;s lacemakers at the end of the exciting and fun PequEncaixe parade.<\/p>\n\n\n\n<p>In addition, attendees were able to enjoy a live performance by the young man from Camelle Sebasti\u00e1n Allones Dans, who at only 12 years old won the talent contest &#039;Da r\u00faa \u00e1 l\u00faa&#039;, from the program &#039;Quen anda a\u00ed&#039; on Televisi\u00f3n de Galicia.<\/p>\n\n\n\n<figure class=\"wp-block-gallery has-nested-images columns-default is-cropped wp-block-gallery-1 is-layout-flex wp-block-gallery-is-layout-flex\">\n<figure class=\"wp-block-image size-large\"><img fetchpriority=\"high\" decoding=\"async\" width=\"1024\" height=\"683\" data-id=\"7055\" src=\"https:\/\/mostra.es\/wp-content\/uploads\/2026\/04\/Escola-Municipal-de-Palillo-XXXV-Mostra-00001-1024x683.jpg\" alt=\"\" class=\"wp-image-7055\" title=\"\" srcset=\"https:\/\/mostra.es\/wp-content\/uploads\/2026\/04\/Escola-Municipal-de-Palillo-XXXV-Mostra-00001-1024x683.jpg 1024w, https:\/\/mostra.es\/wp-content\/uploads\/2026\/04\/Escola-Municipal-de-Palillo-XXXV-Mostra-00001-300x200.jpg 300w, https:\/\/mostra.es\/wp-content\/uploads\/2026\/04\/Escola-Municipal-de-Palillo-XXXV-Mostra-00001-768x512.jpg 768w, https:\/\/mostra.es\/wp-content\/uploads\/2026\/04\/Escola-Municipal-de-Palillo-XXXV-Mostra-00001-18x12.jpg 18w, https:\/\/mostra.es\/wp-content\/uploads\/2026\/04\/Escola-Municipal-de-Palillo-XXXV-Mostra-00001.jpg 1500w\" sizes=\"(max-width: 1024px) 100vw, 1024px\" \/><\/figure>\n\n\n\n<figure class=\"wp-block-image size-large\"><img decoding=\"async\" width=\"1024\" height=\"683\" data-id=\"7056\" src=\"https:\/\/mostra.es\/wp-content\/uploads\/2026\/04\/Escola-Municipal-de-Palillo-XXXV-Mostra-00002-1024x683.jpg\" alt=\"\" class=\"wp-image-7056\" title=\"\" srcset=\"https:\/\/mostra.es\/wp-content\/uploads\/2026\/04\/Escola-Municipal-de-Palillo-XXXV-Mostra-00002-1024x683.jpg 1024w, https:\/\/mostra.es\/wp-content\/uploads\/2026\/04\/Escola-Municipal-de-Palillo-XXXV-Mostra-00002-300x200.jpg 300w, https:\/\/mostra.es\/wp-content\/uploads\/2026\/04\/Escola-Municipal-de-Palillo-XXXV-Mostra-00002-768x512.jpg 768w, https:\/\/mostra.es\/wp-content\/uploads\/2026\/04\/Escola-Municipal-de-Palillo-XXXV-Mostra-00002-18x12.jpg 18w, https:\/\/mostra.es\/wp-content\/uploads\/2026\/04\/Escola-Municipal-de-Palillo-XXXV-Mostra-00002.jpg 1500w\" sizes=\"(max-width: 1024px) 100vw, 1024px\" \/><\/figure>\n\n\n\n<figure class=\"wp-block-image size-large\"><img decoding=\"async\" width=\"1024\" height=\"683\" data-id=\"7057\" src=\"https:\/\/mostra.es\/wp-content\/uploads\/2026\/04\/Escola-Municipal-de-Palillo-XXXV-Mostra-00003-1024x683.jpg\" alt=\"\" class=\"wp-image-7057\" title=\"\" srcset=\"https:\/\/mostra.es\/wp-content\/uploads\/2026\/04\/Escola-Municipal-de-Palillo-XXXV-Mostra-00003-1024x683.jpg 1024w, https:\/\/mostra.es\/wp-content\/uploads\/2026\/04\/Escola-Municipal-de-Palillo-XXXV-Mostra-00003-300x200.jpg 300w, https:\/\/mostra.es\/wp-content\/uploads\/2026\/04\/Escola-Municipal-de-Palillo-XXXV-Mostra-00003-768x512.jpg 768w, https:\/\/mostra.es\/wp-content\/uploads\/2026\/04\/Escola-Municipal-de-Palillo-XXXV-Mostra-00003-18x12.jpg 18w, https:\/\/mostra.es\/wp-content\/uploads\/2026\/04\/Escola-Municipal-de-Palillo-XXXV-Mostra-00003.jpg 1500w\" sizes=\"(max-width: 1024px) 100vw, 1024px\" \/><\/figure>\n\n\n\n<figure class=\"wp-block-image size-large\"><img loading=\"lazy\" decoding=\"async\" width=\"1024\" height=\"683\" data-id=\"7058\" src=\"https:\/\/mostra.es\/wp-content\/uploads\/2026\/04\/Escola-Municipal-de-Palillo-XXXV-Mostra-00004-1024x683.jpg\" alt=\"\" class=\"wp-image-7058\" title=\"\" srcset=\"https:\/\/mostra.es\/wp-content\/uploads\/2026\/04\/Escola-Municipal-de-Palillo-XXXV-Mostra-00004-1024x683.jpg 1024w, https:\/\/mostra.es\/wp-content\/uploads\/2026\/04\/Escola-Municipal-de-Palillo-XXXV-Mostra-00004-300x200.jpg 300w, https:\/\/mostra.es\/wp-content\/uploads\/2026\/04\/Escola-Municipal-de-Palillo-XXXV-Mostra-00004-768x512.jpg 768w, https:\/\/mostra.es\/wp-content\/uploads\/2026\/04\/Escola-Municipal-de-Palillo-XXXV-Mostra-00004-18x12.jpg 18w, https:\/\/mostra.es\/wp-content\/uploads\/2026\/04\/Escola-Municipal-de-Palillo-XXXV-Mostra-00004.jpg 1500w\" sizes=\"(max-width: 1024px) 100vw, 1024px\" \/><\/figure>\n\n\n\n<figure class=\"wp-block-image size-large\"><img loading=\"lazy\" decoding=\"async\" width=\"1024\" height=\"683\" data-id=\"7059\" src=\"https:\/\/mostra.es\/wp-content\/uploads\/2026\/04\/Escola-Municipal-de-Palillo-XXXV-Mostra-00005-1024x683.jpg\" alt=\"\" class=\"wp-image-7059\" title=\"\" srcset=\"https:\/\/mostra.es\/wp-content\/uploads\/2026\/04\/Escola-Municipal-de-Palillo-XXXV-Mostra-00005-1024x683.jpg 1024w, https:\/\/mostra.es\/wp-content\/uploads\/2026\/04\/Escola-Municipal-de-Palillo-XXXV-Mostra-00005-300x200.jpg 300w, https:\/\/mostra.es\/wp-content\/uploads\/2026\/04\/Escola-Municipal-de-Palillo-XXXV-Mostra-00005-768x512.jpg 768w, https:\/\/mostra.es\/wp-content\/uploads\/2026\/04\/Escola-Municipal-de-Palillo-XXXV-Mostra-00005-18x12.jpg 18w, https:\/\/mostra.es\/wp-content\/uploads\/2026\/04\/Escola-Municipal-de-Palillo-XXXV-Mostra-00005.jpg 1500w\" sizes=\"(max-width: 1024px) 100vw, 1024px\" \/><\/figure>\n<\/figure>","protected":false},"excerpt":{"rendered":"<p>After the PequEncaixe parade, they received a gift from the City Council for their work throughout the year.<\/p>\n<p>Camelle&#039;s boyfriend, Sebasti\u00e1n Allones Dans, winner of the talent contest on the program &#039;Quen anda a\u00ed&#039;, performed during the morning parades.<\/p>","protected":false},"author":1,"featured_media":7059,"comment_status":"open","ping_status":"closed","sticky":false,"template":"","format":"standard","meta":{"footnotes":""},"categories":[10],"tags":[557,567],"class_list":["post-7054","post","type-post","status-publish","format-standard","has-post-thumbnail","hentry","category-prensa","tag-escola-municipal-de-palillo","tag-xxxv-mostra-do-encaixe"],"_links":{"self":[{"href":"https:\/\/mostra.es\/en\/wp-json\/wp\/v2\/posts\/7054","targetHints":{"allow":["GET"]}}],"collection":[{"href":"https:\/\/mostra.es\/en\/wp-json\/wp\/v2\/posts"}],"about":[{"href":"https:\/\/mostra.es\/en\/wp-json\/wp\/v2\/types\/post"}],"author":[{"embeddable":true,"href":"https:\/\/mostra.es\/en\/wp-json\/wp\/v2\/users\/1"}],"replies":[{"embeddable":true,"href":"https:\/\/mostra.es\/en\/wp-json\/wp\/v2\/comments?post=7054"}],"version-history":[{"count":1,"href":"https:\/\/mostra.es\/en\/wp-json\/wp\/v2\/posts\/7054\/revisions"}],"predecessor-version":[{"id":7060,"href":"https:\/\/mostra.es\/en\/wp-json\/wp\/v2\/posts\/7054\/revisions\/7060"}],"wp:featuredmedia":[{"embeddable":true,"href":"https:\/\/mostra.es\/en\/wp-json\/wp\/v2\/media\/7059"}],"wp:attachment":[{"href":"https:\/\/mostra.es\/en\/wp-json\/wp\/v2\/media?parent=7054"}],"wp:term":[{"taxonomy":"category","embeddable":true,"href":"https:\/\/mostra.es\/en\/wp-json\/wp\/v2\/categories?post=7054"},{"taxonomy":"post_tag","embeddable":true,"href":"https:\/\/mostra.es\/en\/wp-json\/wp\/v2\/tags?post=7054"}],"curies":[{"name":"wp","href":"https:\/\/api.w.org\/{rel}","templated":true}]}}