{"id":7042,"date":"2026-04-06T18:25:18","date_gmt":"2026-04-06T16:25:18","guid":{"rendered":"https:\/\/mostra.es\/?p=7042"},"modified":"2026-04-06T18:32:25","modified_gmt":"2026-04-06T16:32:25","slug":"alfonso-de-sas-with-1898-the-absent-father-and-xan-and-antonio-fernandez-with-the-costa-da-morte-naturally-unique-finish-the-literary-presentations-of-the-xxxv-sample-d","status":"publish","type":"post","link":"https:\/\/mostra.es\/en\/actualidade\/prensa\/alfonso-de-sas-con-1898-el-padre-ausente-e-xan-e-antonio-fernandez-con-a-costa-da-morte-naturalmente-unica-rematan-as-presentacions-literarias-da-xxxv-mostra-d\/","title":{"rendered":"Alfonso de Sas, with &#039;1898-El Padre Ausente&#039;, and Xan and Antonio Fern\u00e1ndez, with &#039;A Costa da Morte, naturally unique&#039;, conclude the literary presentations of the XXXV Mostra do Encaixe"},"content":{"rendered":"<p>Today, Saturday 5 April, the literary presentations of the Camari\u00f1as Lace Exhibition of the Provincial Council of A Coru\u00f1a ended. The main authors of the day were Alfonso de Sas, with his work &#039;1898-El Padre Ausente&#039; and Xan Fern\u00e1ndez and Antonio Fern\u00e1ndez, with &#039;A Costa da Morte, naturally unique&#039;.<\/p>\n\n\n\n<p>\u2018&#039;1898-El Padre Ausente&#039; is the culmination of a gripping trilogy whose title is based on one of the most well-known places in Camari\u00f1as: El cementerio de los ingleses. \u2019Alfonso is now part of the Mostra family, and there is no better setting than this to celebrate the end of this wonderful literary adventure,\u201c said the mayor of Camari\u00f1as, Sandra Insua.&nbsp;<\/p>\n\n\n\n<p>On the other hand, &#039;The Costa da Morte, naturally unique&#039; is a large-format book promoted by the Costa da Morte Tourism Professionals Association that features masterful texts by researcher and writer Xan Fern\u00e1ndez Carrera and spectacular photographs by Antonio Fern\u00e1ndez.<\/p>\n\n\n\n<p>\u201c&quot;This publication was born with the vocation of being the great showcase of the seventeen municipalities that make up our geodestination. Through its pages it invites us to discover our heritage and our nature, helping us to build our brand as an authentic, inspiring and quality destination&quot;, indicated the mayor.<\/p>\n\n\n\n<figure class=\"wp-block-gallery has-nested-images columns-default is-cropped wp-block-gallery-1 is-layout-flex wp-block-gallery-is-layout-flex\">\n<figure class=\"wp-block-image size-large\"><img fetchpriority=\"high\" decoding=\"async\" width=\"1024\" height=\"683\" data-id=\"7045\" src=\"https:\/\/mostra.es\/wp-content\/uploads\/2026\/04\/Presentacions-literarias-na-XXXV-Mostra-00003-1024x683.jpg\" alt=\"\" class=\"wp-image-7045\" title=\"\" srcset=\"https:\/\/mostra.es\/wp-content\/uploads\/2026\/04\/Presentacions-literarias-na-XXXV-Mostra-00003-1024x683.jpg 1024w, https:\/\/mostra.es\/wp-content\/uploads\/2026\/04\/Presentacions-literarias-na-XXXV-Mostra-00003-300x200.jpg 300w, https:\/\/mostra.es\/wp-content\/uploads\/2026\/04\/Presentacions-literarias-na-XXXV-Mostra-00003-768x512.jpg 768w, https:\/\/mostra.es\/wp-content\/uploads\/2026\/04\/Presentacions-literarias-na-XXXV-Mostra-00003-18x12.jpg 18w, https:\/\/mostra.es\/wp-content\/uploads\/2026\/04\/Presentacions-literarias-na-XXXV-Mostra-00003.jpg 1500w\" sizes=\"(max-width: 1024px) 100vw, 1024px\" \/><\/figure>\n\n\n\n<figure class=\"wp-block-image size-large\"><img decoding=\"async\" width=\"1024\" height=\"683\" data-id=\"7044\" src=\"https:\/\/mostra.es\/wp-content\/uploads\/2026\/04\/Presentacions-literarias-na-XXXV-Mostra-00002-1024x683.jpg\" alt=\"\" class=\"wp-image-7044\" title=\"\" srcset=\"https:\/\/mostra.es\/wp-content\/uploads\/2026\/04\/Presentacions-literarias-na-XXXV-Mostra-00002-1024x683.jpg 1024w, https:\/\/mostra.es\/wp-content\/uploads\/2026\/04\/Presentacions-literarias-na-XXXV-Mostra-00002-300x200.jpg 300w, https:\/\/mostra.es\/wp-content\/uploads\/2026\/04\/Presentacions-literarias-na-XXXV-Mostra-00002-768x512.jpg 768w, https:\/\/mostra.es\/wp-content\/uploads\/2026\/04\/Presentacions-literarias-na-XXXV-Mostra-00002-18x12.jpg 18w, https:\/\/mostra.es\/wp-content\/uploads\/2026\/04\/Presentacions-literarias-na-XXXV-Mostra-00002.jpg 1500w\" sizes=\"(max-width: 1024px) 100vw, 1024px\" \/><\/figure>\n\n\n\n<figure class=\"wp-block-image size-large\"><img decoding=\"async\" width=\"1024\" height=\"683\" data-id=\"7043\" src=\"https:\/\/mostra.es\/wp-content\/uploads\/2026\/04\/Presentacions-literarias-na-XXXV-Mostra-00001-1024x683.jpg\" alt=\"\" class=\"wp-image-7043\" title=\"\" srcset=\"https:\/\/mostra.es\/wp-content\/uploads\/2026\/04\/Presentacions-literarias-na-XXXV-Mostra-00001-1024x683.jpg 1024w, https:\/\/mostra.es\/wp-content\/uploads\/2026\/04\/Presentacions-literarias-na-XXXV-Mostra-00001-300x200.jpg 300w, https:\/\/mostra.es\/wp-content\/uploads\/2026\/04\/Presentacions-literarias-na-XXXV-Mostra-00001-768x512.jpg 768w, https:\/\/mostra.es\/wp-content\/uploads\/2026\/04\/Presentacions-literarias-na-XXXV-Mostra-00001-18x12.jpg 18w, https:\/\/mostra.es\/wp-content\/uploads\/2026\/04\/Presentacions-literarias-na-XXXV-Mostra-00001.jpg 1500w\" sizes=\"(max-width: 1024px) 100vw, 1024px\" \/><\/figure>\n<\/figure>\n\n\n\n<p><strong>Consolidated programming<\/strong><\/p>\n\n\n\n<p>The literary program of the Mostra continued to consolidate itself in the XXXV Mostra do Encaixe de Camari\u00f1as Deputaci\u00f3n de A Coru\u00f1a with the presentations of: &#039;Punto de Ara\u00f1a&#039;, by Nerea Pallares; &#039;A princesa dourada&#039;, by Anxo Mouzo; &#039;\u00c1ngeles accusadores&#039;, by Diego Garrote; &#039;1898 \u2013 El padre ausente&#039;, by Alfonso de Sas; &#039;A Costa da Morte, naturally unique&#039; by Xan Fern\u00e1ndez Carrera and Antonio Fern\u00e1ndez.&nbsp;<\/p>","protected":false},"excerpt":{"rendered":"<p>The literary programming is consolidated at the event, which hosted 5 presentations in the last 3 days.\u00a0\u00a0<\/p>","protected":false},"author":1,"featured_media":7046,"comment_status":"open","ping_status":"closed","sticky":false,"template":"","format":"standard","meta":{"footnotes":""},"categories":[10],"tags":[390,567],"class_list":["post-7042","post","type-post","status-publish","format-standard","has-post-thumbnail","hentry","category-prensa","tag-literatura","tag-xxxv-mostra-do-encaixe"],"_links":{"self":[{"href":"https:\/\/mostra.es\/en\/wp-json\/wp\/v2\/posts\/7042","targetHints":{"allow":["GET"]}}],"collection":[{"href":"https:\/\/mostra.es\/en\/wp-json\/wp\/v2\/posts"}],"about":[{"href":"https:\/\/mostra.es\/en\/wp-json\/wp\/v2\/types\/post"}],"author":[{"embeddable":true,"href":"https:\/\/mostra.es\/en\/wp-json\/wp\/v2\/users\/1"}],"replies":[{"embeddable":true,"href":"https:\/\/mostra.es\/en\/wp-json\/wp\/v2\/comments?post=7042"}],"version-history":[{"count":1,"href":"https:\/\/mostra.es\/en\/wp-json\/wp\/v2\/posts\/7042\/revisions"}],"predecessor-version":[{"id":7047,"href":"https:\/\/mostra.es\/en\/wp-json\/wp\/v2\/posts\/7042\/revisions\/7047"}],"wp:featuredmedia":[{"embeddable":true,"href":"https:\/\/mostra.es\/en\/wp-json\/wp\/v2\/media\/7046"}],"wp:attachment":[{"href":"https:\/\/mostra.es\/en\/wp-json\/wp\/v2\/media?parent=7042"}],"wp:term":[{"taxonomy":"category","embeddable":true,"href":"https:\/\/mostra.es\/en\/wp-json\/wp\/v2\/categories?post=7042"},{"taxonomy":"post_tag","embeddable":true,"href":"https:\/\/mostra.es\/en\/wp-json\/wp\/v2\/tags?post=7042"}],"curies":[{"name":"wp","href":"https:\/\/api.w.org\/{rel}","templated":true}]}}