{"id":7034,"date":"2026-04-03T23:23:43","date_gmt":"2026-04-03T21:23:43","guid":{"rendered":"https:\/\/mostra.es\/?p=7034"},"modified":"2026-04-03T23:23:44","modified_gmt":"2026-04-03T21:23:44","slug":"o-camarinan-diego-garrote-with-angeles-accusers-continues-with-the-literary-presentations-of-the-xxxv-show-of-lace","status":"publish","type":"post","link":"https:\/\/mostra.es\/en\/actualidade\/prensa\/o-camarinan-diego-garrote-con-angeles-acusadores-continua-coas-presentacions-literarias-da-xxxv-mostra-do-encaixe\/","title":{"rendered":"The Camari\u00f1o artist Diego Garrote, with &#039;\u00c1ngeles Acusadores&#039;, continues with the literary presentations of the XXXV Mostra do Encaixe"},"content":{"rendered":"<p>Today, Friday, April 3, the literary presentations of the Mostra do Encaixe de Camari\u00f1as Provincial Council of A Coru\u00f1a began. The author from Camari\u00f1as Diego Garrote was the protagonist of the third day of the event with his work &#039;\u00c1ngeles accusadores&#039;.\u00a0<\/p>\n\n\n\n<p>\u2018&#039;Accusing Angels&#039; is the first in a series of crime novels set on the Costa da Morte and starring private detective Nahiara Bermolen. In this case, the investigator investigates who is behind a blackmail note that threatens to publish compromising photos and videos of a sixteen-year-old teenager.<\/p>\n\n\n\n<p>Diego Garrote, who lives in Mu\u00ed\u00f1o do Vento (Camari\u00f1as), very close to the Museo do Encaixe, explains that the reader who delve into his work will find \u201ca very entertaining and direct investigative novel, that doesn&#039;t mince words\u201d and highlights that \u201cfor me it is an honor to be able to present it in my town and that people are interested in it\u201d.<\/p>\n\n\n\n<p><strong>Upcoming presentations<\/strong><br>The literary program will continue on <strong>Saturday, April 4<\/strong> with two new dates. At 11:40, Alfonso de Sas will present &#039;1898 \u2013 The Absent Father&#039;, the last part of the trilogy of &#039;The English Cemetery&#039;. Finally, at 12:00, &#039;A Costa da Morte, naturally unique&#039; by Xan Fern\u00e1ndez Carrera and Antonio Fern\u00e1ndez will be presented, an act that will be hosted by Pepe Formoso.\u00a0<\/p>\n\n\n\n<figure class=\"wp-block-embed is-type-video is-provider-youtube wp-block-embed-youtube wp-embed-aspect-16-9 wp-has-aspect-ratio\"><div class=\"wp-block-embed__wrapper\">\n<iframe title=\"Spot XXXV Camari\u00f1as Lace Exhibition 2026\" width=\"800\" height=\"450\" src=\"https:\/\/www.youtube.com\/embed\/D7fdQ6-G5Do?feature=oembed\" frameborder=\"0\" allow=\"accelerometer; autoplay; clipboard-write; encrypted-media; gyroscope; picture-in-picture; web-share\" referrerpolicy=\"strict-origin-when-cross-origin\" allowfullscreen><\/iframe>\n<\/div><\/figure>","protected":false},"excerpt":{"rendered":"<p>Tomorrow, Saturday, April 4, Alfonso de Sas, Xan Fern\u00e1ndez Carrera and Antonio Fern\u00e1ndez will continue.\u00a0<\/p>","protected":false},"author":1,"featured_media":7035,"comment_status":"open","ping_status":"closed","sticky":false,"template":"","format":"standard","meta":{"footnotes":""},"categories":[10],"tags":[390,501,567],"class_list":["post-7034","post","type-post","status-publish","format-standard","has-post-thumbnail","hentry","category-prensa","tag-literatura","tag-presentacions","tag-xxxv-mostra-do-encaixe"],"_links":{"self":[{"href":"https:\/\/mostra.es\/en\/wp-json\/wp\/v2\/posts\/7034","targetHints":{"allow":["GET"]}}],"collection":[{"href":"https:\/\/mostra.es\/en\/wp-json\/wp\/v2\/posts"}],"about":[{"href":"https:\/\/mostra.es\/en\/wp-json\/wp\/v2\/types\/post"}],"author":[{"embeddable":true,"href":"https:\/\/mostra.es\/en\/wp-json\/wp\/v2\/users\/1"}],"replies":[{"embeddable":true,"href":"https:\/\/mostra.es\/en\/wp-json\/wp\/v2\/comments?post=7034"}],"version-history":[{"count":1,"href":"https:\/\/mostra.es\/en\/wp-json\/wp\/v2\/posts\/7034\/revisions"}],"predecessor-version":[{"id":7036,"href":"https:\/\/mostra.es\/en\/wp-json\/wp\/v2\/posts\/7034\/revisions\/7036"}],"wp:featuredmedia":[{"embeddable":true,"href":"https:\/\/mostra.es\/en\/wp-json\/wp\/v2\/media\/7035"}],"wp:attachment":[{"href":"https:\/\/mostra.es\/en\/wp-json\/wp\/v2\/media?parent=7034"}],"wp:term":[{"taxonomy":"category","embeddable":true,"href":"https:\/\/mostra.es\/en\/wp-json\/wp\/v2\/categories?post=7034"},{"taxonomy":"post_tag","embeddable":true,"href":"https:\/\/mostra.es\/en\/wp-json\/wp\/v2\/tags?post=7034"}],"curies":[{"name":"wp","href":"https:\/\/api.w.org\/{rel}","templated":true}]}}