{"id":7025,"date":"2026-04-02T22:09:24","date_gmt":"2026-04-02T20:09:24","guid":{"rendered":"https:\/\/mostra.es\/?p=7025"},"modified":"2026-04-02T22:09:24","modified_gmt":"2026-04-02T20:09:24","slug":"the-xxxii-new-designers-contest-kicks-off-with-29-promising-fashion-designers","status":"publish","type":"post","link":"https:\/\/mostra.es\/en\/actualidade\/prensa\/arrinca-o-xxxii-concurso-de-noveis-desenadores-con-29-promesas-da-moda\/","title":{"rendered":"The XXXII New Designers Competition begins with 29 promising fashion designers"},"content":{"rendered":"<p>Today, Thursday, April 2, the 29 finalists participating in the XXXII New Designers Competition, a commitment by the organization to emerging talent, took to the catwalk for the first time at this XXXV Camari\u00f1as Lace Exhibition, Provincial Council of A Coru\u00f1a.<\/p>\n\n\n\n<p>A total of 25 collections by the designers: Adriana Alonso \u00c1lvarez (Santiago de Compostela); Ainhoa Trueba L\u00f3pez (Torrelavega, Cantabria); Alba Mart\u00ednez Arjona (Terrassa); Andrea Alegr\u00eda Ballester (Santander, Cantabria); Andrea Bernado Gil (Lleida); Andrea G\u00f3mez Us\u00f3 (Tabernes Blanques, Valencia); Borja Pintos Nieto (Madrid); Carla Ayllon Ferraro (Valencia); Carlota Paradela Sued (Santander, Cantabria); Chenxi Zhao (Santa Coloma de Gramenet, Barcelona); David Fern\u00e1ndez Fern\u00e1ndez (A Coru\u00f1a); Eduardo Rial Barral (Viladecruces, Pontevedra); Enmma Ritzo (Santander, Cantabria); Estefan\u00eda Orgaz Fern\u00e1ndez (Orro, Culleredo); Gloria Garc\u00eda Cuenca (Madrid); Iria Navarrete Ponte (Nigr\u00e1n); Javier Requena L\u00f3pez (La Rinconada, Seville); Jos\u00e9 R\u00f3denas Colomer (L&#039;Eliana); Josu Santos Blanco (Sobrado do Bispo, Ourense); Laura Freire Feijoo (Aranga, A Coru\u00f1a); Leticia Rodr\u00edguez Cancela (Cospeito, Lugo); Luc\u00eda Cornide Mui\u00f1o (Brexo, Cambre); Luc\u00eda Garc\u00eda Palmero (Granada); Mar\u00eda Beatriz Zambrano Moreno (Santander); Marina Lamelo Ballejo (Santiago de Compostela); Marina Mart\u00edn Garc\u00eda (Antequera, M\u00e1laga); Nicol\u00e1s Liste Oubel (Santiago de Compostela); Noelia Barreiro Gonz\u00e1lez (Santiago de Compostela); Pau Borr\u00f3s Jaques (Barcelona); Pedro Orgaz Fern\u00e1ndez (Orro, Culleredo); Roc\u00edo Molina L\u00f3pez (Rest\u00e1bal, Granada); Rub\u00e9n P\u00e9rez Ornedo (La Palma del Condado, Huelva); Sheila P\u00e9rez Garrido (Madrid); Sofia Garc\u00eda Rodr\u00edguez (Pontevedra).<\/p>\n\n\n\n<figure class=\"wp-block-gallery has-nested-images columns-default is-cropped wp-block-gallery-1 is-layout-flex wp-block-gallery-is-layout-flex\">\n<figure class=\"wp-block-image size-large\"><img fetchpriority=\"high\" decoding=\"async\" width=\"1024\" height=\"683\" data-id=\"7026\" src=\"https:\/\/mostra.es\/wp-content\/uploads\/2026\/04\/XXXII-Concurso-de-Noveis-Desenadores-2026-00001-1024x683.jpg\" alt=\"\" class=\"wp-image-7026\" title=\"\" srcset=\"https:\/\/mostra.es\/wp-content\/uploads\/2026\/04\/XXXII-Concurso-de-Noveis-Desenadores-2026-00001-1024x683.jpg 1024w, https:\/\/mostra.es\/wp-content\/uploads\/2026\/04\/XXXII-Concurso-de-Noveis-Desenadores-2026-00001-300x200.jpg 300w, https:\/\/mostra.es\/wp-content\/uploads\/2026\/04\/XXXII-Concurso-de-Noveis-Desenadores-2026-00001-768x512.jpg 768w, https:\/\/mostra.es\/wp-content\/uploads\/2026\/04\/XXXII-Concurso-de-Noveis-Desenadores-2026-00001-18x12.jpg 18w, https:\/\/mostra.es\/wp-content\/uploads\/2026\/04\/XXXII-Concurso-de-Noveis-Desenadores-2026-00001.jpg 1500w\" sizes=\"(max-width: 1024px) 100vw, 1024px\" \/><\/figure>\n\n\n\n<figure class=\"wp-block-image size-large\"><img decoding=\"async\" width=\"1024\" height=\"683\" data-id=\"7027\" src=\"https:\/\/mostra.es\/wp-content\/uploads\/2026\/04\/XXXII-Concurso-de-Noveis-Desenadores-2026-00002-1024x683.jpg\" alt=\"\" class=\"wp-image-7027\" title=\"\" srcset=\"https:\/\/mostra.es\/wp-content\/uploads\/2026\/04\/XXXII-Concurso-de-Noveis-Desenadores-2026-00002-1024x683.jpg 1024w, https:\/\/mostra.es\/wp-content\/uploads\/2026\/04\/XXXII-Concurso-de-Noveis-Desenadores-2026-00002-300x200.jpg 300w, https:\/\/mostra.es\/wp-content\/uploads\/2026\/04\/XXXII-Concurso-de-Noveis-Desenadores-2026-00002-768x512.jpg 768w, https:\/\/mostra.es\/wp-content\/uploads\/2026\/04\/XXXII-Concurso-de-Noveis-Desenadores-2026-00002-18x12.jpg 18w, https:\/\/mostra.es\/wp-content\/uploads\/2026\/04\/XXXII-Concurso-de-Noveis-Desenadores-2026-00002.jpg 1500w\" sizes=\"(max-width: 1024px) 100vw, 1024px\" \/><\/figure>\n\n\n\n<figure class=\"wp-block-image size-large\"><img decoding=\"async\" width=\"1024\" height=\"683\" data-id=\"7028\" src=\"https:\/\/mostra.es\/wp-content\/uploads\/2026\/04\/XXXII-Concurso-de-Noveis-Desenadores-2026-00003-1024x683.jpg\" alt=\"\" class=\"wp-image-7028\" title=\"\" srcset=\"https:\/\/mostra.es\/wp-content\/uploads\/2026\/04\/XXXII-Concurso-de-Noveis-Desenadores-2026-00003-1024x683.jpg 1024w, https:\/\/mostra.es\/wp-content\/uploads\/2026\/04\/XXXII-Concurso-de-Noveis-Desenadores-2026-00003-300x200.jpg 300w, https:\/\/mostra.es\/wp-content\/uploads\/2026\/04\/XXXII-Concurso-de-Noveis-Desenadores-2026-00003-768x512.jpg 768w, https:\/\/mostra.es\/wp-content\/uploads\/2026\/04\/XXXII-Concurso-de-Noveis-Desenadores-2026-00003-18x12.jpg 18w, https:\/\/mostra.es\/wp-content\/uploads\/2026\/04\/XXXII-Concurso-de-Noveis-Desenadores-2026-00003.jpg 1500w\" sizes=\"(max-width: 1024px) 100vw, 1024px\" \/><\/figure>\n\n\n\n<figure class=\"wp-block-image size-large\"><img loading=\"lazy\" decoding=\"async\" width=\"1024\" height=\"683\" data-id=\"7029\" src=\"https:\/\/mostra.es\/wp-content\/uploads\/2026\/04\/XXXII-Concurso-de-Noveis-Desenadores-2026-00004-1024x683.jpg\" alt=\"\" class=\"wp-image-7029\" title=\"\" srcset=\"https:\/\/mostra.es\/wp-content\/uploads\/2026\/04\/XXXII-Concurso-de-Noveis-Desenadores-2026-00004-1024x683.jpg 1024w, https:\/\/mostra.es\/wp-content\/uploads\/2026\/04\/XXXII-Concurso-de-Noveis-Desenadores-2026-00004-300x200.jpg 300w, https:\/\/mostra.es\/wp-content\/uploads\/2026\/04\/XXXII-Concurso-de-Noveis-Desenadores-2026-00004-768x512.jpg 768w, https:\/\/mostra.es\/wp-content\/uploads\/2026\/04\/XXXII-Concurso-de-Noveis-Desenadores-2026-00004-18x12.jpg 18w, https:\/\/mostra.es\/wp-content\/uploads\/2026\/04\/XXXII-Concurso-de-Noveis-Desenadores-2026-00004.jpg 1500w\" sizes=\"(max-width: 1024px) 100vw, 1024px\" \/><\/figure>\n\n\n\n<figure class=\"wp-block-image size-large\"><img loading=\"lazy\" decoding=\"async\" width=\"1024\" height=\"575\" data-id=\"7031\" src=\"https:\/\/mostra.es\/wp-content\/uploads\/2026\/04\/XXXII-Concurso-de-Noveis-Desenadores-2026-00006-1024x575.jpg\" alt=\"\" class=\"wp-image-7031\" title=\"\" srcset=\"https:\/\/mostra.es\/wp-content\/uploads\/2026\/04\/XXXII-Concurso-de-Noveis-Desenadores-2026-00006-1024x575.jpg 1024w, https:\/\/mostra.es\/wp-content\/uploads\/2026\/04\/XXXII-Concurso-de-Noveis-Desenadores-2026-00006-300x168.jpg 300w, https:\/\/mostra.es\/wp-content\/uploads\/2026\/04\/XXXII-Concurso-de-Noveis-Desenadores-2026-00006-768x431.jpg 768w, https:\/\/mostra.es\/wp-content\/uploads\/2026\/04\/XXXII-Concurso-de-Noveis-Desenadores-2026-00006-18x10.jpg 18w, https:\/\/mostra.es\/wp-content\/uploads\/2026\/04\/XXXII-Concurso-de-Noveis-Desenadores-2026-00006.jpg 1500w\" sizes=\"(max-width: 1024px) 100vw, 1024px\" \/><\/figure>\n<\/figure>\n\n\n\n<p>Most of the selected people belong to the following schools: Valencia, Susa Su\u00e1rez Santiago de Compostela, SD Mestre Mateo, Sevilla School of Fashion, Barreira A+D, Granada Design Station, Artediez Madrid, Cesine Cantabria and Goymar School of Design.<\/p>\n\n\n\n<p>A total of 25 collections will be paraded on the catwalk of the XXXV Mostra do Encaixe de Camari\u00f1as: Amodi\u00f1o, As b\u00e1goas, Expediente 1885, Arch\u00e9, El Velo del Tiempo, Tecidas na Terra, Albor, Araiz, Voces del duelo, As vi\u00favas dos vivos, Candelaria, Vestixios do mor\u00e1na, Al\u00e9n, Febra, Cuerpos Sumergidos, Love Buried, Cuarto menguante, Mater Sanct, Auricas, Symbiosis, Pearls of the sea, Between wood and tide, Untamed, Between skin and structure and The coast that speaks.&nbsp;<\/p>\n\n\n\n<p><strong>Awards<\/strong><\/p>\n\n\n\n<p>The main objective of the competition is to encourage and promote the application of Camari\u00f1as lace in fashion. The main novelty of this edition is that prizes will be awarded to the four best collections, based on the evaluation of the official jury. The first prize will consist of 2,100 euros, the second of 1,200 euros, the third of 700 euros and the fourth of 500 euros.<\/p>\n\n\n\n<p>On Sunday, April 5, the jury&#039;s verdict will be announced.<\/p>\n\n\n\n<figure class=\"wp-block-embed is-type-video is-provider-youtube wp-block-embed-youtube wp-embed-aspect-16-9 wp-has-aspect-ratio\"><div class=\"wp-block-embed__wrapper\">\n<iframe title=\"Spot XXXV Camari\u00f1as Lace Exhibition 2026\" width=\"800\" height=\"450\" src=\"https:\/\/www.youtube.com\/embed\/D7fdQ6-G5Do?feature=oembed\" frameborder=\"0\" allow=\"accelerometer; autoplay; clipboard-write; encrypted-media; gyroscope; picture-in-picture; web-share\" referrerpolicy=\"strict-origin-when-cross-origin\" allowfullscreen><\/iframe>\n<\/div><\/figure>","protected":false},"excerpt":{"rendered":"<p>Today, groups &#039;A&#039; and &#039;B&#039; of the competition paraded down the catwalk of the XXXV Mostra do Encaixe.\u00a0<\/p>\n<p>In total, there are 25 finalist collections, with boys and girls belonging to schools from different parts of Galicia and Spain.<\/p>","protected":false},"author":1,"featured_media":7030,"comment_status":"open","ping_status":"closed","sticky":false,"template":"","format":"standard","meta":{"footnotes":""},"categories":[10],"tags":[168,567],"class_list":["post-7025","post","type-post","status-publish","format-standard","has-post-thumbnail","hentry","category-prensa","tag-concurso-de-noveis-desenadores","tag-xxxv-mostra-do-encaixe"],"_links":{"self":[{"href":"https:\/\/mostra.es\/en\/wp-json\/wp\/v2\/posts\/7025","targetHints":{"allow":["GET"]}}],"collection":[{"href":"https:\/\/mostra.es\/en\/wp-json\/wp\/v2\/posts"}],"about":[{"href":"https:\/\/mostra.es\/en\/wp-json\/wp\/v2\/types\/post"}],"author":[{"embeddable":true,"href":"https:\/\/mostra.es\/en\/wp-json\/wp\/v2\/users\/1"}],"replies":[{"embeddable":true,"href":"https:\/\/mostra.es\/en\/wp-json\/wp\/v2\/comments?post=7025"}],"version-history":[{"count":1,"href":"https:\/\/mostra.es\/en\/wp-json\/wp\/v2\/posts\/7025\/revisions"}],"predecessor-version":[{"id":7032,"href":"https:\/\/mostra.es\/en\/wp-json\/wp\/v2\/posts\/7025\/revisions\/7032"}],"wp:featuredmedia":[{"embeddable":true,"href":"https:\/\/mostra.es\/en\/wp-json\/wp\/v2\/media\/7030"}],"wp:attachment":[{"href":"https:\/\/mostra.es\/en\/wp-json\/wp\/v2\/media?parent=7025"}],"wp:term":[{"taxonomy":"category","embeddable":true,"href":"https:\/\/mostra.es\/en\/wp-json\/wp\/v2\/categories?post=7025"},{"taxonomy":"post_tag","embeddable":true,"href":"https:\/\/mostra.es\/en\/wp-json\/wp\/v2\/tags?post=7025"}],"curies":[{"name":"wp","href":"https:\/\/api.w.org\/{rel}","templated":true}]}}