{"id":7016,"date":"2026-04-02T22:02:47","date_gmt":"2026-04-02T20:02:47","guid":{"rendered":"https:\/\/mostra.es\/?p=7016"},"modified":"2026-04-02T22:10:58","modified_gmt":"2026-04-02T20:10:58","slug":"nerea-pallares-with-spiders-web-and-anxo-mouso-with-the-golden-princess-debut-the-literary-presentations-of-the-xxxv-lace-exhibition","status":"publish","type":"post","link":"https:\/\/mostra.es\/en\/actualidade\/prensa\/nerea-pallares-con-punto-de-arana-e-anxo-mouzo-con-a-princesa-dourada-estrean-as-presentacions-literarias-da-xxxv-mostra-do-encaixe\/","title":{"rendered":"Nerea Pallares, with &#039;Punto de Ara\u00f1o&#039; and Anxo Mouzo, with &#039;A Princesa Dourada&#039;, debut the literary presentations of the XXXV Mostra do Encaixe"},"content":{"rendered":"<p>Today, Thursday 2 April, the literary presentations of the Camari\u00f1as Lace Exhibition of the Provincial Council of A Coru\u00f1a began. The main authors of the day were Nerea Pallares, with her work &#039;Punto de Ara\u00f1a&#039; and Anxo Mouzo, with &#039;A Princesa Dourada&#039;.<\/p>\n\n\n\n<p>\u2018&#039;Punto de Ara\u00f1a&#039;, by Nerea Pallares, has already been awarded the Garc\u00eda Barros Prize. This work immerses us in a marine and choral story set on our Costa da Morte, woven with the voices of three generations of women. It is a true and beautiful tribute to the hands that work in silence and weave the invisible webs that sustain us.&nbsp;<\/p>\n\n\n\n<p>The mayor, Sandra Insua, highlighted that from the City Council &quot;we feel very proud to see the essence of our people and the spirit of our women reflected in this work, something that connects deeply with the tireless work of our own palilleiras.&quot;.<\/p>\n\n\n\n<p>On the other hand, &#039;The Golden Princess&#039;, is the first novel by Camelle resident Anxo Mouzo Moreira. This work of youth fantasy masterfully mixes magic and epic with the daily life of the Costa da Morte. In this story Xos\u00e9 and Marica show that great adventures and fantastic kingdoms can also be born from our streets and our people.<\/p>\n\n\n\n<p>\u201c&quot;We felt immense pride in seeing how the new generations bring the name of our land to literature and demonstrate their ability to create imaginary worlds without losing the roots of their homeland. It is a true luxury to support and give voice to creators like him,&quot; said the mayor.<\/p>\n\n\n\n<figure class=\"wp-block-gallery has-nested-images columns-default is-cropped wp-block-gallery-1 is-layout-flex wp-block-gallery-is-layout-flex\">\n<figure class=\"wp-block-image size-large\"><img fetchpriority=\"high\" decoding=\"async\" width=\"1024\" height=\"683\" data-id=\"7020\" src=\"https:\/\/mostra.es\/wp-content\/uploads\/2026\/04\/Presentacions-Literarias-na-XXXV-Mostra-do-Encaixe-Nerea-Pallares-e-Anxo-Mouzo-00004-1024x683.jpg\" alt=\"\" class=\"wp-image-7020\" title=\"\" srcset=\"https:\/\/mostra.es\/wp-content\/uploads\/2026\/04\/Presentacions-Literarias-na-XXXV-Mostra-do-Encaixe-Nerea-Pallares-e-Anxo-Mouzo-00004-1024x683.jpg 1024w, https:\/\/mostra.es\/wp-content\/uploads\/2026\/04\/Presentacions-Literarias-na-XXXV-Mostra-do-Encaixe-Nerea-Pallares-e-Anxo-Mouzo-00004-300x200.jpg 300w, https:\/\/mostra.es\/wp-content\/uploads\/2026\/04\/Presentacions-Literarias-na-XXXV-Mostra-do-Encaixe-Nerea-Pallares-e-Anxo-Mouzo-00004-768x512.jpg 768w, https:\/\/mostra.es\/wp-content\/uploads\/2026\/04\/Presentacions-Literarias-na-XXXV-Mostra-do-Encaixe-Nerea-Pallares-e-Anxo-Mouzo-00004-18x12.jpg 18w, https:\/\/mostra.es\/wp-content\/uploads\/2026\/04\/Presentacions-Literarias-na-XXXV-Mostra-do-Encaixe-Nerea-Pallares-e-Anxo-Mouzo-00004.jpg 1500w\" sizes=\"(max-width: 1024px) 100vw, 1024px\" \/><\/figure>\n\n\n\n<figure class=\"wp-block-image size-large\"><img decoding=\"async\" width=\"1024\" height=\"683\" data-id=\"7019\" src=\"https:\/\/mostra.es\/wp-content\/uploads\/2026\/04\/Presentacions-Literarias-na-XXXV-Mostra-do-Encaixe-Nerea-Pallares-e-Anxo-Mouzo-00003-1024x683.jpg\" alt=\"\" class=\"wp-image-7019\" title=\"\" srcset=\"https:\/\/mostra.es\/wp-content\/uploads\/2026\/04\/Presentacions-Literarias-na-XXXV-Mostra-do-Encaixe-Nerea-Pallares-e-Anxo-Mouzo-00003-1024x683.jpg 1024w, https:\/\/mostra.es\/wp-content\/uploads\/2026\/04\/Presentacions-Literarias-na-XXXV-Mostra-do-Encaixe-Nerea-Pallares-e-Anxo-Mouzo-00003-300x200.jpg 300w, https:\/\/mostra.es\/wp-content\/uploads\/2026\/04\/Presentacions-Literarias-na-XXXV-Mostra-do-Encaixe-Nerea-Pallares-e-Anxo-Mouzo-00003-768x512.jpg 768w, https:\/\/mostra.es\/wp-content\/uploads\/2026\/04\/Presentacions-Literarias-na-XXXV-Mostra-do-Encaixe-Nerea-Pallares-e-Anxo-Mouzo-00003-18x12.jpg 18w, https:\/\/mostra.es\/wp-content\/uploads\/2026\/04\/Presentacions-Literarias-na-XXXV-Mostra-do-Encaixe-Nerea-Pallares-e-Anxo-Mouzo-00003.jpg 1500w\" sizes=\"(max-width: 1024px) 100vw, 1024px\" \/><\/figure>\n\n\n\n<figure class=\"wp-block-image size-large\"><img decoding=\"async\" width=\"1024\" height=\"683\" data-id=\"7018\" src=\"https:\/\/mostra.es\/wp-content\/uploads\/2026\/04\/Presentacions-Literarias-na-XXXV-Mostra-do-Encaixe-Nerea-Pallares-e-Anxo-Mouzo-00002-1024x683.jpg\" alt=\"\" class=\"wp-image-7018\" title=\"\" srcset=\"https:\/\/mostra.es\/wp-content\/uploads\/2026\/04\/Presentacions-Literarias-na-XXXV-Mostra-do-Encaixe-Nerea-Pallares-e-Anxo-Mouzo-00002-1024x683.jpg 1024w, https:\/\/mostra.es\/wp-content\/uploads\/2026\/04\/Presentacions-Literarias-na-XXXV-Mostra-do-Encaixe-Nerea-Pallares-e-Anxo-Mouzo-00002-300x200.jpg 300w, https:\/\/mostra.es\/wp-content\/uploads\/2026\/04\/Presentacions-Literarias-na-XXXV-Mostra-do-Encaixe-Nerea-Pallares-e-Anxo-Mouzo-00002-768x512.jpg 768w, https:\/\/mostra.es\/wp-content\/uploads\/2026\/04\/Presentacions-Literarias-na-XXXV-Mostra-do-Encaixe-Nerea-Pallares-e-Anxo-Mouzo-00002-18x12.jpg 18w, https:\/\/mostra.es\/wp-content\/uploads\/2026\/04\/Presentacions-Literarias-na-XXXV-Mostra-do-Encaixe-Nerea-Pallares-e-Anxo-Mouzo-00002.jpg 1500w\" sizes=\"(max-width: 1024px) 100vw, 1024px\" \/><\/figure>\n\n\n\n<figure class=\"wp-block-image size-large\"><img loading=\"lazy\" decoding=\"async\" width=\"1024\" height=\"683\" data-id=\"7017\" src=\"https:\/\/mostra.es\/wp-content\/uploads\/2026\/04\/Presentacions-Literarias-na-XXXV-Mostra-do-Encaixe-Nerea-Pallares-e-Anxo-Mouzo-00001-1024x683.jpg\" alt=\"\" class=\"wp-image-7017\" title=\"\" srcset=\"https:\/\/mostra.es\/wp-content\/uploads\/2026\/04\/Presentacions-Literarias-na-XXXV-Mostra-do-Encaixe-Nerea-Pallares-e-Anxo-Mouzo-00001-1024x683.jpg 1024w, https:\/\/mostra.es\/wp-content\/uploads\/2026\/04\/Presentacions-Literarias-na-XXXV-Mostra-do-Encaixe-Nerea-Pallares-e-Anxo-Mouzo-00001-300x200.jpg 300w, https:\/\/mostra.es\/wp-content\/uploads\/2026\/04\/Presentacions-Literarias-na-XXXV-Mostra-do-Encaixe-Nerea-Pallares-e-Anxo-Mouzo-00001-768x512.jpg 768w, https:\/\/mostra.es\/wp-content\/uploads\/2026\/04\/Presentacions-Literarias-na-XXXV-Mostra-do-Encaixe-Nerea-Pallares-e-Anxo-Mouzo-00001-18x12.jpg 18w, https:\/\/mostra.es\/wp-content\/uploads\/2026\/04\/Presentacions-Literarias-na-XXXV-Mostra-do-Encaixe-Nerea-Pallares-e-Anxo-Mouzo-00001.jpg 1500w\" sizes=\"(max-width: 1024px) 100vw, 1024px\" \/><\/figure>\n<\/figure>\n\n\n\n<p><strong>Upcoming presentations<\/strong><\/p>\n\n\n\n<p>The literary program will continue on <strong>Friday, April 3<\/strong> at 12:00 with the presentation of &#039;Accusing Angels&#039; by its author, Diego Garrote.&nbsp;<\/p>\n\n\n\n<p>The <strong>Saturday, April 4<\/strong> the venue will host two new events. At 11:40 am, Alfonso de Sas will present &#039;1898 \u2013 The Absent Father&#039;, the last part of the trilogy of &#039;El Cementerio de los Ingleses&#039;. Finally, that same Saturday at 12:00 pm, &#039;A Costa da Morte, naturalmente \u00fanica&#039; by Xan Fern\u00e1ndez Carrera and Antonio Fern\u00e1ndez will be presented, an act that will be hosted by Pepe Formoso.&nbsp;<\/p>\n\n\n\n<figure class=\"wp-block-embed is-type-video is-provider-youtube wp-block-embed-youtube wp-embed-aspect-16-9 wp-has-aspect-ratio\"><div class=\"wp-block-embed__wrapper\">\n<iframe title=\"Spot XXXV Camari\u00f1as Lace Exhibition 2026\" width=\"800\" height=\"450\" src=\"https:\/\/www.youtube.com\/embed\/D7fdQ6-G5Do?feature=oembed\" frameborder=\"0\" allow=\"accelerometer; autoplay; clipboard-write; encrypted-media; gyroscope; picture-in-picture; web-share\" referrerpolicy=\"strict-origin-when-cross-origin\" allowfullscreen><\/iframe>\n<\/div><\/figure>","protected":false},"excerpt":{"rendered":"<p>Tomorrow, Friday, April 3, and Saturday, April 4, Diego Garrote, Alfonso de Sas, Xan Fern\u00e1ndez Carrera and Antonio Fern\u00e1ndez will continue.\u00a0<\/p>","protected":false},"author":1,"featured_media":7018,"comment_status":"open","ping_status":"closed","sticky":false,"template":"","format":"standard","meta":{"footnotes":""},"categories":[10],"tags":[390,501,567],"class_list":["post-7016","post","type-post","status-publish","format-standard","has-post-thumbnail","hentry","category-prensa","tag-literatura","tag-presentacions","tag-xxxv-mostra-do-encaixe"],"_links":{"self":[{"href":"https:\/\/mostra.es\/en\/wp-json\/wp\/v2\/posts\/7016","targetHints":{"allow":["GET"]}}],"collection":[{"href":"https:\/\/mostra.es\/en\/wp-json\/wp\/v2\/posts"}],"about":[{"href":"https:\/\/mostra.es\/en\/wp-json\/wp\/v2\/types\/post"}],"author":[{"embeddable":true,"href":"https:\/\/mostra.es\/en\/wp-json\/wp\/v2\/users\/1"}],"replies":[{"embeddable":true,"href":"https:\/\/mostra.es\/en\/wp-json\/wp\/v2\/comments?post=7016"}],"version-history":[{"count":1,"href":"https:\/\/mostra.es\/en\/wp-json\/wp\/v2\/posts\/7016\/revisions"}],"predecessor-version":[{"id":7021,"href":"https:\/\/mostra.es\/en\/wp-json\/wp\/v2\/posts\/7016\/revisions\/7021"}],"wp:featuredmedia":[{"embeddable":true,"href":"https:\/\/mostra.es\/en\/wp-json\/wp\/v2\/media\/7018"}],"wp:attachment":[{"href":"https:\/\/mostra.es\/en\/wp-json\/wp\/v2\/media?parent=7016"}],"wp:term":[{"taxonomy":"category","embeddable":true,"href":"https:\/\/mostra.es\/en\/wp-json\/wp\/v2\/categories?post=7016"},{"taxonomy":"post_tag","embeddable":true,"href":"https:\/\/mostra.es\/en\/wp-json\/wp\/v2\/tags?post=7016"}],"curies":[{"name":"wp","href":"https:\/\/api.w.org\/{rel}","templated":true}]}}