{"id":6952,"date":"2026-04-02T08:14:26","date_gmt":"2026-04-02T06:14:26","guid":{"rendered":"https:\/\/mostra.es\/?p=6952"},"modified":"2026-04-02T08:14:26","modified_gmt":"2026-04-02T06:14:26","slug":"during-holy-week-thread-becomes-art-at-the-xxxv-lace-exhibition-of-the-provincial-council-of-a-coruna","status":"publish","type":"post","link":"https:\/\/mostra.es\/en\/actualidade\/prensa\/en-semana-santa-o-fio-convertese-en-arte-na-xxxv-mostra-do-encaixe-deputacion-da-coruna\/","title":{"rendered":"During Easter, thread becomes art at the XXXV Lace Exhibition of the Provincial Council of A Coru\u00f1a\u00a0"},"content":{"rendered":"<p>The XXXV Camari\u00f1as Lace Exhibition of the Provincial Council of A Coru\u00f1a has begun, an edition that will be held from today, Wednesday, April 1, to Sunday, April 5 and that, with the motto &#039;Where thread becomes art&#039;, seeks to highlight the municipality as the point where the heart of craftsmanship in Galicia beats most strongly.&nbsp;<\/p>\n\n\n\n<p>The mayor of Camari\u00f1as, Sandra Insua; the Government delegate, Pedro Blanco; the provincial deputy of the region, M\u00f3nica Rodr\u00edguez; the general director of Commerce of the Xunta de Galicia, Gabriel Al\u00e9n; and the director of the Galician Tourism Agency, Xos\u00e9 Manuel Merelles, were in charge of cutting the lace ribbon that, symbolically, gives the starting signal to the Mostra.<\/p>\n\n\n\n<p>Sandra Insua began her speech by referring to the fact that a date as significant as the thirty-fifth anniversary of the event \u201copens its doors in a global context that we cannot and should not ignore\u201d. \u201cWe are living in turbulent times, surrounded by international instability that, although it may seem distant, affects us in our lives and in our day-to-day lives. The escalation of tension and the war against Iran fill the news with pain and uncertainty. Therefore, from this humble but proud corner of the Atlantic, today I want to take advantage of this loudspeaker to exclaim a clear, resounding and necessary: NO TO WAR\u201d, she exclaimed.&nbsp;<\/p>\n\n\n\n<figure class=\"wp-block-image size-large\"><img fetchpriority=\"high\" decoding=\"async\" width=\"1024\" height=\"683\" src=\"https:\/\/mostra.es\/wp-content\/uploads\/2026\/04\/Inaguracion-da-XXXV-Mostra-do-Encaixe-de-Camarinas-00001-1024x683.jpg\" alt=\"\" class=\"wp-image-6953\" title=\"\" srcset=\"https:\/\/mostra.es\/wp-content\/uploads\/2026\/04\/Inaguracion-da-XXXV-Mostra-do-Encaixe-de-Camarinas-00001-1024x683.jpg 1024w, https:\/\/mostra.es\/wp-content\/uploads\/2026\/04\/Inaguracion-da-XXXV-Mostra-do-Encaixe-de-Camarinas-00001-300x200.jpg 300w, https:\/\/mostra.es\/wp-content\/uploads\/2026\/04\/Inaguracion-da-XXXV-Mostra-do-Encaixe-de-Camarinas-00001-768x512.jpg 768w, https:\/\/mostra.es\/wp-content\/uploads\/2026\/04\/Inaguracion-da-XXXV-Mostra-do-Encaixe-de-Camarinas-00001-18x12.jpg 18w, https:\/\/mostra.es\/wp-content\/uploads\/2026\/04\/Inaguracion-da-XXXV-Mostra-do-Encaixe-de-Camarinas-00001.jpg 1500w\" sizes=\"(max-width: 1024px) 100vw, 1024px\" \/><\/figure>\n\n\n\n<p>The mayor also wanted to acknowledge the seafarers, who are suffering &quot;a time of immense difficulties for the sector. Our sailors have experienced the anguish of not being able to go out to sea with their boats for long months. And our shellfish gatherers are in a titanic struggle, fighting for our estuary to bear fruit again, while they suffer the injustice of being left out of the announced aid. From here, our recognition and our unconditional support go to each and every one of them. I know for a fact that the fishmonger was, is and will be an essential economic livelihood for these families.&quot;.<\/p>\n\n\n\n<p>\u201cBecause what our lacemakers do is art, technique and the future. And that future is already bearing great fruit at an industrial level. Today I can announce to you with immense satisfaction that the City Council has been working for a year, hand in hand with our lacemakers, in a great collaboration with a textile multinational known to all. A milestone that shows that Camari\u00f1as lace is absolutely avant-garde and a real economic engine. Soon we will be able to tell you more about this alliance that makes us very happy and that once again places a product as artisanal as lace on the international map\u201d, he announced.<\/p>\n\n\n\n<figure class=\"wp-block-image size-large\"><img decoding=\"async\" width=\"1024\" height=\"683\" src=\"https:\/\/mostra.es\/wp-content\/uploads\/2026\/04\/Inaguracion-da-XXXV-Mostra-do-Encaixe-de-Camarinas-00007-1024x683.jpg\" alt=\"\" class=\"wp-image-6959\" title=\"\" srcset=\"https:\/\/mostra.es\/wp-content\/uploads\/2026\/04\/Inaguracion-da-XXXV-Mostra-do-Encaixe-de-Camarinas-00007-1024x683.jpg 1024w, https:\/\/mostra.es\/wp-content\/uploads\/2026\/04\/Inaguracion-da-XXXV-Mostra-do-Encaixe-de-Camarinas-00007-300x200.jpg 300w, https:\/\/mostra.es\/wp-content\/uploads\/2026\/04\/Inaguracion-da-XXXV-Mostra-do-Encaixe-de-Camarinas-00007-768x512.jpg 768w, https:\/\/mostra.es\/wp-content\/uploads\/2026\/04\/Inaguracion-da-XXXV-Mostra-do-Encaixe-de-Camarinas-00007-18x12.jpg 18w, https:\/\/mostra.es\/wp-content\/uploads\/2026\/04\/Inaguracion-da-XXXV-Mostra-do-Encaixe-de-Camarinas-00007.jpg 1500w\" sizes=\"(max-width: 1024px) 100vw, 1024px\" \/><\/figure>\n\n\n\n<p>He also acknowledged that &quot;none of this would be possible without the constant support of the Provincial Council of A Coru\u00f1a, to which we thank for their commitment and trust in our culture year after year.&quot;.<\/p>\n\n\n\n<p>The Government delegate, Pedro Blanco, commented that \u201cthis is an event that improves year after year, consolidating itself as a reference that takes Camari\u00f1as further and further\u201d and made a recognition on behalf of the \u201cGovernment of Spain for everything you are doing here\u201d.&nbsp;<\/p>\n\n\n\n<figure class=\"wp-block-image size-large\"><img decoding=\"async\" width=\"1024\" height=\"683\" src=\"https:\/\/mostra.es\/wp-content\/uploads\/2026\/04\/Inaguracion-da-XXXV-Mostra-do-Encaixe-de-Camarinas-00005-1024x683.jpg\" alt=\"\" class=\"wp-image-6957\" title=\"\" srcset=\"https:\/\/mostra.es\/wp-content\/uploads\/2026\/04\/Inaguracion-da-XXXV-Mostra-do-Encaixe-de-Camarinas-00005-1024x683.jpg 1024w, https:\/\/mostra.es\/wp-content\/uploads\/2026\/04\/Inaguracion-da-XXXV-Mostra-do-Encaixe-de-Camarinas-00005-300x200.jpg 300w, https:\/\/mostra.es\/wp-content\/uploads\/2026\/04\/Inaguracion-da-XXXV-Mostra-do-Encaixe-de-Camarinas-00005-768x512.jpg 768w, https:\/\/mostra.es\/wp-content\/uploads\/2026\/04\/Inaguracion-da-XXXV-Mostra-do-Encaixe-de-Camarinas-00005-18x12.jpg 18w, https:\/\/mostra.es\/wp-content\/uploads\/2026\/04\/Inaguracion-da-XXXV-Mostra-do-Encaixe-de-Camarinas-00005.jpg 1500w\" sizes=\"(max-width: 1024px) 100vw, 1024px\" \/><\/figure>\n\n\n\n<p>For her part, M\u00f3nica Rodr\u00edguez indicated that \u201cthe Camari\u00f1as Lace Show is the cultural event of reference in Galicia every Easter\u201d and recalled that \u201csix years ago we wanted to link the name of the Provincial Council to the event, showing our firm commitment to it\u201d.<\/p>\n\n\n\n<p>Gabriel Al\u00e9n highlighted that &quot;the artisans who are here, the palilleiras, develop an activity that is culture, tradition, fashion and tourism. You are extraordinary ambassadors of Galicia inside and outside our borders.&quot;.&nbsp;<\/p>\n\n\n\n<p>After the relevant visit to the different stalls and stands located in the two municipal pavilions prepared for the occasion, the authorities will witness the inaugural catwalk of the Mostra with the &#039;Pequencaixe&#039; and &#039;Grandes Dese\u00f1adores&#039; parades in which the participating firms will show for the first time the collections they have prepared for the Mostra with lace as the protagonist. The inaugural parades will be enlivened by the music of Luar na Lubre.<\/p>\n\n\n\n<figure class=\"wp-block-image size-large\"><img loading=\"lazy\" decoding=\"async\" width=\"1024\" height=\"683\" src=\"https:\/\/mostra.es\/wp-content\/uploads\/2026\/04\/Inaguracion-da-XXXV-Mostra-do-Encaixe-de-Camarinas-00004-1024x683.jpg\" alt=\"\" class=\"wp-image-6956\" title=\"\" srcset=\"https:\/\/mostra.es\/wp-content\/uploads\/2026\/04\/Inaguracion-da-XXXV-Mostra-do-Encaixe-de-Camarinas-00004-1024x683.jpg 1024w, https:\/\/mostra.es\/wp-content\/uploads\/2026\/04\/Inaguracion-da-XXXV-Mostra-do-Encaixe-de-Camarinas-00004-300x200.jpg 300w, https:\/\/mostra.es\/wp-content\/uploads\/2026\/04\/Inaguracion-da-XXXV-Mostra-do-Encaixe-de-Camarinas-00004-768x512.jpg 768w, https:\/\/mostra.es\/wp-content\/uploads\/2026\/04\/Inaguracion-da-XXXV-Mostra-do-Encaixe-de-Camarinas-00004-18x12.jpg 18w, https:\/\/mostra.es\/wp-content\/uploads\/2026\/04\/Inaguracion-da-XXXV-Mostra-do-Encaixe-de-Camarinas-00004.jpg 1500w\" sizes=\"(max-width: 1024px) 100vw, 1024px\" \/><\/figure>\n\n\n\n<p><strong>XXXV Lace Exhibition<\/strong><\/p>\n\n\n\n<p>During the five days, the firms in the &#039;Great Designers&#039; category will take to the catwalks of the Mostra to show their creations with lace: Ana Cabranes, Claudina Mata, Devota&amp;Lomba, Innamoretto, Jos\u00e9 Perea, Andion Clothing, Dolores Cort\u00e9s, El Pulpo, Jos\u00e9 Matteos, \u00f4se Couture, Xoaqu\u00edn Ru\u00edz and Ondas do Mar.&nbsp;&nbsp;<\/p>\n\n\n\n<p><strong>The &#039;ArtEncaixe&#039; parade,<\/strong> which continues to gain ground in the programming, will premiere on Thursday, April 2, starting at 12:45 p.m. The artisans will arrive from different parts of Galicia to demonstrate that lace is versatile and can be adapted to different materials: Estilo Aramar, Mariv\u00ed Santos, O Rulo, Risco Estudio, Encaixa_T, Mascarada O Cansorri\u00f1o, Ana Trasariz, Alfarer\u00eda La Cacharrera, Lola Logaro, Tendataller Feituras \u2013 Mar\u00eda Canedo, Zeltia ao Aire, Ene de Toba.&nbsp;<\/p>\n\n\n\n<p>That same Thursday, April 2, the participants in the <strong>XXXII New Designers Competition<\/strong> in which a total of 4,500 euros in prizes will be distributed and a total of 34 young people who are taking their first steps in the world of fashion will participate. On Friday the 3rd at 8:40 pm, the meeting between great and new designers will be held and on Sunday the 5th, from 4:30 pm, the jury&#039;s decision will be announced.&nbsp;<\/p>\n\n\n\n<figure class=\"wp-block-image size-large\"><img loading=\"lazy\" decoding=\"async\" width=\"1024\" height=\"683\" src=\"https:\/\/mostra.es\/wp-content\/uploads\/2026\/04\/Inaguracion-da-XXXV-Mostra-do-Encaixe-de-Camarinas-00002-1024x683.jpg\" alt=\"\" class=\"wp-image-6954\" title=\"\" srcset=\"https:\/\/mostra.es\/wp-content\/uploads\/2026\/04\/Inaguracion-da-XXXV-Mostra-do-Encaixe-de-Camarinas-00002-1024x683.jpg 1024w, https:\/\/mostra.es\/wp-content\/uploads\/2026\/04\/Inaguracion-da-XXXV-Mostra-do-Encaixe-de-Camarinas-00002-300x200.jpg 300w, https:\/\/mostra.es\/wp-content\/uploads\/2026\/04\/Inaguracion-da-XXXV-Mostra-do-Encaixe-de-Camarinas-00002-768x512.jpg 768w, https:\/\/mostra.es\/wp-content\/uploads\/2026\/04\/Inaguracion-da-XXXV-Mostra-do-Encaixe-de-Camarinas-00002-18x12.jpg 18w, https:\/\/mostra.es\/wp-content\/uploads\/2026\/04\/Inaguracion-da-XXXV-Mostra-do-Encaixe-de-Camarinas-00002.jpg 1500w\" sizes=\"(max-width: 1024px) 100vw, 1024px\" \/><\/figure>\n\n\n\n<p>Another novelty of this edition will be the show of <strong>live sewing with Andalusian designer Jos\u00e9 Perea<\/strong>. It can be seen on Thursday, April 2, from 12:45 pm in the morning parade block and the media personality Jos\u00e9 Perea, who is participating for the first time in the Great Designers&#039; catwalk, will show his technique for making live costumes in record time.<\/p>\n\n\n\n<p>Once again, international delegations will return to the Mostra. On Thursday the 2nd at 6:00 p.m., the first fashion show will take place.<strong> &#039;International lacemakers&#039; delegations&#039;<\/strong>. They will repeat on Friday 3 at 4:45 pm and Saturday 4 at 6:00 pm. Participants: Argentina (Cordoba and Buenos Aires), Bulgaria (Sofia), Slovakia (Krakovany), Spain (Arenis del Mar), Italy (Novedrate), Poland (Bobowa), Portugal (Peniche and Serra D&#039;El Rei).&nbsp;<\/p>\n\n\n\n<p>One of the most anticipated moments of the Festival are the fashion shows. <strong>&#039;Small box&#039;<\/strong>. The girls and boys from the Municipal Schools create their own lace throughout the course to later design the dresses and parade in the Mostra. They become dressmakers, designers and models. They will be on Wednesday 1 at 6 pm, Thursday 2 at 12:45 pm, Saturday 4 at 12:30 pm and Sunday 5 at the closing ceremony from 7 pm.<\/p>\n\n\n\n<p>The same thing happens in the parade of <strong>&#039;Senior Lacemakers of Camari\u00f1as&#039;<\/strong> which will take place on Sunday the 20th at 7:00 p.m. during the closing ceremony of the event and in which residents of the municipality show the public the creations they have made throughout the year.&nbsp;&nbsp;<\/p>\n\n\n\n<figure class=\"wp-block-image size-large\"><img loading=\"lazy\" decoding=\"async\" width=\"1024\" height=\"683\" src=\"https:\/\/mostra.es\/wp-content\/uploads\/2026\/04\/Inaguracion-da-XXXV-Mostra-do-Encaixe-de-Camarinas-00006-1024x683.jpg\" alt=\"\" class=\"wp-image-6958\" title=\"\" srcset=\"https:\/\/mostra.es\/wp-content\/uploads\/2026\/04\/Inaguracion-da-XXXV-Mostra-do-Encaixe-de-Camarinas-00006-1024x683.jpg 1024w, https:\/\/mostra.es\/wp-content\/uploads\/2026\/04\/Inaguracion-da-XXXV-Mostra-do-Encaixe-de-Camarinas-00006-300x200.jpg 300w, https:\/\/mostra.es\/wp-content\/uploads\/2026\/04\/Inaguracion-da-XXXV-Mostra-do-Encaixe-de-Camarinas-00006-768x512.jpg 768w, https:\/\/mostra.es\/wp-content\/uploads\/2026\/04\/Inaguracion-da-XXXV-Mostra-do-Encaixe-de-Camarinas-00006-18x12.jpg 18w, https:\/\/mostra.es\/wp-content\/uploads\/2026\/04\/Inaguracion-da-XXXV-Mostra-do-Encaixe-de-Camarinas-00006.jpg 1500w\" sizes=\"(max-width: 1024px) 100vw, 1024px\" \/><\/figure>\n\n\n\n<p><strong>Luar na Lubre, Ant\u00eda Mu\u00ed\u00f1o, Sebasti\u00e1n Allones Dans, Marta Doviro, Carmen M\u00e9ndez, Ledicia Sola and other outstanding actions in the program<\/strong><\/p>\n\n\n\n<p>This year attendees will be able to enjoy the music of Luar na Lubre (Wednesday 1st at 6:00 p.m. during the inaugural parade of the Mostra); the concert of the young man from Camelle, Sebasti\u00e1n Allones Dans, winner of the talent contest &#039;Da r\u00faa \u00e1 l\u00faa&#039; of the TVG program &#039;Quen anda a\u00ed&#039; (Saturday 4th at 12:30 p.m.) or the performance of &#039;F\u00edos de Salitre&#039; by Mascarada O Cansorri\u00f1o (Sunday 5th at 7 p.m.). <strong>The closing concert of the Festival (Sunday 5th at 7:30 pm) will be performed by Ant\u00eda Mu\u00ed\u00f1o.&nbsp;<\/strong><\/p>\n\n\n\n<p>Furthermore, continuing the tradition of recent years, they will be able to laugh out loud with <strong>Marta Doviro, Carmen M\u00e9ndez and Ledicia Sola<\/strong> and his monologue &#039;Without Restrictions&#039; which will take place on Saturday, April 4, at 8:30 pm on the catwalk itself. On Thursday, April 2, at 8:30 pm there will be a <strong>theatrical performance<\/strong> by the Aantena company entitled &#039;Threads of Memory&#039;. Also on Friday, April 3, at 8:30 p.m., the company, laughter is guaranteed with <strong>Camelle&#039;s company monologue &#039;Dead with laughter&#039;\u2018<\/strong>.<\/p>\n\n\n\n<p>During the five days, the folklore of the villages will be heard in the pavilions of the Mostra, mixed with the sound of chopsticks. <strong>groups Abrindo Rejo, Golpe de Mar, Con toda en banda, Vaiche Boa, Mar Devalado de Camelle Association and As Cansorri\u00f1as Association<\/strong>Also the <strong>IX Choir Meeting<\/strong> in which the San Roque Polyphonic Choir of Vigo, the San Salvador Choir of Pazos de Ponteceso and the Brisas do Mar Choir of Camari\u00f1as will participate (Sunday 20th at 12:15 p.m.).<\/p>\n\n\n\n<p>The event will be used for <strong>presentation of books and publications<\/strong> such as &#039;Punto de aranha&#039; by Nerea Pallares (Thursday 2 at 12 noon); &#039;A princesa dourada&#039; by Anxo Mouzo (Thursday 2 at 12:20 p.m.); &#039;\u00c1ngeles accusadores&#039; by Diego Garrote (Friday 3 at 12:00 p.m.); &#039;Ardent\u00eda 1854&#039; by Mar\u00eda D.L\u00f3pez-Men\u00e9ndez S\u00e1nchez (Friday 3 at 12:20 p.m.); &#039;1898 \u2013 El padre ausente&#039;, the last part of the trilogy of &#039;El Cementerio de los Ingleses&#039; by Alfonso de Sas (Saturday 4 at 11:40 a.m.); and the presentation of &#039;A Costa da Morte, naturalmente \u00fanica&#039; by Xan Fern\u00e1ndez Carrera and Antonio Fern\u00e1ndez which will be conducted by Pepe Formoso (Saturday 4 at 12:00 p.m.).<\/p>\n\n\n\n<p>The closing ceremony of the XXXV Camari\u00f1as Lace Exhibition will take place on Sunday, April 5 at 7:00 p.m.<\/p>\n\n\n\n<p><strong>&#039;Gourmet among laces&#039;<\/strong><\/p>\n\n\n\n<p>The City Council will repeat this year at the XXXV Camari\u00f1as Lace Fair of the Provincial Council of A Coru\u00f1a the &#039;Gourmet among laces&#039;, a space dedicated to the food sector in which sales stands to the public can be installed.<\/p>\n\n\n\n<p>This new area, which will also house the Mostra bar, will have a special environmental decoration and will have a space with tables and chairs so that the public attending the Mostra can taste the products they buy right there.<\/p>\n\n\n\n<p>Throughout the exhibition there will also be <strong>gastronomic tastings of powder, <\/strong>by Frigor\u00edficos de Camari\u00f1as (Friday, April 3 at 7:30 p.m.) and turbot, by Stolt Sea Farm (Saturday, April 4 at 2 p.m.).<\/p>\n\n\n\n<p>There will also be <strong>craft demonstrations<\/strong> and parents will be able to leave the little ones in the <strong>Children&#039;s Park<\/strong> with qualified instructors. In addition, this year you will be able to enjoy the <strong>Pontefrik Area<\/strong>i, a gaming space with video games, workshops and merchandising.&nbsp;<\/p>\n\n\n\n<figure class=\"wp-block-embed is-type-video is-provider-youtube wp-block-embed-youtube wp-embed-aspect-16-9 wp-has-aspect-ratio\"><div class=\"wp-block-embed__wrapper\">\n<iframe title=\"Spot XXXV Camari\u00f1as Lace Exhibition 2026\" width=\"800\" height=\"450\" src=\"https:\/\/www.youtube.com\/embed\/D7fdQ6-G5Do?feature=oembed\" frameborder=\"0\" allow=\"accelerometer; autoplay; clipboard-write; encrypted-media; gyroscope; picture-in-picture; web-share\" referrerpolicy=\"strict-origin-when-cross-origin\" allowfullscreen><\/iframe>\n<\/div><\/figure>","protected":false},"excerpt":{"rendered":"<p>The official inauguration of the event took place today, in which the mayor of Camari\u00f1as, the provincial deputy of the region, the delegate and sub-delegate of the Government, the director of Commerce and Consumption and the director of the Galician Tourism Agency cut the ribbon.<\/p>\n<p>In her speech, Sandra Insua referred to the strength of lace and the palillos in unstable contexts for the seafood sector like the current one, &quot;I know for a fact that the palillo was, is and will be an essential economic livelihood for these families.&quot;.<\/p>\n<p>Insua announced that \u201cthe City Council and the lace makers have been working for a year in a great collaboration with a textile multinational, which shows that lace is absolutely avant-garde.\u201d.<\/p>","protected":false},"author":1,"featured_media":6955,"comment_status":"open","ping_status":"closed","sticky":false,"template":"","format":"standard","meta":{"footnotes":""},"categories":[10],"tags":[220,567],"class_list":["post-6952","post","type-post","status-publish","format-standard","has-post-thumbnail","hentry","category-prensa","tag-inauguracion","tag-xxxv-mostra-do-encaixe"],"_links":{"self":[{"href":"https:\/\/mostra.es\/en\/wp-json\/wp\/v2\/posts\/6952","targetHints":{"allow":["GET"]}}],"collection":[{"href":"https:\/\/mostra.es\/en\/wp-json\/wp\/v2\/posts"}],"about":[{"href":"https:\/\/mostra.es\/en\/wp-json\/wp\/v2\/types\/post"}],"author":[{"embeddable":true,"href":"https:\/\/mostra.es\/en\/wp-json\/wp\/v2\/users\/1"}],"replies":[{"embeddable":true,"href":"https:\/\/mostra.es\/en\/wp-json\/wp\/v2\/comments?post=6952"}],"version-history":[{"count":1,"href":"https:\/\/mostra.es\/en\/wp-json\/wp\/v2\/posts\/6952\/revisions"}],"predecessor-version":[{"id":6960,"href":"https:\/\/mostra.es\/en\/wp-json\/wp\/v2\/posts\/6952\/revisions\/6960"}],"wp:featuredmedia":[{"embeddable":true,"href":"https:\/\/mostra.es\/en\/wp-json\/wp\/v2\/media\/6955"}],"wp:attachment":[{"href":"https:\/\/mostra.es\/en\/wp-json\/wp\/v2\/media?parent=6952"}],"wp:term":[{"taxonomy":"category","embeddable":true,"href":"https:\/\/mostra.es\/en\/wp-json\/wp\/v2\/categories?post=6952"},{"taxonomy":"post_tag","embeddable":true,"href":"https:\/\/mostra.es\/en\/wp-json\/wp\/v2\/tags?post=6952"}],"curies":[{"name":"wp","href":"https:\/\/api.w.org\/{rel}","templated":true}]}}