{"id":6940,"date":"2026-03-28T12:46:55","date_gmt":"2026-03-28T11:46:55","guid":{"rendered":"https:\/\/mostra.es\/?p=6940"},"modified":"2026-03-28T12:46:56","modified_gmt":"2026-03-28T11:46:56","slug":"jose-matteos-unfolds-his-creativity-in-the-xxxv-lace-show-with-matteos-bridal-and-ose-couture","status":"publish","type":"post","link":"https:\/\/mostra.es\/en\/actualidade\/prensa\/jose-matteos-desdobra-a-sua-creatividade-na-xxxv-mostra-do-encaixe-con-matteos-bridal-e-ose-couture\/","title":{"rendered":"Jos\u00e9 Matteos unfolds his creativity at the XXXV Lace Exhibition with MATTE\u00d4S Bridal and \u00d4SE Couture"},"content":{"rendered":"<p>The Great Designers&#039; catwalk of the XXXV Camari\u00f1as Lace Fair of the Provincial Council of A Coru\u00f1a will host one of the most ambitious creative displays of this edition. Designer Jos\u00e9 Matteos will once again make a splash by presenting the new collections of his two brands: MATTE\u00d4S Bridal, for brides, and the conceptual fashion brand \u00d4SE Couture.<\/p>\n\n\n\n<p>For the creator, participating in this thirty-fifth anniversary has a very special and deeply symbolic meaning. \u201cThis may be my last collaboration with the Mostra for a while,\u201d Matteos confesses. For this reason, he decided to present both collections to the Camari\u00f1an public for the first time as a recognition of a space that has been key in his career since his first participation in 2005, when he was awarded as an emerging designer.<\/p>\n\n\n\n<h2 class=\"wp-block-heading\"><strong>\u201cCamari\u00f1as Tierra Querida\u201d: the commercial commitment to the palilleras<\/strong><\/h2>\n\n\n\n<p>Under his bridal brand, MATTE\u00d4S Bridal, the designer will take the catwalk with the \u201cCamari\u00f1as Tierra Querida\u201d collection. These proposals, which incorporate Camari\u00f1as lace, are being presented these same days (March 28-30) at an international convention for stores and showrooms in Paris, from where they will travel directly to Galicia for Easter.<\/p>\n\n\n\n<p>This line is aimed at brides who are looking for special pieces and value artisanal work. For Matteos, the objective goes beyond the purely aesthetic: \u201cI believe it is essential that the Mostra is not limited to just showing the lace, but that all the work has a tangible effect. That these dresses are sold and, in turn, generate new lace orders for the lacemakers, reinforcing their artisanal work and ensuring the continuity of their craft\u201d, he claims.<\/p>\n\n\n\n<h2 class=\"wp-block-heading\"><strong>\u201c&quot;Eternal Galicia&quot;: the conceptual counterpoint of \u00d4SE Couture<\/strong><\/h2>\n\n\n\n<p>As a counterbalance to the bridal delicacy, the firm \u00d4SE Couture will present \u201cGalicia Eterna\u201d, a collection that will be fully released commercially in September, but which the audience of the Mostra will be able to enjoy first hand.<\/p>\n\n\n\n<p>\u201cIt is a very strong proposal that connects with my roots and the deepest essence of my creative identity\u201d, explains the designer. This line works as a perfect counterpoint, showing the duality that has always marked his vision. The staging will be fundamental, with music created exclusively for the fashion show in Camari\u00f1as that will not only accompany, but \u201cbuild the message\u201d.<\/p>\n\n\n\n<p>To manage to integrate the ancient and delicate lace of Camari\u00f1as into two such different worlds (nuptial tradition and groundbreaking conceptual art), Matteos assures that the &#039;chip change&#039; is simple thanks to his way of working.<\/p>\n\n\n\n<p>Defining himself as a \u201cneedle and design craftsman\u201d, Matteos personally makes the prototypes, applying a methodology developed over the years to ensure that the lace is integrated while respecting its delicacy. \u201cAt \u00d4SE Couture, creativity allows me to experiment, but the real challenge is to find the balance between design, the creation of a garment for the catwalk, haute couture and marketing, naturally integrating the Camari\u00f1as lace\u201d, he concludes.<\/p>","protected":false},"excerpt":{"rendered":"<p>The bridal collection will arrive at Camari\u00f1as directly from its presentation in Paris, while the conceptual line will provide the counterpoint by exploring its duality with an exclusive soundtrack.<\/p>","protected":false},"author":1,"featured_media":4505,"comment_status":"open","ping_status":"closed","sticky":false,"template":"","format":"standard","meta":{"footnotes":""},"categories":[10],"tags":[372,237,567],"class_list":["post-6940","post","type-post","status-publish","format-standard","has-post-thumbnail","hentry","category-prensa","tag-jose-matteos","tag-pasarela-da-mostra","tag-xxxv-mostra-do-encaixe"],"_links":{"self":[{"href":"https:\/\/mostra.es\/en\/wp-json\/wp\/v2\/posts\/6940","targetHints":{"allow":["GET"]}}],"collection":[{"href":"https:\/\/mostra.es\/en\/wp-json\/wp\/v2\/posts"}],"about":[{"href":"https:\/\/mostra.es\/en\/wp-json\/wp\/v2\/types\/post"}],"author":[{"embeddable":true,"href":"https:\/\/mostra.es\/en\/wp-json\/wp\/v2\/users\/1"}],"replies":[{"embeddable":true,"href":"https:\/\/mostra.es\/en\/wp-json\/wp\/v2\/comments?post=6940"}],"version-history":[{"count":1,"href":"https:\/\/mostra.es\/en\/wp-json\/wp\/v2\/posts\/6940\/revisions"}],"predecessor-version":[{"id":6941,"href":"https:\/\/mostra.es\/en\/wp-json\/wp\/v2\/posts\/6940\/revisions\/6941"}],"wp:featuredmedia":[{"embeddable":true,"href":"https:\/\/mostra.es\/en\/wp-json\/wp\/v2\/media\/4505"}],"wp:attachment":[{"href":"https:\/\/mostra.es\/en\/wp-json\/wp\/v2\/media?parent=6940"}],"wp:term":[{"taxonomy":"category","embeddable":true,"href":"https:\/\/mostra.es\/en\/wp-json\/wp\/v2\/categories?post=6940"},{"taxonomy":"post_tag","embeddable":true,"href":"https:\/\/mostra.es\/en\/wp-json\/wp\/v2\/tags?post=6940"}],"curies":[{"name":"wp","href":"https:\/\/api.w.org\/{rel}","templated":true}]}}