{"id":6929,"date":"2026-03-27T08:00:00","date_gmt":"2026-03-27T07:00:00","guid":{"rendered":"https:\/\/mostra.es\/?p=6929"},"modified":"2026-03-26T17:44:56","modified_gmt":"2026-03-26T16:44:56","slug":"gubem-event-will-once-again-be-in-charge-of-the-catwalk-of-the-xxxv-dressing-room-lace-show","status":"publish","type":"post","link":"https:\/\/mostra.es\/en\/actualidade\/prensa\/gubem-event-volvera-encargarse-da-pasarela-da-xxxv-mostra-do-encaixe-de-camarinas\/","title":{"rendered":"Gubem Event will once again be in charge of the catwalk of the XXXV Camari\u00f1as Lace Fair"},"content":{"rendered":"<p>The catwalk of the XXXV Camari\u00f1as Lace Exhibition of the Provincial Council of A Coru\u00f1a is standing out as a national reference in terms of organization and visual proposal, presenting structured, dynamic and entertaining shows for the public, both for the most expert and for those approaching the world of fashion for the first time.&nbsp;&nbsp;<\/p>\n\n\n\n<p>The Galician company Gubem Event will, for another year, be responsible for the organization and coordination of the Camari\u00f1as Lace Show catwalk, thus consolidating its role in one of the most relevant events on the fashion calendar in Galicia.<\/p>\n\n\n\n<p>At the head of the company is the international model Dami\u00e1n \u00c1lvarez, who leads a project that combines experience in the fashion sector and organizational capacity, contributing a professional and current vision to the staging of the fashion shows.<\/p>\n\n\n\n<p>Since the arrival of Gubem Event to coordinate the catwalk, the Mostra has experienced a notable increase in public attendance, reflecting a more dynamic, attractive format adapted to new trends in the sector.<\/p>\n\n\n\n<p>\u201c&quot;We are committed to a careful selection of models, incorporating diverse and highly interesting profiles, as well as constant changes in choreography and the structure of the shows. The goal is to offer a lively, varied and surprising catwalk, where each show becomes a real spectacle,&quot; explains Dami\u00e1n.<\/p>\n\n\n\n<p>For this new edition, Gubem Event announces that there will be new features that will reinforce the public&#039;s experience and continue to position the Camari\u00f1as Lace Fair as a benchmark that combines tradition and contemporary fashion.<\/p>\n\n\n\n<figure class=\"wp-block-embed is-type-video is-provider-youtube wp-block-embed-youtube wp-embed-aspect-16-9 wp-has-aspect-ratio\"><div class=\"wp-block-embed__wrapper\">\n<iframe title=\"Interview with international model Dami\u00e1n \u00c1lvarez\" width=\"800\" height=\"450\" src=\"https:\/\/www.youtube.com\/embed\/ba1tWJXgf3M?feature=oembed\" frameborder=\"0\" allow=\"accelerometer; autoplay; clipboard-write; encrypted-media; gyroscope; picture-in-picture; web-share\" referrerpolicy=\"strict-origin-when-cross-origin\" allowfullscreen><\/iframe>\n<\/div><\/figure>","protected":false},"excerpt":{"rendered":"<p>The Galician company, headed by Dami\u00e1n \u00c1lvarez from Vitoria-Gasteiz, will be in charge of coordinating the catwalk for the fifth consecutive year.<\/p>\n<p>\u201cWe are committed to a careful selection of models as well as constant changes in choreography and the structure of the fashion shows,\u201d explains Dami\u00e1n.<\/p>","protected":false},"author":1,"featured_media":6930,"comment_status":"open","ping_status":"closed","sticky":false,"template":"","format":"standard","meta":{"footnotes":""},"categories":[10],"tags":[16,237,567],"class_list":["post-6929","post","type-post","status-publish","format-standard","has-post-thumbnail","hentry","category-prensa","tag-damian-alvarez","tag-pasarela-da-mostra","tag-xxxv-mostra-do-encaixe"],"_links":{"self":[{"href":"https:\/\/mostra.es\/en\/wp-json\/wp\/v2\/posts\/6929","targetHints":{"allow":["GET"]}}],"collection":[{"href":"https:\/\/mostra.es\/en\/wp-json\/wp\/v2\/posts"}],"about":[{"href":"https:\/\/mostra.es\/en\/wp-json\/wp\/v2\/types\/post"}],"author":[{"embeddable":true,"href":"https:\/\/mostra.es\/en\/wp-json\/wp\/v2\/users\/1"}],"replies":[{"embeddable":true,"href":"https:\/\/mostra.es\/en\/wp-json\/wp\/v2\/comments?post=6929"}],"version-history":[{"count":1,"href":"https:\/\/mostra.es\/en\/wp-json\/wp\/v2\/posts\/6929\/revisions"}],"predecessor-version":[{"id":6931,"href":"https:\/\/mostra.es\/en\/wp-json\/wp\/v2\/posts\/6929\/revisions\/6931"}],"wp:featuredmedia":[{"embeddable":true,"href":"https:\/\/mostra.es\/en\/wp-json\/wp\/v2\/media\/6930"}],"wp:attachment":[{"href":"https:\/\/mostra.es\/en\/wp-json\/wp\/v2\/media?parent=6929"}],"wp:term":[{"taxonomy":"category","embeddable":true,"href":"https:\/\/mostra.es\/en\/wp-json\/wp\/v2\/categories?post=6929"},{"taxonomy":"post_tag","embeddable":true,"href":"https:\/\/mostra.es\/en\/wp-json\/wp\/v2\/tags?post=6929"}],"curies":[{"name":"wp","href":"https:\/\/api.w.org\/{rel}","templated":true}]}}