{"id":6909,"date":"2026-03-25T17:19:28","date_gmt":"2026-03-25T16:19:28","guid":{"rendered":"https:\/\/mostra.es\/?p=6909"},"modified":"2026-03-25T17:22:09","modified_gmt":"2026-03-25T16:22:09","slug":"local-commerce-international-crafts-xxxv-shows-lace","status":"publish","type":"post","link":"https:\/\/mostra.es\/en\/actualidade\/prensa\/comercio-local-artesania-internacionais-xxxv-mostra-encaixe\/","title":{"rendered":"Local trade, crafts, international stands and craft exhibitions at the XXXV Camari\u00f1as Lace Fair"},"content":{"rendered":"<p>The thirty-fifth edition of the Camari\u00f1as Lace Exhibition of the Provincial Council of A Coru\u00f1a will be a great success, and visitors will be able to purchase household items, fashion accessories, souvenirs and much more at the various Camari\u00f1as Lace stands!&nbsp;<\/p>\n\n\n\n<p>The Mostra is an incomparable showcase for local artisans, who show off their skills during the five days of the event and offer the public high-quality products. This year, 12 stands from different artisans from Camari\u00f1as are participating: El Rinc\u00f3n de los Sue\u00f1os, Asoc. Prof. De Palilleiras Rendas, Asoc. Puntillas de Camari\u00f1as, Encaixa-T, Encajes Gelina, Encajes Maruja, Resinheira, Galencaixe, Nadia en Vela, Ondas do Mar, A Tenda de Mar\u00eda Rosa and Cornechi\u00f1o de Lita.<\/p>\n\n\n\n<p>In addition, you can also enjoy the products of artisans from outside: Ana Trasariz, Arte en Palla, Artesan\u00eda N\u00eda, \u201cAs Nemanqui\u00f1as\u201d, Asociaci\u00f3n Palilleiras \u201cA Nosa Se\u00f1ora da Barca\u201d, Encaixes Arjomil, Encaixes Bel\u00e9n, Encaixes Lucita, Fils i Agulles Carme Espriu, Mulleres Rurais Moraime, Oler\u00eda de Bu\u00f1o, Project Market 13 and Tejas Pintadas.&nbsp;<\/p>\n\n\n\n<p>There will also be a social and institutional space with the Association against Cancer \u2013 Local Board of Camari\u00f1as, Virxe do Carme Association of Camari\u00f1as, Camari\u00f1as City Council, A Coru\u00f1a Provincial Council, Ponte Friki and we will also have a Violet Point.<\/p>\n\n\n\n<p>In the international context, there will be an appointment with international-level straw workers from C\u00f3rdoba and Buenos Aires, in Argentina; from Sofia, Bulgaria; from Krakovany, Slovakia; from Novedrate, Italy; from Bobowa, Poland; from Serra d&#039;el Rei and Peniche, Portugal and also from Arenis de Arenys del Mar, from Spain.<br>The live craft demonstrations will be carried out by the potters of Bu\u00f1o, <em>Miyuki <\/em>and Tejas Pintadas with exhibitions of natural stone costume jewelry assembly.<\/p>","protected":false},"excerpt":{"rendered":"<p>There will be a total of 12 stands from different artisans from Camari\u00f1as: El Rinc\u00f3n de los Sue\u00f1os, Asoc. Prof. De Palilleiras Rendas, Asoc. Puntillas de Camari\u00f1as, Encaixa-T, Encajes Gelina, Encajes Maruja, Resinheira, Galencaixe, Nadia en Vela, Ondas do Mar, A Tenda de Mar\u00eda Rosa and Cornechi\u00f1o de Lita.\u00a0<\/p>\n<p>People from Argentina, Bulgaria, Slovakia, Italy, Poland and Portugal will gather at the V\u00edctor Vigo pavilion.\u00a0<\/p>\n<p>The craft demonstrations will be by potters from Bu\u00f1o, Miyuki and Tejas Pintadas with exhibitions of assembling natural stone costume jewelry.<\/p>","protected":false},"author":1,"featured_media":6912,"comment_status":"open","ping_status":"closed","sticky":false,"template":"","format":"standard","meta":{"footnotes":""},"categories":[10],"tags":[],"class_list":["post-6909","post","type-post","status-publish","format-standard","has-post-thumbnail","hentry","category-prensa"],"_links":{"self":[{"href":"https:\/\/mostra.es\/en\/wp-json\/wp\/v2\/posts\/6909","targetHints":{"allow":["GET"]}}],"collection":[{"href":"https:\/\/mostra.es\/en\/wp-json\/wp\/v2\/posts"}],"about":[{"href":"https:\/\/mostra.es\/en\/wp-json\/wp\/v2\/types\/post"}],"author":[{"embeddable":true,"href":"https:\/\/mostra.es\/en\/wp-json\/wp\/v2\/users\/1"}],"replies":[{"embeddable":true,"href":"https:\/\/mostra.es\/en\/wp-json\/wp\/v2\/comments?post=6909"}],"version-history":[{"count":1,"href":"https:\/\/mostra.es\/en\/wp-json\/wp\/v2\/posts\/6909\/revisions"}],"predecessor-version":[{"id":6911,"href":"https:\/\/mostra.es\/en\/wp-json\/wp\/v2\/posts\/6909\/revisions\/6911"}],"wp:featuredmedia":[{"embeddable":true,"href":"https:\/\/mostra.es\/en\/wp-json\/wp\/v2\/media\/6912"}],"wp:attachment":[{"href":"https:\/\/mostra.es\/en\/wp-json\/wp\/v2\/media?parent=6909"}],"wp:term":[{"taxonomy":"category","embeddable":true,"href":"https:\/\/mostra.es\/en\/wp-json\/wp\/v2\/categories?post=6909"},{"taxonomy":"post_tag","embeddable":true,"href":"https:\/\/mostra.es\/en\/wp-json\/wp\/v2\/tags?post=6909"}],"curies":[{"name":"wp","href":"https:\/\/api.w.org\/{rel}","templated":true}]}}