{"id":6905,"date":"2026-03-24T19:22:26","date_gmt":"2026-03-24T18:22:26","guid":{"rendered":"https:\/\/mostra.es\/?p=6905"},"modified":"2026-03-24T19:22:27","modified_gmt":"2026-03-24T18:22:27","slug":"the-urban-aesthetics-of-innamoretto-and-the-atlantic-fashion-of-elpulpo-come-together-on-the-catwalk-of-great-designers-of-the-35th-lace-show","status":"publish","type":"post","link":"https:\/\/mostra.es\/en\/actualidade\/prensa\/a-estetica-urbana-de-innamoretto-e-a-moda-atlantica-de-elpulpo-unense-na-pasarela-de-grandes-desenadores-da-35a-mostra-do-encaixe\/","title":{"rendered":"The urban aesthetics of Innamoretto and the Atlantic fashion of elPulpo come together on the Great Designers catwalk of the 35th Lace Exhibition"},"content":{"rendered":"<p>The Great Designers&#039; catwalk of the XXXV edition of the Camari\u00f1as Lace Fair of the Provincial Council of A Coru\u00f1a will present two proposals that, from very different approaches, demonstrate the immense versatility of lace in current fashion. The event will feature the long-awaited return of the Galician brand elPulpo and the great debut of the Asturian firm Innamoretto.<\/p>\n\n\n\n<p>After surprising in 2024 by proving that lace has a huge gap in today&#039;s fashion, <strong>theOctopus<\/strong> returns to Camari\u00f1as to celebrate this 35th anniversary as a tribute to its roots and Galicia. For the brand, being part of this event is an honor and a privilege to be able to include such a traditional and special art that is intertwined with its vision of fashion.<\/p>\n\n\n\n<p>This year, the elPulpo design team has developed four special proposals. The big news is that, after presenting only men&#039;s pieces in their last participation, this time they have diversified and expanded their designs with the female audience in mind through their elPulpo Teen line.<\/p>\n\n\n\n<p>In its men&#039;s offerings, the brand gives a twist to the most casual garments by reinterpreting its iconic logo and applying lace details to the upper garments, playing with romantic and sophisticated elements that are unusual in men&#039;s fashion. In the women&#039;s segment, they have opted to customize the Teen line with a boho and casual aesthetic, reflecting styles typical of any Galician coastal town in the summer.<\/p>\n\n\n\n<p>Canle explains that the capsule collection, named \u201cEncaixe de Amor\u201d, \u201cwill be the perfect mix between tradition and modernity, with a clear predominance of blues and greens (colors of Galician nature) on light and comfy fabrics\u201d. \u201cIn addition, this collaboration reinforces our philosophy of slow fashion and sustainability, betting on respectful practices and recognizing that the technique of palilleiras is a living art\u201d, he adds.<\/p>\n\n\n\n<p><strong>Innamoretto: the contrast of &#039;streetwear&#039; and craftsmanship<\/strong><\/p>\n\n\n\n<p>Sharing the catwalk will be Innamoretto, a brand that officially debuts in this great showcase and is driven by two young Asturians passionate about fashion and leather. Their philosophy is based on creating handmade and unique garments (many custom-made), combining leather with other fabrics and taking inspiration from music, sports or different eras.<\/p>\n\n\n\n<p>The firm stands out for fusing urban style with classic tailoring. According to the designers, Ignacio Mu\u00f1oz and Claudia Gonz\u00e1lez, mixing traditional Camari\u00f1as lace with such a contemporary aesthetic is very fun for them, as it allows them to play with contrasts, combine contemporary fashion with craftsmanship and bring these techniques to new generations.<\/p>\n\n\n\n<p>Although they already knew the Mostra as spectators, presenting their own collection represents their true \u201cstarting point\u201d as designers. True to their style, they prefer to keep the surprise about the garments that will go up on the catwalk, but they assure that they will seek to break the mold so that the public is left with the feeling of seeing something very original, different from previous years, and eager to discover their future projects.<\/p>\n\n\n\n<figure class=\"wp-block-image size-full\"><img fetchpriority=\"high\" decoding=\"async\" width=\"1600\" height=\"1067\" src=\"https:\/\/mostra.es\/wp-content\/uploads\/2026\/03\/Innamoretto.jpg\" alt=\"\" class=\"wp-image-6906\" title=\"\" srcset=\"https:\/\/mostra.es\/wp-content\/uploads\/2026\/03\/Innamoretto.jpg 1600w, https:\/\/mostra.es\/wp-content\/uploads\/2026\/03\/Innamoretto-300x200.jpg 300w, https:\/\/mostra.es\/wp-content\/uploads\/2026\/03\/Innamoretto-1024x683.jpg 1024w, https:\/\/mostra.es\/wp-content\/uploads\/2026\/03\/Innamoretto-768x512.jpg 768w, https:\/\/mostra.es\/wp-content\/uploads\/2026\/03\/Innamoretto-1536x1024.jpg 1536w, https:\/\/mostra.es\/wp-content\/uploads\/2026\/03\/Innamoretto-18x12.jpg 18w\" sizes=\"(max-width: 1600px) 100vw, 1600px\" \/><\/figure>","protected":false},"excerpt":{"rendered":"<p>The Galician firm elPulpo returns after its success in 2024 and expands its designs with feminine proposals for its &#039;Teen&#039; line with its capsule collection &quot;Encaixe de Amor&quot;.<\/p>\n<p>The Asturian duo Innamoretto debuts at the event to fuse &#039;streetwear&#039;, classic tailoring and leather with the tradition of the palillairas.<\/p>","protected":false},"author":1,"featured_media":6907,"comment_status":"open","ping_status":"closed","sticky":false,"template":"","format":"standard","meta":{"footnotes":""},"categories":[10],"tags":[],"class_list":["post-6905","post","type-post","status-publish","format-standard","has-post-thumbnail","hentry","category-prensa"],"_links":{"self":[{"href":"https:\/\/mostra.es\/en\/wp-json\/wp\/v2\/posts\/6905","targetHints":{"allow":["GET"]}}],"collection":[{"href":"https:\/\/mostra.es\/en\/wp-json\/wp\/v2\/posts"}],"about":[{"href":"https:\/\/mostra.es\/en\/wp-json\/wp\/v2\/types\/post"}],"author":[{"embeddable":true,"href":"https:\/\/mostra.es\/en\/wp-json\/wp\/v2\/users\/1"}],"replies":[{"embeddable":true,"href":"https:\/\/mostra.es\/en\/wp-json\/wp\/v2\/comments?post=6905"}],"version-history":[{"count":1,"href":"https:\/\/mostra.es\/en\/wp-json\/wp\/v2\/posts\/6905\/revisions"}],"predecessor-version":[{"id":6908,"href":"https:\/\/mostra.es\/en\/wp-json\/wp\/v2\/posts\/6905\/revisions\/6908"}],"wp:featuredmedia":[{"embeddable":true,"href":"https:\/\/mostra.es\/en\/wp-json\/wp\/v2\/media\/6907"}],"wp:attachment":[{"href":"https:\/\/mostra.es\/en\/wp-json\/wp\/v2\/media?parent=6905"}],"wp:term":[{"taxonomy":"category","embeddable":true,"href":"https:\/\/mostra.es\/en\/wp-json\/wp\/v2\/categories?post=6905"},{"taxonomy":"post_tag","embeddable":true,"href":"https:\/\/mostra.es\/en\/wp-json\/wp\/v2\/tags?post=6905"}],"curies":[{"name":"wp","href":"https:\/\/api.w.org\/{rel}","templated":true}]}}