{"id":6860,"date":"2026-03-23T20:55:00","date_gmt":"2026-03-23T19:55:00","guid":{"rendered":"https:\/\/mostra.es\/?p=6860"},"modified":"2026-03-23T20:55:31","modified_gmt":"2026-03-23T19:55:31","slug":"the-complements-and-the-marine-inspiration-take-the-artencaixe-catwalk-with-ana-trasariz-and-aramar-style","status":"publish","type":"post","link":"https:\/\/mostra.es\/en\/actualidade\/prensa\/os-complementos-e-a-inspiracion-marina-toman-a-pasarela-do-artencaixe-con-ana-trasariz-e-estilo-aramar\/","title":{"rendered":"Accessories and marine inspiration take the ArtEncaixe catwalk with Ana Trasariz and Estilo Aramar"},"content":{"rendered":"<p>The ArtEncaixe catwalk of the XXXV Camari\u00f1as Lace Exhibition of the Provincial Council of A Coru\u00f1a continues to unveil the proposals that will fill the V\u00edctor Vigo pavilion with creativity and avant-garde this Easter. On this occasion, the participation of two firms that bet on accessories as central pieces is confirmed: the artisan Ana Trasariz and the brand Estilo Aramar, directed by Viviana Araujo.<\/p>\n\n\n\n<p>For the vimiancesa <strong>Ana Trasariz<\/strong>, participating for the first time in the Mostra fashion shows means taking on a great responsibility as an artisan, but also a huge honor. \u201cI am very excited because it is a tradition that is deeply rooted in the area and that is valued all over the world. So much so that major brands have wanted to incorporate it into their collections, so it is an honor to be able to include it in my designs,\u201d she says.<\/p>\n\n\n\n<p>The designer, who will once again have her own stand, has prepared a two-fold strategy for her presence in Camari\u00f1as. On the one hand, she will present an exclusive collection for the ArtEncaixe show consisting of shoulder bags, crossbody bags and handbags with a \u201cmore striking and catwalk-focused\u201d design. On the other hand, she will offer for sale at her stand a much more functional line designed for everyday use, with tote bags and accessories for mobile phones or keys.<\/p>\n\n\n\n<p>Trasariz&#039;s great technical challenge was to integrate the lace without the bag losing functionality, taking maximum care in the placement of the appliqu\u00e9s so that the thread &quot;is not exposed to continuous friction or placed directly on a zipper.&quot;.<\/p>\n\n\n\n<p>Her main message on the catwalk will be protest: &quot;I would like to break a little with that idea that lace is something old or that you only see on your grandmother&#039;s tablecloth. The Mostra has been showing for years that there is a lot of talent and creativity, and lace is much more than that. Hopefully this collection will serve as inspiration for other people who are starting out in the world of fashion&quot;, she concludes.<\/p>\n\n\n\n<h2 class=\"wp-block-heading\">The richness of the sea and the &#039;total looks&#039; of Estilo Aramar<\/h2>\n\n\n\n<p>On the other hand, the designer <strong>Viviana Araujo<\/strong> returns to the ArtEncaixe catwalk for another year with her signature Estilo Aramar, committed to a comprehensive vision of fashion. This year she will not only present her usual and spectacular accessories, but will also accompany them with her own complete styles.<\/p>\n\n\n\n<p>Its collection will be a display of elegance and variety, including proposals such as blouses and trousers combined with pamelas, dresses with headdresses, blouses with hats and elegant shawls. In addition, Estilo Aramar will also present proposals for men&#039;s fashion, with styles consisting of a jacket, belt and trousers.<\/p>\n\n\n\n<p>Viviana Araujo&#039;s creative process stands out for its technical complexity, as each piece is made using different disciplines that end up adding up and integrating the lace tips of Camari\u00f1as. \u201cWe use some techniques using dyes, feather work and various techniques,\u201d explains the designer.<\/p>\n\n\n\n<p>All this meticulous artisanal and design work has a very clear common thread this year, linked to the territory: &quot;the intention is to incorporate the lace with the richness of the sea of Camari\u00f1as&quot;, turning the catwalk into a visual tribute to the surroundings of the Costa da Morte.<\/p>\n\n\n\n<figure class=\"wp-block-embed is-type-video is-provider-youtube wp-block-embed-youtube wp-embed-aspect-16-9 wp-has-aspect-ratio\"><div class=\"wp-block-embed__wrapper\">\n<iframe title=\"Spot XXXV Camari\u00f1as Lace Exhibition 2026\" width=\"800\" height=\"450\" src=\"https:\/\/www.youtube.com\/embed\/D7fdQ6-G5Do?feature=oembed\" frameborder=\"0\" allow=\"accelerometer; autoplay; clipboard-write; encrypted-media; gyroscope; picture-in-picture; web-share\" referrerpolicy=\"strict-origin-when-cross-origin\" allowfullscreen><\/iframe>\n<\/div><\/figure>","protected":false},"excerpt":{"rendered":"<p>A pasarela do ArtEncaixe da XXXV Mostra do Encaixe de Camari\u00f1as Deputaci\u00f3n da Coru\u00f1a contin\u00faa desvelando as propostas que encher\u00e1n de creatividade e vangarda o pavill\u00f3n V\u00edctor Vigo esta Semana Santa. Nesta ocasi\u00f3n, conf\u00edrmase a participaci\u00f3n de d\u00faas firmas que apostan polos complementos como pezas centrais: a artes\u00e1 Ana Trasariz e a marca Estilo Aramar, [&hellip;]<\/p>\n","protected":false},"author":1,"featured_media":6861,"comment_status":"open","ping_status":"closed","sticky":false,"template":"","format":"standard","meta":{"footnotes":""},"categories":[10],"tags":[],"class_list":["post-6860","post","type-post","status-publish","format-standard","has-post-thumbnail","hentry","category-prensa"],"_links":{"self":[{"href":"https:\/\/mostra.es\/en\/wp-json\/wp\/v2\/posts\/6860","targetHints":{"allow":["GET"]}}],"collection":[{"href":"https:\/\/mostra.es\/en\/wp-json\/wp\/v2\/posts"}],"about":[{"href":"https:\/\/mostra.es\/en\/wp-json\/wp\/v2\/types\/post"}],"author":[{"embeddable":true,"href":"https:\/\/mostra.es\/en\/wp-json\/wp\/v2\/users\/1"}],"replies":[{"embeddable":true,"href":"https:\/\/mostra.es\/en\/wp-json\/wp\/v2\/comments?post=6860"}],"version-history":[{"count":2,"href":"https:\/\/mostra.es\/en\/wp-json\/wp\/v2\/posts\/6860\/revisions"}],"predecessor-version":[{"id":6863,"href":"https:\/\/mostra.es\/en\/wp-json\/wp\/v2\/posts\/6860\/revisions\/6863"}],"wp:featuredmedia":[{"embeddable":true,"href":"https:\/\/mostra.es\/en\/wp-json\/wp\/v2\/media\/6861"}],"wp:attachment":[{"href":"https:\/\/mostra.es\/en\/wp-json\/wp\/v2\/media?parent=6860"}],"wp:term":[{"taxonomy":"category","embeddable":true,"href":"https:\/\/mostra.es\/en\/wp-json\/wp\/v2\/categories?post=6860"},{"taxonomy":"post_tag","embeddable":true,"href":"https:\/\/mostra.es\/en\/wp-json\/wp\/v2\/tags?post=6860"}],"curies":[{"name":"wp","href":"https:\/\/api.w.org\/{rel}","templated":true}]}}