{"id":6857,"date":"2026-03-22T07:59:00","date_gmt":"2026-03-22T06:59:00","guid":{"rendered":"https:\/\/mostra.es\/?p=6857"},"modified":"2026-03-20T14:01:13","modified_gmt":"2026-03-20T13:01:13","slug":"theater-and-monologues-are-positioned-as-cultural-alternatives-in-the-xxxv-show-of-dressing-room-lace","status":"publish","type":"post","link":"https:\/\/mostra.es\/en\/actualidade\/prensa\/teatro-e-monologos-posicionanse-como-alternativas-culturais-na-xxxv-mostra-do-encaixe-de-camarinas\/","title":{"rendered":"Theater and monologues are positioned as cultural alternatives at the XXXV Camari\u00f1as Lace Festival"},"content":{"rendered":"<ul class=\"wp-block-list\">\n<li><strong>Within the extensive program of the event, the performances of the Aantena company, the company of Camelle and Marta Doviro, Carmen M\u00e9ndez and Ledicia Sola stand out in the field of performing arts.<\/strong><\/li>\n<\/ul>\n\n\n\n<p>Theater and monologues are presented as cultural alternatives at the XXXV Camari\u00f1as Lace Festival of the Provincial Council of A Coru\u00f1a. Within the extensive program of this event, the performances of the Aantena company, the Camelle and Marta Doviro company, Carmen M\u00e9ndez and Ledicia Sola, stand out in the field of performing arts.&nbsp;<\/p>\n\n\n\n<p>During the evening of <strong>Thursday, April 2, at 8:30 p.m.<\/strong>, there will be a theatrical performance by the company Aantena entitled &#039;Threads of Memory&#039;. On the Deputaci\u00f3n de A Coru\u00f1a walkway itself. Admission is free.&nbsp;<\/p>\n\n\n\n<p>Thus, the <strong>Friday, April 3 at 8:30 p.m.<\/strong>, the catwalk will also be filled with laughter with &#039;Mortos de Risa&#039;, by the Camelle company, a monologue whose entry is completely free.&nbsp;<\/p>\n\n\n\n<p>Marta Doviro, Carmen M\u00e9ndez and Ledicia Sola will offer a monologue entitled &#039;Without restrictions&#039; on Saturday, April 4, at 8:30 p.m. Also on the Deputaci\u00f3n de A Coru\u00f1a catwalk and for which tickets must be purchased in advance at the box office.&nbsp;<\/p>\n\n\n\n<p>This show brings together three intrepid women on stage willing to share their stories, thoughts, anecdotes and experiences. Cinema will serve as a common thread for these three brave women to talk about topics as diverse and absurd as love, drugs, the Apostle Santiago, the Costa da Morte or chemicals.<\/p>","protected":false},"excerpt":{"rendered":"<p>O teatro e os mon\u00f3logos pres\u00e9ntanse como alternativas culturais na XXXV Mostra do Encaixe de Camari\u00f1as Deputaci\u00f3n da Coru\u00f1a. Dentro da ampla programaci\u00f3n deste evento, destacan no eido das artes esc\u00e9nicas as actuaci\u00f3ns da compa\u00f1\u00eda Aantena, a compa\u00f1\u00eda de Camelle e Marta Doviro, Carmen M\u00e9ndez e Ledicia Sola.&nbsp; Durante o ser\u00e1n do xoves, 2 de [&hellip;]<\/p>\n","protected":false},"author":1,"featured_media":6858,"comment_status":"open","ping_status":"closed","sticky":false,"template":"","format":"standard","meta":{"footnotes":""},"categories":[10],"tags":[],"class_list":["post-6857","post","type-post","status-publish","format-standard","has-post-thumbnail","hentry","category-prensa"],"_links":{"self":[{"href":"https:\/\/mostra.es\/en\/wp-json\/wp\/v2\/posts\/6857","targetHints":{"allow":["GET"]}}],"collection":[{"href":"https:\/\/mostra.es\/en\/wp-json\/wp\/v2\/posts"}],"about":[{"href":"https:\/\/mostra.es\/en\/wp-json\/wp\/v2\/types\/post"}],"author":[{"embeddable":true,"href":"https:\/\/mostra.es\/en\/wp-json\/wp\/v2\/users\/1"}],"replies":[{"embeddable":true,"href":"https:\/\/mostra.es\/en\/wp-json\/wp\/v2\/comments?post=6857"}],"version-history":[{"count":1,"href":"https:\/\/mostra.es\/en\/wp-json\/wp\/v2\/posts\/6857\/revisions"}],"predecessor-version":[{"id":6859,"href":"https:\/\/mostra.es\/en\/wp-json\/wp\/v2\/posts\/6857\/revisions\/6859"}],"wp:featuredmedia":[{"embeddable":true,"href":"https:\/\/mostra.es\/en\/wp-json\/wp\/v2\/media\/6858"}],"wp:attachment":[{"href":"https:\/\/mostra.es\/en\/wp-json\/wp\/v2\/media?parent=6857"}],"wp:term":[{"taxonomy":"category","embeddable":true,"href":"https:\/\/mostra.es\/en\/wp-json\/wp\/v2\/categories?post=6857"},{"taxonomy":"post_tag","embeddable":true,"href":"https:\/\/mostra.es\/en\/wp-json\/wp\/v2\/tags?post=6857"}],"curies":[{"name":"wp","href":"https:\/\/api.w.org\/{rel}","templated":true}]}}