{"id":6853,"date":"2026-03-21T08:00:00","date_gmt":"2026-03-21T07:00:00","guid":{"rendered":"https:\/\/mostra.es\/?p=6853"},"modified":"2026-03-20T13:58:20","modified_gmt":"2026-03-20T12:58:20","slug":"a-lot-of-music-in-the-xxxv-show-of-the-lace-of-the-dressing-rooms-with-moonlight-in-the-lubre-antia-muino-sebastian-allones-dans-and-las-guerreras-del-k-pop-folklore-and-corals","status":"publish","type":"post","link":"https:\/\/mostra.es\/en\/actualidade\/prensa\/moita-musica-na-xxxv-mostra-do-encaixe-de-camarinas-con-luar-na-lubre-antia-muino-sebastian-allones-dans-e-las-guerreras-del-k-pop-folclore-e-corais\/","title":{"rendered":"Lots of music at the XXXV Camari\u00f1as Lace Festival with Luar na Lubre, Ant\u00eda Mu\u00ed\u00f1o, Sebastian Allones Dans and Las Guerreras del K-Pop, folklore and choirs"},"content":{"rendered":"<p>Music could not be missing from the program of the thirty-fourth edition of the Camari\u00f1as Lace Exhibition of the Provincial Council of A Coru\u00f1a, in which <em>Luar na Lubre, Ant\u00eda Mu\u00ed\u00f1o, Sebastian Allones Dans <\/em>and <em>The Warriors of K-Pop, <\/em>in addition to the performances of folk groups from <em>Opening Rejo, As Cansorri\u00f1as, Con toda en band, Golpe de mar, Mar devalado <\/em>and<em>Good luck.\u00a0<\/em><\/p>\n\n\n\n<p>For the opening, <strong>between the &#039;PequEncaixe&#039; and &#039;Grandes Firmas&#039; parades of<\/strong> <strong>Wednesday, April 1<\/strong>, the performance will take place <strong><em>Moon in the Lubre, <\/em><\/strong>one of the most mythical bands in the traditional Galician scene and which draws its inspiration from the currents of European folk music and, particularly, from the orbit of the so-called \u201cAtlantic or Celtic\u201d music.\u201d<\/p>\n\n\n\n<p><strong>On Saturday, April 4 at 12:30 p.m., after the &#039;ArtEncaixe A&#039;, &#039;Grandes Firmas A&#039; and &#039;PequEncaixe&#039; parades, <\/strong>The Deputaci\u00f3n de A Coru\u00f1a catwalk will host the performance of Sebasti\u00e1n Allones Dans, from Camelle, who at only 12 years old won the talent contest &#039;Da r\u00faa \u00e1 l\u00faa&#039;, from the program &#039;Quen anda a\u00ed&#039; on Televisi\u00f3n de Galicia.<\/p>\n\n\n\n<figure class=\"wp-block-embed is-type-video is-provider-youtube wp-block-embed-youtube wp-embed-aspect-16-9 wp-has-aspect-ratio\"><div class=\"wp-block-embed__wrapper\">\n<iframe title=\"\ud83c\udfa4 SEBAS ALLONES: the WINNER of Da R\u00faa \u00e1 L\u00faa at just 11 years old\" width=\"800\" height=\"450\" src=\"https:\/\/www.youtube.com\/embed\/kjYKyHnBIR8?feature=oembed\" frameborder=\"0\" allow=\"accelerometer; autoplay; clipboard-write; encrypted-media; gyroscope; picture-in-picture; web-share\" referrerpolicy=\"strict-origin-when-cross-origin\" allowfullscreen><\/iframe>\n<\/div><\/figure>\n\n\n\n<p><strong>On Sunday, April 5, at 12:15 p.m<\/strong>, round of the 9th Mostra do Encaixe Choir Meeting with the San Roque de Vigo polyphonic choir, the San Salvador de Pazos Choir and the Brisas do Mar Municipal Choir of Camari\u00f1as.<\/p>\n\n\n\n<p><strong>On Sunday, April 5 at 1:00 p.m., <\/strong>the musical and dance show of <strong><em>The Warriors of K-Pop <\/em><\/strong>and already in the afternoon, <strong>after 7:30 p.m.<\/strong> to close the thirty-fifth edition of the Camari\u00f1as Lace Exhibition, <strong>Ant\u00eda Mu\u00edno<\/strong>, one of the revelations of Galician song with a register that moves between <em>jazz-pop, <\/em>alternative author&#039;s song and the love for traditional Galician music.&nbsp;<\/p>\n\n\n\n<p>This eclecticism makes her an artist difficult to classify, who seeks to escape labels and <em>clich\u00e9s<\/em> and who moves without complexes between all these waters to transmit a versatile and multifaceted voice, at the same time deeply personal and singular.<\/p>\n\n\n\n<figure class=\"wp-block-embed is-type-rich is-provider-spotify wp-block-embed-spotify wp-embed-aspect-21-9 wp-has-aspect-ratio\"><div class=\"wp-block-embed__wrapper\">\n<iframe title=\"Spotify Embed: Amphibia Por Veces\" style=\"border-radius: 12px\" width=\"100%\" height=\"352\" frameborder=\"0\" allowfullscreen allow=\"autoplay; clipboard-write; encrypted-media; fullscreen; picture-in-picture\" loading=\"lazy\" src=\"https:\/\/open.spotify.com\/embed\/album\/66W6vjIToX8YxcoGVjghH1?si=thT9003ORs26I3_bqxXsfQ&amp;utm_source=oembed\"><\/iframe>\n<\/div><\/figure>\n\n\n\n<p>\u2018&#039;Anfibia por veces&#039; (2026) is the title of her second work, an eclectic and surprising album in which the artist explores new sounds, elevating the intimate style and acoustic sound that characterize her. This album is the result of a joint work with the prominent Galician producer Hevi in which the artist reflects on great universal themes such as identity, love, the search for oneself or the feeling of belonging.&nbsp;<\/p>\n\n\n\n<p>Ant\u00eda also reclaimed the role of women as creators and instrumentalists, including collaborations with prominent figures in the Galician scene such as <em>Lilaina, Brassic Rapa<\/em> and <em>Margarita Marino.&nbsp;<\/em><\/p>\n\n\n\n<figure class=\"wp-block-image size-large\"><img fetchpriority=\"high\" decoding=\"async\" width=\"1024\" height=\"583\" src=\"https:\/\/mostra.es\/wp-content\/uploads\/2026\/03\/Luar-na-Lubre-1-1024x583.jpg\" alt=\"\" class=\"wp-image-6855\" title=\"\" srcset=\"https:\/\/mostra.es\/wp-content\/uploads\/2026\/03\/Luar-na-Lubre-1-1024x583.jpg 1024w, https:\/\/mostra.es\/wp-content\/uploads\/2026\/03\/Luar-na-Lubre-1-300x171.jpg 300w, https:\/\/mostra.es\/wp-content\/uploads\/2026\/03\/Luar-na-Lubre-1-768x437.jpg 768w, https:\/\/mostra.es\/wp-content\/uploads\/2026\/03\/Luar-na-Lubre-1-18x10.jpg 18w, https:\/\/mostra.es\/wp-content\/uploads\/2026\/03\/Luar-na-Lubre-1.jpg 1500w\" sizes=\"(max-width: 1024px) 100vw, 1024px\" \/><\/figure>","protected":false},"excerpt":{"rendered":"<p>In addition, as usual, there will be folk performances with Abrindo Rejo, As Cansorri\u00f1as, Con toda en banda, Golpe de mar, Mar devalado and Vaiche Boa.<\/p>\n<p>On Sunday, April 5, at 12:15 p.m., the 9th Mostra do Encaixe Choir Meeting will take place with the San Roque de Vigo polyphonic choir, the San Salvador de Pazos choir and the Brisas do Mar Municipal Choir of Camari\u00f1as.<\/p>","protected":false},"author":1,"featured_media":6854,"comment_status":"open","ping_status":"closed","sticky":false,"template":"","format":"standard","meta":{"footnotes":""},"categories":[10],"tags":[],"class_list":["post-6853","post","type-post","status-publish","format-standard","has-post-thumbnail","hentry","category-prensa"],"_links":{"self":[{"href":"https:\/\/mostra.es\/en\/wp-json\/wp\/v2\/posts\/6853","targetHints":{"allow":["GET"]}}],"collection":[{"href":"https:\/\/mostra.es\/en\/wp-json\/wp\/v2\/posts"}],"about":[{"href":"https:\/\/mostra.es\/en\/wp-json\/wp\/v2\/types\/post"}],"author":[{"embeddable":true,"href":"https:\/\/mostra.es\/en\/wp-json\/wp\/v2\/users\/1"}],"replies":[{"embeddable":true,"href":"https:\/\/mostra.es\/en\/wp-json\/wp\/v2\/comments?post=6853"}],"version-history":[{"count":1,"href":"https:\/\/mostra.es\/en\/wp-json\/wp\/v2\/posts\/6853\/revisions"}],"predecessor-version":[{"id":6856,"href":"https:\/\/mostra.es\/en\/wp-json\/wp\/v2\/posts\/6853\/revisions\/6856"}],"wp:featuredmedia":[{"embeddable":true,"href":"https:\/\/mostra.es\/en\/wp-json\/wp\/v2\/media\/6854"}],"wp:attachment":[{"href":"https:\/\/mostra.es\/en\/wp-json\/wp\/v2\/media?parent=6853"}],"wp:term":[{"taxonomy":"category","embeddable":true,"href":"https:\/\/mostra.es\/en\/wp-json\/wp\/v2\/categories?post=6853"},{"taxonomy":"post_tag","embeddable":true,"href":"https:\/\/mostra.es\/en\/wp-json\/wp\/v2\/tags?post=6853"}],"curies":[{"name":"wp","href":"https:\/\/api.w.org\/{rel}","templated":true}]}}