{"id":6849,"date":"2026-03-20T13:49:07","date_gmt":"2026-03-20T12:49:07","guid":{"rendered":"https:\/\/mostra.es\/?p=6849"},"modified":"2026-03-20T13:49:08","modified_gmt":"2026-03-20T12:49:08","slug":"ondas-do-mar-and-andion-clothing-two-names-known-to-the-public-in-the-shows-of-the-big-firms","status":"publish","type":"post","link":"https:\/\/mostra.es\/en\/actualidade\/prensa\/ondas-do-mar-e-andion-clothing-dous-nomes-conecidos-do-publico-nos-desfiles-das-grandes-firmas\/","title":{"rendered":"Ondas do Mar and Andi\u00f3n Clothing, two names known to the public, in the fashion shows of the Big Brands"},"content":{"rendered":"<p><em>Sea Waves <\/em>and <em>Andion Clothing, <\/em>two names known to the public, will be in the parades of the Great Brands of the thirty-fifth edition of the Camari\u00f1as Lace Exhibition of the Provincial Council of A Coru\u00f1a.&nbsp;<\/p>\n\n\n\n<p>Josefina Campa\u00f1a, from Camari\u00f1as, makes the leap this year to the Grandes Firmas catwalk from the ArtEncaixe one, in which she participated in the last two editions.&nbsp;<\/p>\n\n\n\n<p>\u201c&quot;As a good Camari\u00f1ana, I feel very proud to teach our tradition, what our mothers have been instilling in us. These years I have been building my brand and on this thirty-fifth anniversary I want to show the World that <strong><em>Sea Waves<\/em><\/strong> &quot;It is a unique signature made of Encaixe de Camari\u00f1as designs, mixed with the garment itself,&quot; says Josefina Campa\u00f1a.&nbsp;<\/p>\n\n\n\n<p>\u201cSince I was little, we were always told that lace was for table linen, towels, bed sets\u2026 And as I grew up, they realized that I could mix this product with paint, which is another of my passions. Every second of my life I have an idea in my head, every time I see something I take it to my place, to my Camari\u00f1as lace. Over the years, I have changed my way of thinking, and today I will be parading with some designs in the Big Brands category.\u201d.<\/p>\n\n\n\n<p>The campaign will present \u201cthe mixture of the design of the Lace and the thread, the mixture of ideas that comes out every second in my head and I will show that my Lace, which comes out of my hands, is unique. Not because it is better than anyone else&#039;s, but because only one piece of each is made. I want to show the world that <em>Sea Waves<\/em> It&#039;s worth it, and it&#039;s very worth it,&quot; he says.<\/p>\n\n\n\n<p>The Camari\u00f1ana thanks &quot;my partner and my daughters, who support me in everything I do, and I&#039;m proud of that. We are a team and without them I couldn&#039;t have done this.&quot;\u201c<\/p>\n\n\n\n<figure class=\"wp-block-image size-full\"><img fetchpriority=\"high\" decoding=\"async\" width=\"1024\" height=\"683\" src=\"https:\/\/mostra.es\/wp-content\/uploads\/2026\/03\/Andion.jpg\" alt=\"\" class=\"wp-image-6850\" title=\"\" srcset=\"https:\/\/mostra.es\/wp-content\/uploads\/2026\/03\/Andion.jpg 1024w, https:\/\/mostra.es\/wp-content\/uploads\/2026\/03\/Andion-300x200.jpg 300w, https:\/\/mostra.es\/wp-content\/uploads\/2026\/03\/Andion-768x512.jpg 768w, https:\/\/mostra.es\/wp-content\/uploads\/2026\/03\/Andion-18x12.jpg 18w\" sizes=\"(max-width: 1024px) 100vw, 1024px\" \/><\/figure>\n\n\n\n<p>Carmen Mogo and her mother form <strong><em>Andion Clothing<\/em><\/strong><em>, <\/em>who do what they are passionate about in a small workshop in Galicia surrounded by oaks, eucalyptus and corn; \u201calways by hand and with the rest of the women who shape the small big family that is <em>Andion<\/em> <em>Clothing<\/em>\u201d, are another of the names known to the family of the Palillo event.&nbsp;<\/p>\n\n\n\n<p>\u201cSince I was little I used to go with my mother to Camari\u00f1as, to the Mostra, which she was always part of or involved in some way. So I&#039;m not only participating for the third year; the Mostra has been part of my life in one way or another. This year we wanted to give even more prominence to the Lace and we took a step further, since we are going for the contemporary bride but always with a tradition-based approach to fabrics. Coming to the Mostra and seeing with your own eyes the work behind it, that process that is so beautiful, so laborious and so unique, helps to value what we do and also helps to change the perspective when it comes to investing in something that is also worth it, because it has a history behind it and, above all, a future ahead\u201d, says Carmen.<\/p>\n\n\n\n<p><\/p>","protected":false},"excerpt":{"rendered":"<p>Ondas do Mar, \u00e1lter ego de Josefina Campa\u00f1a, d\u00e1 o salto desde a pasarela do ArtEncaixe \u00e1 de Grandes Firmas desta trix\u00e9simo quinta edici\u00f3n.<\/p>\n<p>Carmen Mogo e s\u00faa nai forman Andi\u00f3n Clothing, nun pequeno taller de Galicia facendo o que lles apaixoa.<\/p>","protected":false},"author":1,"featured_media":6851,"comment_status":"open","ping_status":"closed","sticky":false,"template":"","format":"standard","meta":{"footnotes":""},"categories":[10],"tags":[],"class_list":["post-6849","post","type-post","status-publish","format-standard","has-post-thumbnail","hentry","category-prensa"],"_links":{"self":[{"href":"https:\/\/mostra.es\/en\/wp-json\/wp\/v2\/posts\/6849","targetHints":{"allow":["GET"]}}],"collection":[{"href":"https:\/\/mostra.es\/en\/wp-json\/wp\/v2\/posts"}],"about":[{"href":"https:\/\/mostra.es\/en\/wp-json\/wp\/v2\/types\/post"}],"author":[{"embeddable":true,"href":"https:\/\/mostra.es\/en\/wp-json\/wp\/v2\/users\/1"}],"replies":[{"embeddable":true,"href":"https:\/\/mostra.es\/en\/wp-json\/wp\/v2\/comments?post=6849"}],"version-history":[{"count":1,"href":"https:\/\/mostra.es\/en\/wp-json\/wp\/v2\/posts\/6849\/revisions"}],"predecessor-version":[{"id":6852,"href":"https:\/\/mostra.es\/en\/wp-json\/wp\/v2\/posts\/6849\/revisions\/6852"}],"wp:featuredmedia":[{"embeddable":true,"href":"https:\/\/mostra.es\/en\/wp-json\/wp\/v2\/media\/6851"}],"wp:attachment":[{"href":"https:\/\/mostra.es\/en\/wp-json\/wp\/v2\/media?parent=6849"}],"wp:term":[{"taxonomy":"category","embeddable":true,"href":"https:\/\/mostra.es\/en\/wp-json\/wp\/v2\/categories?post=6849"},{"taxonomy":"post_tag","embeddable":true,"href":"https:\/\/mostra.es\/en\/wp-json\/wp\/v2\/tags?post=6849"}],"curies":[{"name":"wp","href":"https:\/\/api.w.org\/{rel}","templated":true}]}}