{"id":6842,"date":"2026-03-18T20:41:03","date_gmt":"2026-03-18T19:41:03","guid":{"rendered":"https:\/\/mostra.es\/?p=6842"},"modified":"2026-03-18T20:41:03","modified_gmt":"2026-03-18T19:41:03","slug":"the-gourmet-space-between-laces-will-have-10-sales-stands","status":"publish","type":"post","link":"https:\/\/mostra.es\/en\/actualidade\/prensa\/o-espazo-gourmet-entre-encaixes-contara-con-10-postos-de-venta\/","title":{"rendered":"The &#039;Gourmet entre laches&#039; space will have 10 sales stands\u00a0\u00a0"},"content":{"rendered":"<p>The space dedicated to the food sector &#039;Gourmet among laces&#039; will repeat for the third consecutive year in the thirty-fifth edition of the Camari\u00f1as Lace Exhibition of the Provincial Council of A Coru\u00f1a, which will be held from April 1 to 5, 2026.<\/p>\n\n\n\n<p>In this area dedicated to the food sector, which will once again have a special decoration and will have security surveillance 24 hours a day, 10 sales points will be installed: Bico de Xeado, DTroula, Ib\u00e9ricos de Salamanca, Frigor\u00edficos de Camari\u00f1as, Mascarada O Cansorri\u00f1o, Oriente Exquisito, Piment\u00f3n La Ristra, Pura Locura, Stolt Sea Farm and Xacobleas.<\/p>\n\n\n\n<p>The Mostra bar will also be located there and a space with tables and chairs will be set up so that the public attending the Mostra can taste the products they buy right there. It will be open from Wednesday, April 1 at 3 p.m. until Sunday, April 5, continuously from 11 a.m. to 9 p.m. from Thursday to Sunday.&nbsp;<\/p>\n\n\n\n<figure class=\"wp-block-embed is-type-video is-provider-youtube wp-block-embed-youtube wp-embed-aspect-16-9 wp-has-aspect-ratio\"><div class=\"wp-block-embed__wrapper\">\n<iframe title=\"Spot XXXV Camari\u00f1as Lace Exhibition 2026\" width=\"800\" height=\"450\" src=\"https:\/\/www.youtube.com\/embed\/D7fdQ6-G5Do?feature=oembed\" frameborder=\"0\" allow=\"accelerometer; autoplay; clipboard-write; encrypted-media; gyroscope; picture-in-picture; web-share\" referrerpolicy=\"strict-origin-when-cross-origin\" allowfullscreen><\/iframe>\n<\/div><\/figure>","protected":false},"excerpt":{"rendered":"<p>An area dedicated to the food sector will be re-opened, where the Mostra bar will also be located.<\/p>","protected":false},"author":1,"featured_media":6843,"comment_status":"open","ping_status":"closed","sticky":false,"template":"","format":"standard","meta":{"footnotes":""},"categories":[10],"tags":[],"class_list":["post-6842","post","type-post","status-publish","format-standard","has-post-thumbnail","hentry","category-prensa"],"_links":{"self":[{"href":"https:\/\/mostra.es\/en\/wp-json\/wp\/v2\/posts\/6842","targetHints":{"allow":["GET"]}}],"collection":[{"href":"https:\/\/mostra.es\/en\/wp-json\/wp\/v2\/posts"}],"about":[{"href":"https:\/\/mostra.es\/en\/wp-json\/wp\/v2\/types\/post"}],"author":[{"embeddable":true,"href":"https:\/\/mostra.es\/en\/wp-json\/wp\/v2\/users\/1"}],"replies":[{"embeddable":true,"href":"https:\/\/mostra.es\/en\/wp-json\/wp\/v2\/comments?post=6842"}],"version-history":[{"count":1,"href":"https:\/\/mostra.es\/en\/wp-json\/wp\/v2\/posts\/6842\/revisions"}],"predecessor-version":[{"id":6844,"href":"https:\/\/mostra.es\/en\/wp-json\/wp\/v2\/posts\/6842\/revisions\/6844"}],"wp:featuredmedia":[{"embeddable":true,"href":"https:\/\/mostra.es\/en\/wp-json\/wp\/v2\/media\/6843"}],"wp:attachment":[{"href":"https:\/\/mostra.es\/en\/wp-json\/wp\/v2\/media?parent=6842"}],"wp:term":[{"taxonomy":"category","embeddable":true,"href":"https:\/\/mostra.es\/en\/wp-json\/wp\/v2\/categories?post=6842"},{"taxonomy":"post_tag","embeddable":true,"href":"https:\/\/mostra.es\/en\/wp-json\/wp\/v2\/tags?post=6842"}],"curies":[{"name":"wp","href":"https:\/\/api.w.org\/{rel}","templated":true}]}}