{"id":6827,"date":"2026-03-16T13:14:21","date_gmt":"2026-03-16T12:14:21","guid":{"rendered":"https:\/\/mostra.es\/?p=6827"},"modified":"2026-03-16T13:14:22","modified_gmt":"2026-03-16T12:14:22","slug":"oleria-buno-xxxv-shows-dressing-room-lace","status":"publish","type":"post","link":"https:\/\/mostra.es\/en\/actualidade\/prensa\/oleria-buno-xxxv-mostra-encaixe-camarinas\/","title":{"rendered":"Bu\u00f1o pottery will shine again on the A Coru\u00f1a Provincial Council catwalk at the thirty-fifth Mostra do Encaixe, which will feature Feituras, O Rulo, Alfarer\u00eda La Cacharrera and Risco Estudio."},"content":{"rendered":"<p>Bu\u00f1o pottery will shine again on the Deputaci\u00f3n de A Coru\u00f1a catwalk in a thirty-fifth Camari\u00f1as Lace Exhibition that will feature Feituras, O Rulo, Alfarer\u00eda la Cacharrera and Risco Estudio, in the ArtEncaixe category parades, combining Camari\u00f1as Lace with the clay pieces of these four potters.<\/p>\n\n\n\n<p>\u201cOnce again, we greatly appreciate that they are counting on us, since it is an honor and a challenge to participate in the Camari\u00f1as Lace Show, at ArtEncaixe, a major challenge since the pieces are made exclusively for the show, as has been seen in previous editions,\u201d says Mar\u00eda Canedo, from <em>Features, <\/em>who states that \u201cthere are very different styles, we all maintain traditional shapes and pieces but we are aware that we have to move with the times, innovate and that is good, look for new decorations and continue without losing our essence\u201d.<\/p>\n\n\n\n<p>Canedo assures that \u201cthe most traditional is not at odds with the avant-garde, and participating in this parade allows us to introduce people who come to Camari\u00f1as to the different styles that you can find in Bu\u00f1o, while it is also an open door to show the beautiful coexistence of two crafts as different as ceramics and lace.\u201d<\/p>\n\n\n\n<p>The public who attends the XXXIV Camari\u00f1as Lace Exhibition, which will be held in the Victor Vigo pavilion from April 1 to 5, will be able to enjoy these pieces in the ArtEncaixe parades, which will take place on the Deputaci\u00f3n de A Coru\u00f1a catwalk on the following days and times:&nbsp;<\/p>\n\n\n\n<ul class=\"wp-block-list\">\n<li>Thursday, April 2 at 12:45 (group A) and 6:00 p.m. (group B).\u00a0<\/li>\n\n\n\n<li>Friday, April 3 at 12:45 (group B) and 4:45 p.m. (group A).\u00a0<\/li>\n\n\n\n<li>Saturday April 4 at 12:30 (group A) and at 6:00 pm (group B).<\/li>\n<\/ul>\n\n\n\n<figure class=\"wp-block-gallery has-nested-images columns-default is-cropped wp-block-gallery-1 is-layout-flex wp-block-gallery-is-layout-flex\">\n<figure class=\"wp-block-image size-large\"><img fetchpriority=\"high\" decoding=\"async\" width=\"1024\" height=\"683\" data-id=\"6831\" src=\"https:\/\/mostra.es\/wp-content\/uploads\/2026\/03\/Oleria-de-Buno-na-Mostra-do-Encaixe-2026-00004-1024x683.jpg\" alt=\"\" class=\"wp-image-6831\" title=\"\" srcset=\"https:\/\/mostra.es\/wp-content\/uploads\/2026\/03\/Oleria-de-Buno-na-Mostra-do-Encaixe-2026-00004-1024x683.jpg 1024w, https:\/\/mostra.es\/wp-content\/uploads\/2026\/03\/Oleria-de-Buno-na-Mostra-do-Encaixe-2026-00004-300x200.jpg 300w, https:\/\/mostra.es\/wp-content\/uploads\/2026\/03\/Oleria-de-Buno-na-Mostra-do-Encaixe-2026-00004-768x512.jpg 768w, https:\/\/mostra.es\/wp-content\/uploads\/2026\/03\/Oleria-de-Buno-na-Mostra-do-Encaixe-2026-00004-18x12.jpg 18w, https:\/\/mostra.es\/wp-content\/uploads\/2026\/03\/Oleria-de-Buno-na-Mostra-do-Encaixe-2026-00004.jpg 1500w\" sizes=\"(max-width: 1024px) 100vw, 1024px\" \/><\/figure>\n\n\n\n<figure class=\"wp-block-image size-large\"><img decoding=\"async\" width=\"1024\" height=\"683\" data-id=\"6830\" src=\"https:\/\/mostra.es\/wp-content\/uploads\/2026\/03\/Oleria-de-Buno-na-Mostra-do-Encaixe-2026-00003-1024x683.jpg\" alt=\"\" class=\"wp-image-6830\" title=\"\" srcset=\"https:\/\/mostra.es\/wp-content\/uploads\/2026\/03\/Oleria-de-Buno-na-Mostra-do-Encaixe-2026-00003-1024x683.jpg 1024w, https:\/\/mostra.es\/wp-content\/uploads\/2026\/03\/Oleria-de-Buno-na-Mostra-do-Encaixe-2026-00003-300x200.jpg 300w, https:\/\/mostra.es\/wp-content\/uploads\/2026\/03\/Oleria-de-Buno-na-Mostra-do-Encaixe-2026-00003-768x512.jpg 768w, https:\/\/mostra.es\/wp-content\/uploads\/2026\/03\/Oleria-de-Buno-na-Mostra-do-Encaixe-2026-00003-18x12.jpg 18w, https:\/\/mostra.es\/wp-content\/uploads\/2026\/03\/Oleria-de-Buno-na-Mostra-do-Encaixe-2026-00003.jpg 1500w\" sizes=\"(max-width: 1024px) 100vw, 1024px\" \/><\/figure>\n\n\n\n<figure class=\"wp-block-image size-large\"><img decoding=\"async\" width=\"1024\" height=\"683\" data-id=\"6829\" src=\"https:\/\/mostra.es\/wp-content\/uploads\/2026\/03\/Oleria-de-Buno-na-Mostra-do-Encaixe-2026-00002-1024x683.jpg\" alt=\"\" class=\"wp-image-6829\" title=\"\" srcset=\"https:\/\/mostra.es\/wp-content\/uploads\/2026\/03\/Oleria-de-Buno-na-Mostra-do-Encaixe-2026-00002-1024x683.jpg 1024w, https:\/\/mostra.es\/wp-content\/uploads\/2026\/03\/Oleria-de-Buno-na-Mostra-do-Encaixe-2026-00002-300x200.jpg 300w, https:\/\/mostra.es\/wp-content\/uploads\/2026\/03\/Oleria-de-Buno-na-Mostra-do-Encaixe-2026-00002-768x512.jpg 768w, https:\/\/mostra.es\/wp-content\/uploads\/2026\/03\/Oleria-de-Buno-na-Mostra-do-Encaixe-2026-00002-18x12.jpg 18w, https:\/\/mostra.es\/wp-content\/uploads\/2026\/03\/Oleria-de-Buno-na-Mostra-do-Encaixe-2026-00002.jpg 1500w\" sizes=\"(max-width: 1024px) 100vw, 1024px\" \/><\/figure>\n\n\n\n<figure class=\"wp-block-image size-large\"><img loading=\"lazy\" decoding=\"async\" width=\"1024\" height=\"683\" data-id=\"6828\" src=\"https:\/\/mostra.es\/wp-content\/uploads\/2026\/03\/Oleria-de-Buno-na-Mostra-do-Encaixe-2026-00001-1024x683.jpg\" alt=\"\" class=\"wp-image-6828\" title=\"\" srcset=\"https:\/\/mostra.es\/wp-content\/uploads\/2026\/03\/Oleria-de-Buno-na-Mostra-do-Encaixe-2026-00001-1024x683.jpg 1024w, https:\/\/mostra.es\/wp-content\/uploads\/2026\/03\/Oleria-de-Buno-na-Mostra-do-Encaixe-2026-00001-300x200.jpg 300w, https:\/\/mostra.es\/wp-content\/uploads\/2026\/03\/Oleria-de-Buno-na-Mostra-do-Encaixe-2026-00001-768x512.jpg 768w, https:\/\/mostra.es\/wp-content\/uploads\/2026\/03\/Oleria-de-Buno-na-Mostra-do-Encaixe-2026-00001-18x12.jpg 18w, https:\/\/mostra.es\/wp-content\/uploads\/2026\/03\/Oleria-de-Buno-na-Mostra-do-Encaixe-2026-00001.jpg 1500w\" sizes=\"(max-width: 1024px) 100vw, 1024px\" \/><\/figure>\n<\/figure>","protected":false},"excerpt":{"rendered":"<p>It will be at the ArtEncaixe parades, where we will be able to see creations that combine Lace with clay pieces.<\/p>","protected":false},"author":1,"featured_media":6831,"comment_status":"open","ping_status":"closed","sticky":false,"template":"","format":"standard","meta":{"footnotes":""},"categories":[10],"tags":[],"class_list":["post-6827","post","type-post","status-publish","format-standard","has-post-thumbnail","hentry","category-prensa"],"_links":{"self":[{"href":"https:\/\/mostra.es\/en\/wp-json\/wp\/v2\/posts\/6827","targetHints":{"allow":["GET"]}}],"collection":[{"href":"https:\/\/mostra.es\/en\/wp-json\/wp\/v2\/posts"}],"about":[{"href":"https:\/\/mostra.es\/en\/wp-json\/wp\/v2\/types\/post"}],"author":[{"embeddable":true,"href":"https:\/\/mostra.es\/en\/wp-json\/wp\/v2\/users\/1"}],"replies":[{"embeddable":true,"href":"https:\/\/mostra.es\/en\/wp-json\/wp\/v2\/comments?post=6827"}],"version-history":[{"count":1,"href":"https:\/\/mostra.es\/en\/wp-json\/wp\/v2\/posts\/6827\/revisions"}],"predecessor-version":[{"id":6832,"href":"https:\/\/mostra.es\/en\/wp-json\/wp\/v2\/posts\/6827\/revisions\/6832"}],"wp:featuredmedia":[{"embeddable":true,"href":"https:\/\/mostra.es\/en\/wp-json\/wp\/v2\/media\/6831"}],"wp:attachment":[{"href":"https:\/\/mostra.es\/en\/wp-json\/wp\/v2\/media?parent=6827"}],"wp:term":[{"taxonomy":"category","embeddable":true,"href":"https:\/\/mostra.es\/en\/wp-json\/wp\/v2\/categories?post=6827"},{"taxonomy":"post_tag","embeddable":true,"href":"https:\/\/mostra.es\/en\/wp-json\/wp\/v2\/tags?post=6827"}],"curies":[{"name":"wp","href":"https:\/\/api.w.org\/{rel}","templated":true}]}}