{"id":6822,"date":"2026-03-13T17:48:54","date_gmt":"2026-03-13T16:48:54","guid":{"rendered":"https:\/\/mostra.es\/?p=6822"},"modified":"2026-03-13T17:48:54","modified_gmt":"2026-03-13T16:48:54","slug":"white-and-elegance-unite-the-veteran-ana-cabranes-and-the-debutant-joaquin-ruiz-on-the-catwalk-of-great-designers","status":"publish","type":"post","link":"https:\/\/mostra.es\/en\/actualidade\/prensa\/o-branco-e-a-elegancia-unen-a-veterana-ana-cabranes-e-ao-debutante-xoaquin-ruiz-na-pasarela-de-grandes-desenadores\/","title":{"rendered":"White and elegance unite veteran Ana Cabranes and debutant Xoaqu\u00edn Ruiz on the Great Designers catwalk"},"content":{"rendered":"<p>The Great Designers&#039; catwalk of the XXXV Camari\u00f1as Lace Exhibition of the Provincial Council of A Coru\u00f1a will host in this edition two proposals that, although born from very different life and professional trajectories, find a common link in the purity of the white color, in elegance and in absolute respect for the work of the lacemakers. They are the collections of the renowned designer Ana Cabranes and the emerging talent Xoaqu\u00edn Ruiz.<\/p>\n\n\n\n<p>For the Andalusian designer based in Culleredo, Xoaqu\u00edn Ruiz, this thirty-fifth edition represents the culmination of a dream and the closing of a perfect cycle within the Mostra itself. After starting his journey in the Noveis Dese\u00f1adores competition and passing through the Emerging Designers catwalk, this year he makes his debut on the main bill. \u201cFor me it is an honour and a great responsibility. Starting in the Noveis competition was one of the first steps in a dream that little by little took shape. I saw the designers and said to myself &#039;I have to be there one day&#039;, and with perseverance and effort I am here\u2018, he confesses.<\/p>\n\n\n\n<p>In this sense, Ruiz wanted to send a message to the young people who are participating in the Noveis contest this year: &quot;May they really enjoy the process, the experience and the colleagues they meet at each fashion show. May they believe in their own personality when creating fashion, because dreams come true if you work hard for them.&quot;.<\/p>\n\n\n\n<p>Regarding the proposal that will take to the catwalk, the designer says that the collection revolves around \u201cthe delicacy of the details and the strength of the craftsman\u201d. True to his essence, his creation will stand out for its volumes and will have white as the main color. \u201cIt is a collection where Andalusia meets Galicia\u201d, he emphasizes.<\/p>\n\n\n\n<figure class=\"wp-block-image size-large\"><img fetchpriority=\"high\" decoding=\"async\" width=\"1024\" height=\"786\" src=\"https:\/\/mostra.es\/wp-content\/uploads\/2026\/03\/Coleccion-Ana-Cabranes-2025-1-1024x786.jpg\" alt=\"\" class=\"wp-image-6824\" title=\"\" srcset=\"https:\/\/mostra.es\/wp-content\/uploads\/2026\/03\/Coleccion-Ana-Cabranes-2025-1-1024x786.jpg 1024w, https:\/\/mostra.es\/wp-content\/uploads\/2026\/03\/Coleccion-Ana-Cabranes-2025-1-300x230.jpg 300w, https:\/\/mostra.es\/wp-content\/uploads\/2026\/03\/Coleccion-Ana-Cabranes-2025-1-768x589.jpg 768w, https:\/\/mostra.es\/wp-content\/uploads\/2026\/03\/Coleccion-Ana-Cabranes-2025-1-16x12.jpg 16w, https:\/\/mostra.es\/wp-content\/uploads\/2026\/03\/Coleccion-Ana-Cabranes-2025-1.jpg 1500w\" sizes=\"(max-width: 1024px) 100vw, 1024px\" \/><\/figure>\n\n\n\n<h2 class=\"wp-block-heading\"><strong>The reinvention and fidelity of Ana Cabranes<\/strong><\/h2>\n\n\n\n<p>Sharing this aesthetic commitment to light and the color white will be Ana Cabranes, an institution at the Mostra do Encaixe, in which she has participated continuously for more than two decades. Despite her long and successful career at the event, the designer assures that she will face this edition \u201cwith the same enthusiasm\u201d.<\/p>\n\n\n\n<p>For Cabranes, the magic of Camari\u00f1as lies in seeing how, over time, &quot;the lace continues to be revalued year after year, to continue achieving impossible shapes; it is an incredible satisfaction for me.&quot;.<\/p>\n\n\n\n<p>Asked about the secret to always staying at the forefront without losing her essence edition after edition, the creator is clear: &quot;Everyone has their own personal style and, if you want to be true to it, you always find a way to reinvent yourself and see each detail as something special that you never tire of seeing and appreciating.&quot;.<\/p>\n\n\n\n<p>This year, Ana Cabranes will present a capsule collection that stands out for having \u201ca lot of light and a feeling of fusion of the lace with the tone, being all one.\u201d Like Xoaqu\u00edn Ruiz, the designer will bet on that immaculate color, looking for \u201cthe point of elegance and simplicity that white has.\u201d.<\/p>\n\n\n\n<figure class=\"wp-block-image size-full\"><img decoding=\"async\" width=\"1200\" height=\"1600\" src=\"https:\/\/mostra.es\/wp-content\/uploads\/2026\/03\/Coleccion-Xoaquin-Ruiz.jpg\" alt=\"\" class=\"wp-image-6825\" title=\"\" srcset=\"https:\/\/mostra.es\/wp-content\/uploads\/2026\/03\/Coleccion-Xoaquin-Ruiz.jpg 1200w, https:\/\/mostra.es\/wp-content\/uploads\/2026\/03\/Coleccion-Xoaquin-Ruiz-225x300.jpg 225w, https:\/\/mostra.es\/wp-content\/uploads\/2026\/03\/Coleccion-Xoaquin-Ruiz-768x1024.jpg 768w, https:\/\/mostra.es\/wp-content\/uploads\/2026\/03\/Coleccion-Xoaquin-Ruiz-1152x1536.jpg 1152w, https:\/\/mostra.es\/wp-content\/uploads\/2026\/03\/Coleccion-Xoaquin-Ruiz-9x12.jpg 9w\" sizes=\"(max-width: 1200px) 100vw, 1200px\" \/><\/figure>","protected":false},"excerpt":{"rendered":"<p>The historic Asturian designer keeps the &quot;illusion intact&quot; and highlights the ability of Camari\u00f1as lace to continue to be revalued and create &quot;impossible shapes&quot;.\u00a0<\/p>\n<p>The young creator fulfills his dream of making the leap to the catwalk of Great Designers with a collection full of volumes where \u201cAndalusia meets Galicia\u201d.<\/p>","protected":false},"author":1,"featured_media":6823,"comment_status":"open","ping_status":"closed","sticky":false,"template":"","format":"standard","meta":{"footnotes":""},"categories":[10],"tags":[],"class_list":["post-6822","post","type-post","status-publish","format-standard","has-post-thumbnail","hentry","category-prensa"],"_links":{"self":[{"href":"https:\/\/mostra.es\/en\/wp-json\/wp\/v2\/posts\/6822","targetHints":{"allow":["GET"]}}],"collection":[{"href":"https:\/\/mostra.es\/en\/wp-json\/wp\/v2\/posts"}],"about":[{"href":"https:\/\/mostra.es\/en\/wp-json\/wp\/v2\/types\/post"}],"author":[{"embeddable":true,"href":"https:\/\/mostra.es\/en\/wp-json\/wp\/v2\/users\/1"}],"replies":[{"embeddable":true,"href":"https:\/\/mostra.es\/en\/wp-json\/wp\/v2\/comments?post=6822"}],"version-history":[{"count":1,"href":"https:\/\/mostra.es\/en\/wp-json\/wp\/v2\/posts\/6822\/revisions"}],"predecessor-version":[{"id":6826,"href":"https:\/\/mostra.es\/en\/wp-json\/wp\/v2\/posts\/6822\/revisions\/6826"}],"wp:featuredmedia":[{"embeddable":true,"href":"https:\/\/mostra.es\/en\/wp-json\/wp\/v2\/media\/6823"}],"wp:attachment":[{"href":"https:\/\/mostra.es\/en\/wp-json\/wp\/v2\/media?parent=6822"}],"wp:term":[{"taxonomy":"category","embeddable":true,"href":"https:\/\/mostra.es\/en\/wp-json\/wp\/v2\/categories?post=6822"},{"taxonomy":"post_tag","embeddable":true,"href":"https:\/\/mostra.es\/en\/wp-json\/wp\/v2\/tags?post=6822"}],"curies":[{"name":"wp","href":"https:\/\/api.w.org\/{rel}","templated":true}]}}