{"id":6816,"date":"2026-03-15T09:00:00","date_gmt":"2026-03-15T08:00:00","guid":{"rendered":"https:\/\/mostra.es\/?p=6816"},"modified":"2026-03-13T17:41:22","modified_gmt":"2026-03-13T16:41:22","slug":"the-lace-show-consolidates-its-cultural-offer-with-six-literary-presentations","status":"publish","type":"post","link":"https:\/\/mostra.es\/en\/actualidade\/prensa\/a-mostra-do-encaixe-consolida-a-sua-oferta-cultural-con-seis-presentacions-literarias\/","title":{"rendered":"The Mostra do Encaixe consolidates its cultural offer with six literary presentations"},"content":{"rendered":"<p>The Camari\u00f1as Lace Exhibition of the Provincial Council of A Coru\u00f1a continues to expand its cultural offer. In this 35th edition, it will feature six literary presentations at its fairgrounds.<\/p>\n\n\n\n<p>These are the publications of Nerea Pallares, Anxo Mouzo, Diego Garrote, Mar\u00eda D. L\u00f3pez-Men\u00e9ndez S\u00e1nchez, Alfonso de Sas, Xan Fern\u00e1ndez Carrera and Antonio Fern\u00e1ndez.<\/p>\n\n\n\n<p>The first of these presentations will be the <strong>Thursday, April 2<\/strong>, at 12:00 p.m., with the work &#039;Punto de ara\u00f1a&#039; by the author Nerea Pallares. That same day, at 12:20 p.m., it will be Anxo Mouzo&#039;s turn, who will present his book &#039;A princesa dourada&#039;.<\/p>\n\n\n\n<p>The literary program will continue on <strong>Friday, April 3<\/strong> at 12:00 with the presentation of &#039;\u00c1ngeles accusadores&#039; by its author, Diego Garrote. Then, at 12:20, Mar\u00eda D. L\u00f3pez-Men\u00e9ndez S\u00e1nchez will present her work &#039;Ardent\u00eda 1854&#039;.<br>The <strong>Saturday, April 4<\/strong> the venue will host two new events. At 11:40 am, Alfonso de Sas will present &#039;1898 \u2013 The Absent Father&#039;, the last part of the trilogy of &#039;El Cementerio de los Ingleses&#039;. Finally, that same Saturday at 12:00 pm, &#039;A Costa da Morte, naturalmente \u00fanica&#039; by Xan Fern\u00e1ndez Carrera and Antonio Fern\u00e1ndez will be presented, an act that will be hosted by Pepe Formoso.<\/p>\n\n\n\n<figure class=\"wp-block-gallery has-nested-images columns-2 is-cropped wp-block-gallery-1 is-layout-flex wp-block-gallery-is-layout-flex\">\n<figure class=\"wp-block-image size-large\"><img fetchpriority=\"high\" decoding=\"async\" width=\"1024\" height=\"771\" data-id=\"6820\" src=\"https:\/\/mostra.es\/wp-content\/uploads\/2026\/03\/Alfonso-de-Sas-1-1024x771.jpg\" alt=\"\" class=\"wp-image-6820\" title=\"\" srcset=\"https:\/\/mostra.es\/wp-content\/uploads\/2026\/03\/Alfonso-de-Sas-1-1024x771.jpg 1024w, https:\/\/mostra.es\/wp-content\/uploads\/2026\/03\/Alfonso-de-Sas-1-300x226.jpg 300w, https:\/\/mostra.es\/wp-content\/uploads\/2026\/03\/Alfonso-de-Sas-1-768x579.jpg 768w, https:\/\/mostra.es\/wp-content\/uploads\/2026\/03\/Alfonso-de-Sas-1-16x12.jpg 16w, https:\/\/mostra.es\/wp-content\/uploads\/2026\/03\/Alfonso-de-Sas-1.jpg 1500w\" sizes=\"(max-width: 1024px) 100vw, 1024px\" \/><\/figure>\n\n\n\n<figure class=\"wp-block-image size-large\"><img decoding=\"async\" width=\"1024\" height=\"771\" data-id=\"6819\" src=\"https:\/\/mostra.es\/wp-content\/uploads\/2026\/03\/Ana-Garcia-e-Sandra-Insua-1024x771.jpg\" alt=\"\" class=\"wp-image-6819\" title=\"\" srcset=\"https:\/\/mostra.es\/wp-content\/uploads\/2026\/03\/Ana-Garcia-e-Sandra-Insua-1024x771.jpg 1024w, https:\/\/mostra.es\/wp-content\/uploads\/2026\/03\/Ana-Garcia-e-Sandra-Insua-300x226.jpg 300w, https:\/\/mostra.es\/wp-content\/uploads\/2026\/03\/Ana-Garcia-e-Sandra-Insua-768x579.jpg 768w, https:\/\/mostra.es\/wp-content\/uploads\/2026\/03\/Ana-Garcia-e-Sandra-Insua-16x12.jpg 16w, https:\/\/mostra.es\/wp-content\/uploads\/2026\/03\/Ana-Garcia-e-Sandra-Insua.jpg 1500w\" sizes=\"(max-width: 1024px) 100vw, 1024px\" \/><\/figure>\n\n\n\n<figure class=\"wp-block-image size-large\"><img decoding=\"async\" width=\"1024\" height=\"771\" data-id=\"6818\" src=\"https:\/\/mostra.es\/wp-content\/uploads\/2026\/03\/Icia-Varela-na-Mostra-2025-1-1024x771.jpg\" alt=\"\" class=\"wp-image-6818\" title=\"\" srcset=\"https:\/\/mostra.es\/wp-content\/uploads\/2026\/03\/Icia-Varela-na-Mostra-2025-1-1024x771.jpg 1024w, https:\/\/mostra.es\/wp-content\/uploads\/2026\/03\/Icia-Varela-na-Mostra-2025-1-300x226.jpg 300w, https:\/\/mostra.es\/wp-content\/uploads\/2026\/03\/Icia-Varela-na-Mostra-2025-1-768x579.jpg 768w, https:\/\/mostra.es\/wp-content\/uploads\/2026\/03\/Icia-Varela-na-Mostra-2025-1-16x12.jpg 16w, https:\/\/mostra.es\/wp-content\/uploads\/2026\/03\/Icia-Varela-na-Mostra-2025-1.jpg 1500w\" sizes=\"(max-width: 1024px) 100vw, 1024px\" \/><\/figure>\n<\/figure>","protected":false},"excerpt":{"rendered":"<p>Nerea Pallares, Anxo Mouzo, Diego Garrote, Mar\u00eda D. L\u00f3pez-Men\u00e9ndez S\u00e1nchez, Alfonso de Sas, Xan Fern\u00e1ndez Carrera and Antonio Fern\u00e1ndez will exhibit their latest literary works to the public.\u00a0<\/p>","protected":false},"author":1,"featured_media":6817,"comment_status":"open","ping_status":"closed","sticky":false,"template":"","format":"standard","meta":{"footnotes":""},"categories":[10],"tags":[],"class_list":["post-6816","post","type-post","status-publish","format-standard","has-post-thumbnail","hentry","category-prensa"],"_links":{"self":[{"href":"https:\/\/mostra.es\/en\/wp-json\/wp\/v2\/posts\/6816","targetHints":{"allow":["GET"]}}],"collection":[{"href":"https:\/\/mostra.es\/en\/wp-json\/wp\/v2\/posts"}],"about":[{"href":"https:\/\/mostra.es\/en\/wp-json\/wp\/v2\/types\/post"}],"author":[{"embeddable":true,"href":"https:\/\/mostra.es\/en\/wp-json\/wp\/v2\/users\/1"}],"replies":[{"embeddable":true,"href":"https:\/\/mostra.es\/en\/wp-json\/wp\/v2\/comments?post=6816"}],"version-history":[{"count":1,"href":"https:\/\/mostra.es\/en\/wp-json\/wp\/v2\/posts\/6816\/revisions"}],"predecessor-version":[{"id":6821,"href":"https:\/\/mostra.es\/en\/wp-json\/wp\/v2\/posts\/6816\/revisions\/6821"}],"wp:featuredmedia":[{"embeddable":true,"href":"https:\/\/mostra.es\/en\/wp-json\/wp\/v2\/media\/6817"}],"wp:attachment":[{"href":"https:\/\/mostra.es\/en\/wp-json\/wp\/v2\/media?parent=6816"}],"wp:term":[{"taxonomy":"category","embeddable":true,"href":"https:\/\/mostra.es\/en\/wp-json\/wp\/v2\/categories?post=6816"},{"taxonomy":"post_tag","embeddable":true,"href":"https:\/\/mostra.es\/en\/wp-json\/wp\/v2\/tags?post=6816"}],"curies":[{"name":"wp","href":"https:\/\/api.w.org\/{rel}","templated":true}]}}