{"id":6802,"date":"2026-03-11T11:44:09","date_gmt":"2026-03-11T10:44:09","guid":{"rendered":"https:\/\/mostra.es\/?p=6802"},"modified":"2026-03-11T11:44:09","modified_gmt":"2026-03-11T10:44:09","slug":"one-more-holy-week-thread-will-become-art-at-the-xxxv-camarinas-lace-exhibition","status":"publish","type":"post","link":"https:\/\/mostra.es\/en\/actualidade\/prensa\/unha-semana-santa-mais-o-fio-converterase-en-arte-na-xxxv-mostra-do-encaixe-de-camarinas\/","title":{"rendered":"One more Easter, thread will become art at the XXXV Camari\u00f1as Lace Exhibition\u00a0"},"content":{"rendered":"<p>The City Council of Camari\u00f1as today released a preview of the program of the XXXV Camari\u00f1as Lace Exhibition of the Provincial Council of A Coru\u00f1a, which will be held from Wednesday 1 to Sunday 5 April and which, with the motto &#039;Where thread becomes art&#039;, seeks to highlight the municipality as the point where the heart of craftsmanship beats most strongly in Galicia.&nbsp;<\/p>\n\n\n\n<p>This intention has already been captured in the promotional poster, designed by the brothers Pedro and Estefan\u00eda Orgaz, the latest winners of the Mostra&#039;s New Designers competition. The piece represents the map of Galicia woven with Camari\u00f1as lace, using the colors of our flag to give even more meaning to the idea.&nbsp;<\/p>\n\n\n\n<p>One of the main novelties of this edition is the holding of an extraordinary plenary session of the municipal corporation in the Mostra itself. It will be on Wednesday, April 1 at 3:15 p.m., before the official opening, and will serve to ratify the change of name of Avenida Ambrosio Feijoo to Avenida das Palilleiras.<\/p>\n\n\n\n<p>The fashion shows of this thirty-third edition will be: Great Designers, some already consolidated and other new; New Designers; Artencaixe artisans &#039;ArtEncaixe&#039;; the International Delegations; the PequeEncaixe, and the Senior Lacemakers.&nbsp;<\/p>\n\n\n\n<figure class=\"wp-block-embed is-type-video is-provider-youtube wp-block-embed-youtube wp-embed-aspect-16-9 wp-has-aspect-ratio\"><div class=\"wp-block-embed__wrapper\">\n<iframe title=\"Spot XXXV Camari\u00f1as Lace Exhibition 2026\" width=\"800\" height=\"450\" src=\"https:\/\/www.youtube.com\/embed\/D7fdQ6-G5Do?feature=oembed\" frameborder=\"0\" allow=\"accelerometer; autoplay; clipboard-write; encrypted-media; gyroscope; picture-in-picture; web-share\" referrerpolicy=\"strict-origin-when-cross-origin\" allowfullscreen><\/iframe>\n<\/div><\/figure>\n\n\n\n<h2 class=\"wp-block-heading\">Calendar of the XXXV Lace Show<\/h2>\n\n\n\n<p><strong>The opening of the thirty-fifth edition of the Mostra will take place on Wednesday, April 1st at 3 p.m.,<\/strong> at which time the traditional meeting of lacemakers and lacemakers from the Costa da Morte will begin, in which students from municipal nursery schools will also participate. <strong>The opening ceremony with the authorities will be at 4:30 p.m. <\/strong>Then, from 6 pm, the first fashion shows will begin: the youngest of the &#039;PequEncaixe&#039; will be in charge of stepping on the catwalk for the first time, followed by the Great Designers. In between, <strong>will enliven the catwalk with a performance by <a href=\"https:\/\/luarnalubre.com\/es\/\" target=\"_blank\" rel=\"noreferrer noopener\">Moon in the Lubre<\/a>.<\/strong>\u00a0<\/p>\n\n\n\n<p>During the five days the signatures of the category of <strong>&#039;Great Designers&#039;, <\/strong>which will be revealed in the coming days,<strong> <\/strong>They will take to the catwalks at the Mostra to show off their lace creations.&nbsp;<\/p>\n\n\n\n<p><strong>The &#039;ArtEncaixe&#039; parade,<\/strong> which continues to gain ground in the programming, will premiere on Thursday, April 2, starting at 12:45 p.m. The artisans, who will also be getting to know each other in the coming days, will arrive from different parts of Galicia to demonstrate that lace is versatile and can be adapted to different materials.&nbsp;<\/p>\n\n\n\n<figure class=\"wp-block-embed is-type-video is-provider-youtube wp-block-embed-youtube wp-embed-aspect-16-9 wp-has-aspect-ratio\"><div class=\"wp-block-embed__wrapper\">\n<iframe title=\"ArtEncaixe and International parade\" width=\"800\" height=\"450\" src=\"https:\/\/www.youtube.com\/embed\/yBHZOhmCiTY?feature=oembed\" frameborder=\"0\" allow=\"accelerometer; autoplay; clipboard-write; encrypted-media; gyroscope; picture-in-picture; web-share\" referrerpolicy=\"strict-origin-when-cross-origin\" allowfullscreen><\/iframe>\n<\/div><\/figure>\n\n\n\n<p>That same Thursday, April 2, the participants in the <strong>XXXII New Designers Competition<\/strong> in which a total of 4,500 euros in prizes will be distributed and a total of 34 young people who are taking their first steps in the world of fashion will participate. On Friday the 3rd at 8:40 pm, the meeting between great and new designers will be held and on Sunday the 5th, from 4:30 pm, the jury&#039;s decision will be announced.&nbsp;<\/p>\n\n\n\n<p>Another novelty of this edition will be the show of <strong>live sewing with Andalusian designer Jos\u00e9 Perea<\/strong>. It can be seen on Thursday, April 2, from 12:45 pm in the morning parade block and the media personality Jos\u00e9 Perea, who is participating for the first time in the Great Designers&#039; catwalk, will show his technique for making live costumes in record time.<\/p>\n\n\n\n<p>Once again, international delegations will return to the Mostra. On Thursday the 2nd at 6:00 p.m., the first fashion show will take place. <strong>&#039;International lacemakers&#039; delegations&#039;<\/strong>. They will repeat on Friday the 3rd at 4:45 pm and Saturday the 4th at 6:00 pm.\u00a0<\/p>\n\n\n\n<p>One of the most anticipated moments of the Festival are the fashion shows. <strong>&#039;Small box&#039;<\/strong>. The girls and boys from the Municipal Schools create their own lace throughout the course to later design the dresses and parade in the Mostra. They become dressmakers, designers and models. They will be on Wednesday 1 at 6 pm, Thursday 2 at 12:45 pm, Saturday 4 at 12:30 pm and Sunday 5 at the closing ceremony from 7 pm.<\/p>\n\n\n\n<p>The same thing happens in the parade of <strong>&#039;Senior Lacemakers of Camari\u00f1as&#039;<\/strong> which will take place on Sunday the 20th at 7:00 p.m. during the closing ceremony of the event and in which residents of the municipality show the public the creations they have made throughout the year.&nbsp;<\/p>\n\n\n\n<figure class=\"wp-block-embed is-type-video is-provider-youtube wp-block-embed-youtube wp-embed-aspect-16-9 wp-has-aspect-ratio\"><div class=\"wp-block-embed__wrapper\">\n<iframe title=\"Big Brands Parade 2022\" width=\"800\" height=\"450\" src=\"https:\/\/www.youtube.com\/embed\/H5L65jGcsis?feature=oembed\" frameborder=\"0\" allow=\"accelerometer; autoplay; clipboard-write; encrypted-media; gyroscope; picture-in-picture; web-share\" referrerpolicy=\"strict-origin-when-cross-origin\" allowfullscreen><\/iframe>\n<\/div><\/figure>\n\n\n\n<h2 class=\"wp-block-heading\">Luar na Lubre, Ant\u00eda Mu\u00ed\u00f1o, Sebasti\u00e1n Allones Dans, Marta Doviro, Carmen M\u00e9ndez, Ledicia Sola and other outstanding actions in the program<\/h2>\n\n\n\n<p>This year attendees will be able to enjoy the music of Luar na Lubre (Wednesday 1st at 6:00 p.m. during the inaugural parade of the Mostra); the concert of the young man from Camelle, Sebasti\u00e1n Mart\u00ednez Dans, winner of the talent contest &#039;Da r\u00faa \u00e1 l\u00faa&#039; of the TVG program &#039;Quen anda a\u00ed&#039; (Saturday 4th at 12:30 p.m.) or the performance of &#039;F\u00edos de Salitre&#039; by Mascarada O Cansorri\u00f1o (Sunday 5th at 7 p.m.). <strong>The closing concert of the Exhibition (Sunday 5 at 7:30 p.m.) will be performed by <a href=\"https:\/\/antiamuino.com\/\" target=\"_blank\" rel=\"noreferrer noopener\">Ant\u00eda Mu\u00edno<\/a>.\u00a0<\/strong><\/p>\n\n\n\n<p>Furthermore, continuing the tradition of recent years, they will be able to laugh out loud with <strong>Marta Doviro, Carmen M\u00e9ndez and Ledicia Sola<\/strong> and his monologue &#039;Without Restrictions&#039; which will take place on Saturday, April 4, at 8:30 pm on the catwalk itself. On Thursday, April 2, at 8:30 pm there will be a <strong>theatrical performance<\/strong> by the Aantena company entitled &#039;Threads of Memory&#039;. Also on Friday, April 3, at 8:30 p.m., the company, laughter is guaranteed with <strong>Camelle&#039;s company monologue &#039;Dead with laughter&#039;\u2018<\/strong>.<\/p>\n\n\n\n<p>During the five days, the folklore of the villages will be heard in the pavilions of the Mostra, mixed with the sound of chopsticks. <strong>groups Abrindo Rejo, Golpe de Mar, Con toda en banda, Vaiche Boa, Mar Devalado de Camelle Association and As Cansorri\u00f1as Association<\/strong>Also the <strong>IX Choir Meeting<\/strong> in which the San Roque Polyphonic Choir of Vigo, the San Salvador Choir of Pazos de Ponteceso and the Brisas do Mar Choir of Camari\u00f1as will participate (Sunday 20th at 12:15 p.m.).<\/p>\n\n\n\n<p>The event will be used for <strong>presentation of books and publications<\/strong> such as &#039;Punto de aranha&#039; by Nerea Pallares (Thursday 2 at 12 noon); &#039;A princesa dourada&#039; by Anxo Mouzo (Thursday 2 at 12:20 p.m.); &#039;\u00c1ngeles accusadores&#039; by Diego Garrote (Friday 3 at 12:00 p.m.); &#039;Ardent\u00eda 1854&#039; by Mar\u00eda D.L\u00f3pez-Men\u00e9ndez S\u00e1nchez (Friday 3 at 12:20 p.m.); &#039;1898 \u2013 El padre ausente&#039;, the last part of the trilogy of &#039;El Cementerio de los Ingleses&#039; by Alfonso de Sas (Saturday 4 at 11:40 a.m.); and the presentation of &#039;\u2018<a href=\"https:\/\/visitacostadamorte.com\/tema\/naturalmente-unica\" target=\"_blank\" data-type=\"link\" data-id=\"https:\/\/visitacostadamorte.com\/tema\/naturalmente-unica\" rel=\"noreferrer noopener\">The Costa da Morte, naturally unique&#039;\u2019<\/a> by Xan Fern\u00e1ndez Carrera and Antonio Fern\u00e1ndez which will be conducted by Pepe Formoso (Saturday 4 at 12:00).<\/p>\n\n\n\n<h2 class=\"wp-block-heading\">The closing ceremony of the XXXV Camari\u00f1as Lace Exhibition will take place on Sunday, April 5 at 7:00 p.m.<\/h2>\n\n\n\n<p>The City Council will repeat this year at the XXXV Camari\u00f1as Lace Fair of the Provincial Council of A Coru\u00f1a the &#039;Gourmet among laces&#039;, a space dedicated to the food sector in which sales stands to the public can be installed.<\/p>\n\n\n\n<p>This new area, which will also house the Mostra bar, will have a special environmental decoration and will have a space with tables and chairs so that the public attending the Mostra can taste the products they buy right there.<\/p>\n\n\n\n<p>Throughout the exhibition there will also be <strong>gastronomic tastings of powder, <\/strong>by Frigor\u00edficos de Camari\u00f1as (Friday, April 3 at 7:30 p.m.) and turbot, by Stolt Sea Farm (Saturday, April 4 at 2 p.m.).<\/p>\n\n\n\n<p>There will also be <strong>craft demonstrations<\/strong> and parents will be able to leave the little ones in the <strong>Children&#039;s Park<\/strong> with qualified monitors.<\/p>\n\n\n\n<figure class=\"wp-block-image size-full\"><img fetchpriority=\"high\" decoding=\"async\" width=\"1060\" height=\"1500\" src=\"https:\/\/mostra.es\/wp-content\/uploads\/2026\/01\/Cartel-XXXV-Mostra-do-Encaixe-de-Camarinas.jpg\" alt=\"\" class=\"wp-image-6766\" title=\"\" srcset=\"https:\/\/mostra.es\/wp-content\/uploads\/2026\/01\/Cartel-XXXV-Mostra-do-Encaixe-de-Camarinas.jpg 1060w, https:\/\/mostra.es\/wp-content\/uploads\/2026\/01\/Cartel-XXXV-Mostra-do-Encaixe-de-Camarinas-212x300.jpg 212w, https:\/\/mostra.es\/wp-content\/uploads\/2026\/01\/Cartel-XXXV-Mostra-do-Encaixe-de-Camarinas-724x1024.jpg 724w, https:\/\/mostra.es\/wp-content\/uploads\/2026\/01\/Cartel-XXXV-Mostra-do-Encaixe-de-Camarinas-768x1087.jpg 768w, https:\/\/mostra.es\/wp-content\/uploads\/2026\/01\/Cartel-XXXV-Mostra-do-Encaixe-de-Camarinas-8x12.jpg 8w\" sizes=\"(max-width: 1060px) 100vw, 1060px\" \/><\/figure>","protected":false},"excerpt":{"rendered":"<p>Today, a preview of the program for this new edition was released, which will take place from April 1 to 5 and highlights it as the point where the heart of craftsmanship in Galicia beats most strongly.<\/p>\n<p>The performances by Luar na Lubre, Ant\u00eda Mu\u00ed\u00f1o, Sebasti\u00e1n Allones Dans, the tribute to &#039;Las guerreras del Kpop&#039;, the monologue by Marta Doviro, Carmen M\u00e9ndez and Ledicia Sola or the 6 book presentations are some of the parallel activities.\u00a0<\/p>\n<p>Designer Jos\u00e9 Perea will make a live costume in record time.<\/p>\n<p>Before the official inauguration, a plenary session was held in the venue to change the name of Avenida Ambrosio Feijoo to Avenida das Palilleiras.<\/p>","protected":false},"author":1,"featured_media":6803,"comment_status":"open","ping_status":"closed","sticky":false,"template":"","format":"standard","meta":{"footnotes":""},"categories":[10],"tags":[567],"class_list":["post-6802","post","type-post","status-publish","format-standard","has-post-thumbnail","hentry","category-prensa","tag-xxxv-mostra-do-encaixe"],"_links":{"self":[{"href":"https:\/\/mostra.es\/en\/wp-json\/wp\/v2\/posts\/6802","targetHints":{"allow":["GET"]}}],"collection":[{"href":"https:\/\/mostra.es\/en\/wp-json\/wp\/v2\/posts"}],"about":[{"href":"https:\/\/mostra.es\/en\/wp-json\/wp\/v2\/types\/post"}],"author":[{"embeddable":true,"href":"https:\/\/mostra.es\/en\/wp-json\/wp\/v2\/users\/1"}],"replies":[{"embeddable":true,"href":"https:\/\/mostra.es\/en\/wp-json\/wp\/v2\/comments?post=6802"}],"version-history":[{"count":1,"href":"https:\/\/mostra.es\/en\/wp-json\/wp\/v2\/posts\/6802\/revisions"}],"predecessor-version":[{"id":6804,"href":"https:\/\/mostra.es\/en\/wp-json\/wp\/v2\/posts\/6802\/revisions\/6804"}],"wp:featuredmedia":[{"embeddable":true,"href":"https:\/\/mostra.es\/en\/wp-json\/wp\/v2\/media\/6803"}],"wp:attachment":[{"href":"https:\/\/mostra.es\/en\/wp-json\/wp\/v2\/media?parent=6802"}],"wp:term":[{"taxonomy":"category","embeddable":true,"href":"https:\/\/mostra.es\/en\/wp-json\/wp\/v2\/categories?post=6802"},{"taxonomy":"post_tag","embeddable":true,"href":"https:\/\/mostra.es\/en\/wp-json\/wp\/v2\/tags?post=6802"}],"curies":[{"name":"wp","href":"https:\/\/api.w.org\/{rel}","templated":true}]}}