{"id":6097,"date":"2025-04-21T18:30:17","date_gmt":"2025-04-21T16:30:17","guid":{"rendered":"https:\/\/mostra.es\/?p=6097"},"modified":"2025-04-21T18:30:21","modified_gmt":"2025-04-21T16:30:21","slug":"estefania-orgaz-and-pedro-orgaz-become-the-winners-of-the-xxxi-new-designers-contest-with-the-mitra-collection","status":"publish","type":"post","link":"https:\/\/mostra.es\/en\/actualidade\/prensa\/estefania-orgaz-e-pedro-orgaz-convertense-nos-ganadores-do-xxxi-concurso-de-noveis-desenadores-coa-coleccion-mitra\/","title":{"rendered":"Estefan\u00eda Orgaz and Pedro Orgaz become the winners of the XXXI New Designers competition with the Mitra collection"},"content":{"rendered":"<p>The closing day of the XXXIV Camari\u00f1as Lace Exhibition of the Provincial Council of A Coru\u00f1a served to reveal the winners of the XXXI New Designers competition. The first prize, awarded by the mayor of Camari\u00f1as, Sandra Insua, went to Estefan\u00eda Orgaz and Pedro Orgaz, who won over the professional jury with their collection <em>Mithra.<\/em><\/p>\n\n\n\n<p>The manager of the Vilan de Stolt Sea Farm plant, Jos\u00e9 Figueroa, presented the prize to <em>Ritual of fire and shadow,<\/em> by Yara Gonz\u00e1lez Barral, which came in second place; while the collection <em>Paint it colors <\/em>of Luc\u00eda Janeiro, Clara Rey and Antonio Soto who received the award from the head of institutional relations of Frigor\u00edficos de Camari\u00f1as, Ver\u00f3nica Canosa;<em> <\/em>achieved third place. The fourth prize, awarded by the president of the Association of Businessmen and Tourism Promotion of Camari\u00f1as, Olga Campos, went to Onintze Aramburu and Sof\u00eda Puertas, with <em>Appar.<\/em>\u00a0<\/p>\n\n\n\n<p>In this edition, a total of 4,500 euros were awarded in prizes divided as follows: a first prize of 2,100 euros, a second of 1,200 euros, a third of 700 euros, and a fourth of 500 euros.&nbsp;<\/p>\n\n\n\n<p>A total of 38 young people who are taking their first steps in the world of fashion have applied for these awards. The backgrounds of the new designers were very diverse, having trained in the best schools in the state.<\/p>\n\n\n\n<p>The jury was composed of the following designers: <strong>Modesto Lombra, Charo Carrillo, Ana Cabranes, Claudina Mata and Francisco Basteiro.&nbsp;<\/strong><\/p>\n\n\n\n<p>At the closing ceremony, the councilor of Encaixe, Encarna Li\u00f1eiro, stated that &quot;the Mostra is an event that preserves its purest essence, but that has known how to evolve, grow and adapt to new times without losing its identity. Years ago it stopped being just a showcase for crafts, today it is a reference catwalk in the world of fashion, recognized throughout the country.&quot;&nbsp;<\/p>\n\n\n\n<p>In his speech he stressed that \u201cthis year our &#039;Mar de Piques&#039; represented that collective strength, that craftsmanship made of saltpeter and talent that identifies us. Because here, among piques, designs, books, concerts and a lot of emotion\u2026 we continue to weave the future. We have spent days listening to the sound of the chopsticks, seeing smiles, exchanging words with the public, with the exhibitors, with the pickers\u2026 and we all agree: Camari\u00f1as has something unique. And for that reason, we will return next year, with new ideas, new projects and the same enthusiasm as always\u201d.<\/p>\n\n\n\n<figure class=\"wp-block-gallery has-nested-images columns-default is-cropped wp-block-gallery-1 is-layout-flex wp-block-gallery-is-layout-flex\">\n<figure class=\"wp-block-image size-large\"><img fetchpriority=\"high\" decoding=\"async\" width=\"1024\" height=\"771\" data-id=\"6108\" src=\"https:\/\/mostra.es\/wp-content\/uploads\/2025\/04\/TERCER-PREMIO-1024x771.jpg\" alt=\"\" class=\"wp-image-6108\" title=\"\" srcset=\"https:\/\/mostra.es\/wp-content\/uploads\/2025\/04\/TERCER-PREMIO-1024x771.jpg 1024w, https:\/\/mostra.es\/wp-content\/uploads\/2025\/04\/TERCER-PREMIO-300x226.jpg 300w, https:\/\/mostra.es\/wp-content\/uploads\/2025\/04\/TERCER-PREMIO-768x579.jpg 768w, https:\/\/mostra.es\/wp-content\/uploads\/2025\/04\/TERCER-PREMIO-16x12.jpg 16w, https:\/\/mostra.es\/wp-content\/uploads\/2025\/04\/TERCER-PREMIO.jpg 1500w\" sizes=\"(max-width: 1024px) 100vw, 1024px\" \/><\/figure>\n\n\n\n<figure class=\"wp-block-image size-large\"><img decoding=\"async\" width=\"1024\" height=\"771\" data-id=\"6107\" src=\"https:\/\/mostra.es\/wp-content\/uploads\/2025\/04\/TERCER-PREMIO-1-1024x771.jpg\" alt=\"\" class=\"wp-image-6107\" title=\"\" srcset=\"https:\/\/mostra.es\/wp-content\/uploads\/2025\/04\/TERCER-PREMIO-1-1024x771.jpg 1024w, https:\/\/mostra.es\/wp-content\/uploads\/2025\/04\/TERCER-PREMIO-1-300x226.jpg 300w, https:\/\/mostra.es\/wp-content\/uploads\/2025\/04\/TERCER-PREMIO-1-768x579.jpg 768w, https:\/\/mostra.es\/wp-content\/uploads\/2025\/04\/TERCER-PREMIO-1-16x12.jpg 16w, https:\/\/mostra.es\/wp-content\/uploads\/2025\/04\/TERCER-PREMIO-1.jpg 1500w\" sizes=\"(max-width: 1024px) 100vw, 1024px\" \/><\/figure>\n\n\n\n<figure class=\"wp-block-image size-large\"><img decoding=\"async\" width=\"1024\" height=\"771\" data-id=\"6106\" src=\"https:\/\/mostra.es\/wp-content\/uploads\/2025\/04\/TERCEIRO-PREMIO-1024x771.jpg\" alt=\"\" class=\"wp-image-6106\" title=\"\" srcset=\"https:\/\/mostra.es\/wp-content\/uploads\/2025\/04\/TERCEIRO-PREMIO-1024x771.jpg 1024w, https:\/\/mostra.es\/wp-content\/uploads\/2025\/04\/TERCEIRO-PREMIO-300x226.jpg 300w, https:\/\/mostra.es\/wp-content\/uploads\/2025\/04\/TERCEIRO-PREMIO-768x579.jpg 768w, https:\/\/mostra.es\/wp-content\/uploads\/2025\/04\/TERCEIRO-PREMIO-16x12.jpg 16w, https:\/\/mostra.es\/wp-content\/uploads\/2025\/04\/TERCEIRO-PREMIO.jpg 1500w\" sizes=\"(max-width: 1024px) 100vw, 1024px\" \/><\/figure>\n\n\n\n<figure class=\"wp-block-image size-large\"><img loading=\"lazy\" decoding=\"async\" width=\"1024\" height=\"771\" data-id=\"6105\" src=\"https:\/\/mostra.es\/wp-content\/uploads\/2025\/04\/SEGUNDO-PREMIO-1024x771.jpg\" alt=\"\" class=\"wp-image-6105\" title=\"\" srcset=\"https:\/\/mostra.es\/wp-content\/uploads\/2025\/04\/SEGUNDO-PREMIO-1024x771.jpg 1024w, https:\/\/mostra.es\/wp-content\/uploads\/2025\/04\/SEGUNDO-PREMIO-300x226.jpg 300w, https:\/\/mostra.es\/wp-content\/uploads\/2025\/04\/SEGUNDO-PREMIO-768x579.jpg 768w, https:\/\/mostra.es\/wp-content\/uploads\/2025\/04\/SEGUNDO-PREMIO-16x12.jpg 16w, https:\/\/mostra.es\/wp-content\/uploads\/2025\/04\/SEGUNDO-PREMIO.jpg 1500w\" sizes=\"(max-width: 1024px) 100vw, 1024px\" \/><\/figure>\n\n\n\n<figure class=\"wp-block-image size-large\"><img loading=\"lazy\" decoding=\"async\" width=\"1024\" height=\"771\" data-id=\"6104\" src=\"https:\/\/mostra.es\/wp-content\/uploads\/2025\/04\/SEGUNDO-PREMIO_1-1024x771.jpg\" alt=\"\" class=\"wp-image-6104\" title=\"\" srcset=\"https:\/\/mostra.es\/wp-content\/uploads\/2025\/04\/SEGUNDO-PREMIO_1-1024x771.jpg 1024w, https:\/\/mostra.es\/wp-content\/uploads\/2025\/04\/SEGUNDO-PREMIO_1-300x226.jpg 300w, https:\/\/mostra.es\/wp-content\/uploads\/2025\/04\/SEGUNDO-PREMIO_1-768x579.jpg 768w, https:\/\/mostra.es\/wp-content\/uploads\/2025\/04\/SEGUNDO-PREMIO_1-16x12.jpg 16w, https:\/\/mostra.es\/wp-content\/uploads\/2025\/04\/SEGUNDO-PREMIO_1.jpg 1500w\" sizes=\"(max-width: 1024px) 100vw, 1024px\" \/><\/figure>\n\n\n\n<figure class=\"wp-block-image size-large\"><img loading=\"lazy\" decoding=\"async\" width=\"1024\" height=\"771\" data-id=\"6103\" src=\"https:\/\/mostra.es\/wp-content\/uploads\/2025\/04\/PRIMEIRO-PREMIO-1024x771.jpg\" alt=\"\" class=\"wp-image-6103\" title=\"\" srcset=\"https:\/\/mostra.es\/wp-content\/uploads\/2025\/04\/PRIMEIRO-PREMIO-1024x771.jpg 1024w, https:\/\/mostra.es\/wp-content\/uploads\/2025\/04\/PRIMEIRO-PREMIO-300x226.jpg 300w, https:\/\/mostra.es\/wp-content\/uploads\/2025\/04\/PRIMEIRO-PREMIO-768x579.jpg 768w, https:\/\/mostra.es\/wp-content\/uploads\/2025\/04\/PRIMEIRO-PREMIO-16x12.jpg 16w, https:\/\/mostra.es\/wp-content\/uploads\/2025\/04\/PRIMEIRO-PREMIO.jpg 1500w\" sizes=\"(max-width: 1024px) 100vw, 1024px\" \/><\/figure>\n\n\n\n<figure class=\"wp-block-image size-large\"><img loading=\"lazy\" decoding=\"async\" width=\"1024\" height=\"771\" data-id=\"6102\" src=\"https:\/\/mostra.es\/wp-content\/uploads\/2025\/04\/PRIMEIRO-PREMIO_1-1024x771.jpg\" alt=\"\" class=\"wp-image-6102\" title=\"\" srcset=\"https:\/\/mostra.es\/wp-content\/uploads\/2025\/04\/PRIMEIRO-PREMIO_1-1024x771.jpg 1024w, https:\/\/mostra.es\/wp-content\/uploads\/2025\/04\/PRIMEIRO-PREMIO_1-300x226.jpg 300w, https:\/\/mostra.es\/wp-content\/uploads\/2025\/04\/PRIMEIRO-PREMIO_1-768x579.jpg 768w, https:\/\/mostra.es\/wp-content\/uploads\/2025\/04\/PRIMEIRO-PREMIO_1-16x12.jpg 16w, https:\/\/mostra.es\/wp-content\/uploads\/2025\/04\/PRIMEIRO-PREMIO_1.jpg 1500w\" sizes=\"(max-width: 1024px) 100vw, 1024px\" \/><\/figure>\n\n\n\n<figure class=\"wp-block-image size-large\"><img loading=\"lazy\" decoding=\"async\" width=\"1024\" height=\"771\" data-id=\"6101\" src=\"https:\/\/mostra.es\/wp-content\/uploads\/2025\/04\/GANADORES-NO-MOMENTO-DE-ENTERARSE-DE-QUE-ERAN-A-COLECCION-GANADORA-1024x771.jpg\" alt=\"\" class=\"wp-image-6101\" title=\"\" srcset=\"https:\/\/mostra.es\/wp-content\/uploads\/2025\/04\/GANADORES-NO-MOMENTO-DE-ENTERARSE-DE-QUE-ERAN-A-COLECCION-GANADORA-1024x771.jpg 1024w, https:\/\/mostra.es\/wp-content\/uploads\/2025\/04\/GANADORES-NO-MOMENTO-DE-ENTERARSE-DE-QUE-ERAN-A-COLECCION-GANADORA-300x226.jpg 300w, https:\/\/mostra.es\/wp-content\/uploads\/2025\/04\/GANADORES-NO-MOMENTO-DE-ENTERARSE-DE-QUE-ERAN-A-COLECCION-GANADORA-768x579.jpg 768w, https:\/\/mostra.es\/wp-content\/uploads\/2025\/04\/GANADORES-NO-MOMENTO-DE-ENTERARSE-DE-QUE-ERAN-A-COLECCION-GANADORA-16x12.jpg 16w, https:\/\/mostra.es\/wp-content\/uploads\/2025\/04\/GANADORES-NO-MOMENTO-DE-ENTERARSE-DE-QUE-ERAN-A-COLECCION-GANADORA.jpg 1500w\" sizes=\"(max-width: 1024px) 100vw, 1024px\" \/><\/figure>\n\n\n\n<figure class=\"wp-block-image size-large\"><img loading=\"lazy\" decoding=\"async\" width=\"1024\" height=\"771\" data-id=\"6100\" src=\"https:\/\/mostra.es\/wp-content\/uploads\/2025\/04\/FOTO-GRUPO-1024x771.jpg\" alt=\"\" class=\"wp-image-6100\" title=\"\" srcset=\"https:\/\/mostra.es\/wp-content\/uploads\/2025\/04\/FOTO-GRUPO-1024x771.jpg 1024w, https:\/\/mostra.es\/wp-content\/uploads\/2025\/04\/FOTO-GRUPO-300x226.jpg 300w, https:\/\/mostra.es\/wp-content\/uploads\/2025\/04\/FOTO-GRUPO-768x579.jpg 768w, https:\/\/mostra.es\/wp-content\/uploads\/2025\/04\/FOTO-GRUPO-16x12.jpg 16w, https:\/\/mostra.es\/wp-content\/uploads\/2025\/04\/FOTO-GRUPO.jpg 1500w\" sizes=\"(max-width: 1024px) 100vw, 1024px\" \/><\/figure>\n\n\n\n<figure class=\"wp-block-image size-large\"><img loading=\"lazy\" decoding=\"async\" width=\"1024\" height=\"771\" data-id=\"6099\" src=\"https:\/\/mostra.es\/wp-content\/uploads\/2025\/04\/CUARTO-PREMIO-1024x771.jpg\" alt=\"\" class=\"wp-image-6099\" title=\"\" srcset=\"https:\/\/mostra.es\/wp-content\/uploads\/2025\/04\/CUARTO-PREMIO-1024x771.jpg 1024w, https:\/\/mostra.es\/wp-content\/uploads\/2025\/04\/CUARTO-PREMIO-300x226.jpg 300w, https:\/\/mostra.es\/wp-content\/uploads\/2025\/04\/CUARTO-PREMIO-768x579.jpg 768w, https:\/\/mostra.es\/wp-content\/uploads\/2025\/04\/CUARTO-PREMIO-16x12.jpg 16w, https:\/\/mostra.es\/wp-content\/uploads\/2025\/04\/CUARTO-PREMIO.jpg 1500w\" sizes=\"(max-width: 1024px) 100vw, 1024px\" \/><\/figure>\n\n\n\n<figure class=\"wp-block-image size-large\"><img loading=\"lazy\" decoding=\"async\" width=\"1024\" height=\"771\" data-id=\"6098\" src=\"https:\/\/mostra.es\/wp-content\/uploads\/2025\/04\/CUARTO-PREMIO_1-1024x771.jpg\" alt=\"\" class=\"wp-image-6098\" title=\"\" srcset=\"https:\/\/mostra.es\/wp-content\/uploads\/2025\/04\/CUARTO-PREMIO_1-1024x771.jpg 1024w, https:\/\/mostra.es\/wp-content\/uploads\/2025\/04\/CUARTO-PREMIO_1-300x226.jpg 300w, https:\/\/mostra.es\/wp-content\/uploads\/2025\/04\/CUARTO-PREMIO_1-768x579.jpg 768w, https:\/\/mostra.es\/wp-content\/uploads\/2025\/04\/CUARTO-PREMIO_1-16x12.jpg 16w, https:\/\/mostra.es\/wp-content\/uploads\/2025\/04\/CUARTO-PREMIO_1.jpg 1500w\" sizes=\"(max-width: 1024px) 100vw, 1024px\" \/><\/figure>\n<\/figure>","protected":false},"excerpt":{"rendered":"<p>Ritual of fire and shadow, by Yara Gonz\u00e1lez Barral, achieved second place in the competition, while Paint it colors, by Luc\u00eda Janeiro, Clara Rey and Antonio Soto came in third place, and Apar by Onitze Aramburu and Sof\u00eda Puertas took fourth prize.<\/p>\n<p>The awards were presented by Sandra Insua, Jos\u00e9 Figueroa, Ver\u00f3nica Canosa and Olga Campos.<\/p>","protected":false},"author":1,"featured_media":6100,"comment_status":"open","ping_status":"closed","sticky":false,"template":"","format":"standard","meta":{"footnotes":""},"categories":[10],"tags":[168,559,517],"class_list":["post-6097","post","type-post","status-publish","format-standard","has-post-thumbnail","hentry","category-prensa","tag-concurso-de-noveis-desenadores","tag-pedro-orgaz","tag-xxxiv-mostra-do-encaixe"],"_links":{"self":[{"href":"https:\/\/mostra.es\/en\/wp-json\/wp\/v2\/posts\/6097","targetHints":{"allow":["GET"]}}],"collection":[{"href":"https:\/\/mostra.es\/en\/wp-json\/wp\/v2\/posts"}],"about":[{"href":"https:\/\/mostra.es\/en\/wp-json\/wp\/v2\/types\/post"}],"author":[{"embeddable":true,"href":"https:\/\/mostra.es\/en\/wp-json\/wp\/v2\/users\/1"}],"replies":[{"embeddable":true,"href":"https:\/\/mostra.es\/en\/wp-json\/wp\/v2\/comments?post=6097"}],"version-history":[{"count":0,"href":"https:\/\/mostra.es\/en\/wp-json\/wp\/v2\/posts\/6097\/revisions"}],"wp:featuredmedia":[{"embeddable":true,"href":"https:\/\/mostra.es\/en\/wp-json\/wp\/v2\/media\/6100"}],"wp:attachment":[{"href":"https:\/\/mostra.es\/en\/wp-json\/wp\/v2\/media?parent=6097"}],"wp:term":[{"taxonomy":"category","embeddable":true,"href":"https:\/\/mostra.es\/en\/wp-json\/wp\/v2\/categories?post=6097"},{"taxonomy":"post_tag","embeddable":true,"href":"https:\/\/mostra.es\/en\/wp-json\/wp\/v2\/tags?post=6097"}],"curies":[{"name":"wp","href":"https:\/\/api.w.org\/{rel}","templated":true}]}}