{"id":6078,"date":"2025-04-20T11:00:33","date_gmt":"2025-04-20T09:00:33","guid":{"rendered":"https:\/\/mostra.es\/?p=6078"},"modified":"2025-04-20T11:00:36","modified_gmt":"2025-04-20T09:00:36","slug":"alfonso-de-sas-and-ana-garcia-close-the-literary-presentations-of-the-xxxiv-show-of-dressing-room-lace","status":"publish","type":"post","link":"https:\/\/mostra.es\/en\/actualidade\/prensa\/alfonso-de-sas-e-ana-garcia-pechan-as-presentacions-literarias-da-xxxiv-mostra-do-encaixe-de-camarinas\/","title":{"rendered":"Alfonso de Sas and Ana Garc\u00eda close the literary presentations of the XXXIV Camari\u00f1as Lace Festival"},"content":{"rendered":"<p>Today, Saturday, April 19, Alfonso de Sas and Ana Garc\u00eda were in charge of putting an end to the wide and varied literary programming of the XXXVI Mostra do Encaixe de Camari\u00f1as Provincial Council of A Coru\u00f1a.&nbsp;<\/p>\n\n\n\n<p>The writer Alfonso de Sas returned to the Mostra to present a new edition of &#039;El Cementerio de los Ingleses&#039;, a work inspired by the real events of the sinking of the HMS Serpent, of the British Royal Navy, off the coast of Camari\u00f1as in November 1890, in which 172 crew members perished and only 3 survived.<\/p>\n\n\n\n<p>Finally, photojournalist Ana Garc\u00eda presented her publication &#039;Mar de Ardora, Mar de Galicia&#039;, a compendium of beautiful images about the magic that marine bioluminescence can create.<\/p>\n\n\n\n<figure class=\"wp-block-gallery has-nested-images columns-default is-cropped wp-block-gallery-1 is-layout-flex wp-block-gallery-is-layout-flex\">\n<figure class=\"wp-block-image size-large\"><img fetchpriority=\"high\" decoding=\"async\" width=\"1024\" height=\"771\" data-id=\"6081\" src=\"https:\/\/mostra.es\/wp-content\/uploads\/2025\/04\/Presentacion-libros-na-XXXIV-Mostra-do-Encaixe-Sabado-3-1024x771.jpg\" alt=\"\" class=\"wp-image-6081\" title=\"\" srcset=\"https:\/\/mostra.es\/wp-content\/uploads\/2025\/04\/Presentacion-libros-na-XXXIV-Mostra-do-Encaixe-Sabado-3-1024x771.jpg 1024w, https:\/\/mostra.es\/wp-content\/uploads\/2025\/04\/Presentacion-libros-na-XXXIV-Mostra-do-Encaixe-Sabado-3-300x226.jpg 300w, https:\/\/mostra.es\/wp-content\/uploads\/2025\/04\/Presentacion-libros-na-XXXIV-Mostra-do-Encaixe-Sabado-3-768x579.jpg 768w, https:\/\/mostra.es\/wp-content\/uploads\/2025\/04\/Presentacion-libros-na-XXXIV-Mostra-do-Encaixe-Sabado-3-16x12.jpg 16w, https:\/\/mostra.es\/wp-content\/uploads\/2025\/04\/Presentacion-libros-na-XXXIV-Mostra-do-Encaixe-Sabado-3.jpg 1500w\" sizes=\"(max-width: 1024px) 100vw, 1024px\" \/><\/figure>\n\n\n\n<figure class=\"wp-block-image size-large\"><img decoding=\"async\" width=\"1024\" height=\"771\" data-id=\"6079\" src=\"https:\/\/mostra.es\/wp-content\/uploads\/2025\/04\/Presentacion-libros-na-XXXIV-Mostra-do-Encaixe-Sabado-1-1024x771.jpg\" alt=\"\" class=\"wp-image-6079\" title=\"\" srcset=\"https:\/\/mostra.es\/wp-content\/uploads\/2025\/04\/Presentacion-libros-na-XXXIV-Mostra-do-Encaixe-Sabado-1-1024x771.jpg 1024w, https:\/\/mostra.es\/wp-content\/uploads\/2025\/04\/Presentacion-libros-na-XXXIV-Mostra-do-Encaixe-Sabado-1-300x226.jpg 300w, https:\/\/mostra.es\/wp-content\/uploads\/2025\/04\/Presentacion-libros-na-XXXIV-Mostra-do-Encaixe-Sabado-1-768x579.jpg 768w, https:\/\/mostra.es\/wp-content\/uploads\/2025\/04\/Presentacion-libros-na-XXXIV-Mostra-do-Encaixe-Sabado-1-16x12.jpg 16w, https:\/\/mostra.es\/wp-content\/uploads\/2025\/04\/Presentacion-libros-na-XXXIV-Mostra-do-Encaixe-Sabado-1.jpg 1500w\" sizes=\"(max-width: 1024px) 100vw, 1024px\" \/><\/figure>\n<\/figure>","protected":false},"excerpt":{"rendered":"<p>Hoxe, s\u00e1bado 19 de abril, Alfonso de Sas e Ana Garc\u00eda foron os encargados de po\u00f1er punto e final \u00e1 ampla e variada programaci\u00f3n literaria da XXXVI Mostra do Encaixe de Camari\u00f1as Deputaci\u00f3n da Coru\u00f1a.&nbsp; O escritor Alfonso de Sas volveu \u00e1 Mostra para presentar unha nova edici\u00f3n de \u2018El Cementerio de los Ingleses\u2019, unha [&hellip;]<\/p>\n","protected":false},"author":1,"featured_media":6080,"comment_status":"open","ping_status":"closed","sticky":false,"template":"","format":"standard","meta":{"footnotes":""},"categories":[10],"tags":[388,148,517],"class_list":["post-6078","post","type-post","status-publish","format-standard","has-post-thumbnail","hentry","category-prensa","tag-alfonso-de-sas","tag-ana-garcia","tag-xxxiv-mostra-do-encaixe"],"_links":{"self":[{"href":"https:\/\/mostra.es\/en\/wp-json\/wp\/v2\/posts\/6078","targetHints":{"allow":["GET"]}}],"collection":[{"href":"https:\/\/mostra.es\/en\/wp-json\/wp\/v2\/posts"}],"about":[{"href":"https:\/\/mostra.es\/en\/wp-json\/wp\/v2\/types\/post"}],"author":[{"embeddable":true,"href":"https:\/\/mostra.es\/en\/wp-json\/wp\/v2\/users\/1"}],"replies":[{"embeddable":true,"href":"https:\/\/mostra.es\/en\/wp-json\/wp\/v2\/comments?post=6078"}],"version-history":[{"count":0,"href":"https:\/\/mostra.es\/en\/wp-json\/wp\/v2\/posts\/6078\/revisions"}],"wp:featuredmedia":[{"embeddable":true,"href":"https:\/\/mostra.es\/en\/wp-json\/wp\/v2\/media\/6080"}],"wp:attachment":[{"href":"https:\/\/mostra.es\/en\/wp-json\/wp\/v2\/media?parent=6078"}],"wp:term":[{"taxonomy":"category","embeddable":true,"href":"https:\/\/mostra.es\/en\/wp-json\/wp\/v2\/categories?post=6078"},{"taxonomy":"post_tag","embeddable":true,"href":"https:\/\/mostra.es\/en\/wp-json\/wp\/v2\/tags?post=6078"}],"curies":[{"name":"wp","href":"https:\/\/api.w.org\/{rel}","templated":true}]}}