{"id":6042,"date":"2025-04-18T10:22:36","date_gmt":"2025-04-18T08:22:36","guid":{"rendered":"https:\/\/mostra.es\/?p=6042"},"modified":"2025-04-18T10:22:39","modified_gmt":"2025-04-18T08:22:39","slug":"jesus-bua-icia-varela-and-jose-manuel-varela-inaugurate-the-literary-presentations-of-the-xxxiv-show-of-dressing-room-lace","status":"publish","type":"post","link":"https:\/\/mostra.es\/en\/actualidade\/prensa\/xesus-bua-icia-varela-e-xose-manuel-varela-inauguran-as-presentacions-literarias-da-xxxiv-mostra-do-encaixe-de-camarinas\/","title":{"rendered":"Xes\u00fas B\u00faa, Ic\u00eda Varela and Xos\u00e9 Manuel Varela inaugurate the literary presentations of the XXXIV Camari\u00f1as Lace Festival"},"content":{"rendered":"<p>The XXXVI Mostra do Encaixe de Camari\u00f1as Provincial Council of A Coru\u00f1a hosted today the first two literary presentations of the six that will be held during the event. Xes\u00fas B\u00faa, Ic\u00eda Varela and Xos\u00e9 Manuel Varela were in charge of opening this literary program today, Thursday, April 17th.<\/p>\n\n\n\n<p>The photojournalist Xes\u00fas B\u00faa presented &#039;Men and Women of Salt and Iron&#039;, a publication that describes the full working day of the percebeiros and percebeiras of Camari\u00f1as and Mux\u00eda, in the heart of the Costa da Morte.<\/p>\n\n\n\n<p>They were followed by tambourine player Ic\u00eda Varela and specialist Xos\u00e9 Manuel Varela with their publication &#039;Cantareiras&#039;, a journey through the legacy of popular music and poetry, the tradition of tambourine players.<\/p>\n\n\n\n<figure class=\"wp-block-gallery has-nested-images columns-default is-cropped wp-block-gallery-1 is-layout-flex wp-block-gallery-is-layout-flex\">\n<figure class=\"wp-block-image size-large\"><img fetchpriority=\"high\" decoding=\"async\" width=\"1024\" height=\"771\" data-id=\"6048\" src=\"https:\/\/mostra.es\/wp-content\/uploads\/2025\/04\/Presentacion-libro-Icia-Varela-e-Xesus-Bua-Mostra-do-Encaixe-6-1024x771.jpg\" alt=\"\" class=\"wp-image-6048\" title=\"\" srcset=\"https:\/\/mostra.es\/wp-content\/uploads\/2025\/04\/Presentacion-libro-Icia-Varela-e-Xesus-Bua-Mostra-do-Encaixe-6-1024x771.jpg 1024w, https:\/\/mostra.es\/wp-content\/uploads\/2025\/04\/Presentacion-libro-Icia-Varela-e-Xesus-Bua-Mostra-do-Encaixe-6-300x226.jpg 300w, https:\/\/mostra.es\/wp-content\/uploads\/2025\/04\/Presentacion-libro-Icia-Varela-e-Xesus-Bua-Mostra-do-Encaixe-6-768x579.jpg 768w, https:\/\/mostra.es\/wp-content\/uploads\/2025\/04\/Presentacion-libro-Icia-Varela-e-Xesus-Bua-Mostra-do-Encaixe-6-16x12.jpg 16w, https:\/\/mostra.es\/wp-content\/uploads\/2025\/04\/Presentacion-libro-Icia-Varela-e-Xesus-Bua-Mostra-do-Encaixe-6.jpg 1500w\" sizes=\"(max-width: 1024px) 100vw, 1024px\" \/><\/figure>\n\n\n\n<figure class=\"wp-block-image size-large\"><img decoding=\"async\" width=\"1024\" height=\"771\" data-id=\"6046\" src=\"https:\/\/mostra.es\/wp-content\/uploads\/2025\/04\/Presentacion-libro-Icia-Varela-e-Xesus-Bua-Mostra-do-Encaixe-4-1024x771.jpg\" alt=\"\" class=\"wp-image-6046\" title=\"\" srcset=\"https:\/\/mostra.es\/wp-content\/uploads\/2025\/04\/Presentacion-libro-Icia-Varela-e-Xesus-Bua-Mostra-do-Encaixe-4-1024x771.jpg 1024w, https:\/\/mostra.es\/wp-content\/uploads\/2025\/04\/Presentacion-libro-Icia-Varela-e-Xesus-Bua-Mostra-do-Encaixe-4-300x226.jpg 300w, https:\/\/mostra.es\/wp-content\/uploads\/2025\/04\/Presentacion-libro-Icia-Varela-e-Xesus-Bua-Mostra-do-Encaixe-4-768x579.jpg 768w, https:\/\/mostra.es\/wp-content\/uploads\/2025\/04\/Presentacion-libro-Icia-Varela-e-Xesus-Bua-Mostra-do-Encaixe-4-16x12.jpg 16w, https:\/\/mostra.es\/wp-content\/uploads\/2025\/04\/Presentacion-libro-Icia-Varela-e-Xesus-Bua-Mostra-do-Encaixe-4.jpg 1500w\" sizes=\"(max-width: 1024px) 100vw, 1024px\" \/><\/figure>\n\n\n\n<figure class=\"wp-block-image size-large\"><img decoding=\"async\" width=\"1024\" height=\"771\" data-id=\"6044\" src=\"https:\/\/mostra.es\/wp-content\/uploads\/2025\/04\/Presentacion-libro-Icia-Varela-e-Xesus-Bua-Mostra-do-Encaixe-2-1024x771.jpg\" alt=\"\" class=\"wp-image-6044\" title=\"\" srcset=\"https:\/\/mostra.es\/wp-content\/uploads\/2025\/04\/Presentacion-libro-Icia-Varela-e-Xesus-Bua-Mostra-do-Encaixe-2-1024x771.jpg 1024w, https:\/\/mostra.es\/wp-content\/uploads\/2025\/04\/Presentacion-libro-Icia-Varela-e-Xesus-Bua-Mostra-do-Encaixe-2-300x226.jpg 300w, https:\/\/mostra.es\/wp-content\/uploads\/2025\/04\/Presentacion-libro-Icia-Varela-e-Xesus-Bua-Mostra-do-Encaixe-2-768x579.jpg 768w, https:\/\/mostra.es\/wp-content\/uploads\/2025\/04\/Presentacion-libro-Icia-Varela-e-Xesus-Bua-Mostra-do-Encaixe-2-16x12.jpg 16w, https:\/\/mostra.es\/wp-content\/uploads\/2025\/04\/Presentacion-libro-Icia-Varela-e-Xesus-Bua-Mostra-do-Encaixe-2.jpg 1500w\" sizes=\"(max-width: 1024px) 100vw, 1024px\" \/><\/figure>\n\n\n\n<figure class=\"wp-block-image size-large\"><img loading=\"lazy\" decoding=\"async\" width=\"1024\" height=\"771\" data-id=\"6043\" src=\"https:\/\/mostra.es\/wp-content\/uploads\/2025\/04\/Presentacion-libro-Icia-Varela-e-Xesus-Bua-Mostra-do-Encaixe-1-1024x771.jpg\" alt=\"\" class=\"wp-image-6043\" title=\"\" srcset=\"https:\/\/mostra.es\/wp-content\/uploads\/2025\/04\/Presentacion-libro-Icia-Varela-e-Xesus-Bua-Mostra-do-Encaixe-1-1024x771.jpg 1024w, https:\/\/mostra.es\/wp-content\/uploads\/2025\/04\/Presentacion-libro-Icia-Varela-e-Xesus-Bua-Mostra-do-Encaixe-1-300x226.jpg 300w, https:\/\/mostra.es\/wp-content\/uploads\/2025\/04\/Presentacion-libro-Icia-Varela-e-Xesus-Bua-Mostra-do-Encaixe-1-768x579.jpg 768w, https:\/\/mostra.es\/wp-content\/uploads\/2025\/04\/Presentacion-libro-Icia-Varela-e-Xesus-Bua-Mostra-do-Encaixe-1-16x12.jpg 16w, https:\/\/mostra.es\/wp-content\/uploads\/2025\/04\/Presentacion-libro-Icia-Varela-e-Xesus-Bua-Mostra-do-Encaixe-1.jpg 1500w\" sizes=\"(max-width: 1024px) 100vw, 1024px\" \/><\/figure>\n<\/figure>\n\n\n\n<h2 class=\"wp-block-heading\"><strong>Josefina Campa\u00f1a and Xan Fern\u00e1ndez on Friday<\/strong><\/h2>\n\n\n\n<p>Meanwhile, on Friday, April 18, at 12:00, it will be the turn of Josefina Campa\u00f1a and her book &#039;From a craftswoman to a woman&#039;. Then, at 12:20, Xan Fern\u00e1ndez himself will present with the guide &#039;Camari\u00f1as, a sea of lace&#039;, an event presented by the communicator Marcial Mouzo.<\/p>\n\n\n\n<p>On Saturday 19, at 11:40 am, Alfonso de Sas will present a new edition of &#039;El Cementerio de los Ingleses&#039;. Finally, on the same Saturday, at 12 noon, photojournalist Ana Garc\u00eda will present her publication &#039;Mar de Ardora, Mar de Galicia&#039;, a compendium of beautiful images about the magic that marine bioluminescence can create.<\/p>\n\n\n\n<p>These literary presentations are part of a long and varied program that makes up the XXXIII edition of the Mostra do Encaixe and will fill Camari\u00f1as with activity for five days.<\/p>","protected":false},"excerpt":{"rendered":"<p>The photojournalist from Mux\u00eda presented &#039;Men and Women of Salt and Iron&#039;.<\/p>\n<p>Ic\u00eda Varela and Xos\u00e9 Manuel Varela presented &#039;Cantareiras&#039;.<\/p>","protected":false},"author":1,"featured_media":6047,"comment_status":"open","ping_status":"closed","sticky":false,"template":"","format":"standard","meta":{"footnotes":""},"categories":[10],"tags":[554,501,553,517],"class_list":["post-6042","post","type-post","status-publish","format-standard","has-post-thumbnail","hentry","category-prensa","tag-icia-varela","tag-presentacions","tag-xesus-bua","tag-xxxiv-mostra-do-encaixe"],"_links":{"self":[{"href":"https:\/\/mostra.es\/en\/wp-json\/wp\/v2\/posts\/6042","targetHints":{"allow":["GET"]}}],"collection":[{"href":"https:\/\/mostra.es\/en\/wp-json\/wp\/v2\/posts"}],"about":[{"href":"https:\/\/mostra.es\/en\/wp-json\/wp\/v2\/types\/post"}],"author":[{"embeddable":true,"href":"https:\/\/mostra.es\/en\/wp-json\/wp\/v2\/users\/1"}],"replies":[{"embeddable":true,"href":"https:\/\/mostra.es\/en\/wp-json\/wp\/v2\/comments?post=6042"}],"version-history":[{"count":0,"href":"https:\/\/mostra.es\/en\/wp-json\/wp\/v2\/posts\/6042\/revisions"}],"wp:featuredmedia":[{"embeddable":true,"href":"https:\/\/mostra.es\/en\/wp-json\/wp\/v2\/media\/6047"}],"wp:attachment":[{"href":"https:\/\/mostra.es\/en\/wp-json\/wp\/v2\/media?parent=6042"}],"wp:term":[{"taxonomy":"category","embeddable":true,"href":"https:\/\/mostra.es\/en\/wp-json\/wp\/v2\/categories?post=6042"},{"taxonomy":"post_tag","embeddable":true,"href":"https:\/\/mostra.es\/en\/wp-json\/wp\/v2\/tags?post=6042"}],"curies":[{"name":"wp","href":"https:\/\/api.w.org\/{rel}","templated":true}]}}