{"id":6008,"date":"2025-04-15T12:44:11","date_gmt":"2025-04-15T10:44:11","guid":{"rendered":"https:\/\/mostra.es\/?p=6008"},"modified":"2025-04-15T12:48:18","modified_gmt":"2025-04-15T10:48:18","slug":"more-than-25-volunteers-ensured-the-proper-functioning-of-the-xxxiv-lace-show","status":"publish","type":"post","link":"https:\/\/mostra.es\/en\/actualidade\/prensa\/mais-de-25-voluntarias-e-voluntarios-aseguraran-o-bo-funcionamento-da-xxxiv-mostra-do-encaixe\/","title":{"rendered":"More than 25 volunteers will ensure the smooth running of the XXXIV Lace Fair\u00a0"},"content":{"rendered":"<p>The XXXIV Camari\u00f1as Lace Exhibition of the Provincial Council of A Coru\u00f1a will once again have a phenomenal team of volunteers made up of more than 25 people who, like every year, will ensure the smooth running of the event during the five days.\u00a0\u00a0<\/p>\n\n\n\n<p>On the one hand, they will be responsible for coordinating that all programming takes place as planned, both at the entrance control or at the information desk and in accessing the parade hall, also helping visitors with any questions they may have.&nbsp;<\/p>\n\n\n\n<p>On the other hand, as is customary, the Camari\u00f1as Civil Protection group will deploy a security and traffic device, essential for the development of the Mostra and also to resolve any unforeseen circumstances.<\/p>\n\n\n\n<figure class=\"wp-block-embed is-type-video is-provider-youtube wp-block-embed-youtube wp-embed-aspect-16-9 wp-has-aspect-ratio\"><div class=\"wp-block-embed__wrapper\">\nhttps:\/\/www.youtube.com\/watch?v=PqMJ5yYFkA0\n<\/div><\/figure>","protected":false},"excerpt":{"rendered":"<p>A XXXIV Mostra do Encaixe de Camari\u00f1as Deputaci\u00f3n da Coru\u00f1a volver\u00e1 a contar cun fenomenal equipo de voluntarios e voluntarias formado por m\u00e1is de 25 persoas que, como cada ano, asegurar\u00e1n o bo funcionamento do evento durante os cinco d\u00edas.\u00a0\u00a0 Por unha parte, encargaranse de coordinar que toda a programaci\u00f3n se desenvolva segundo o previsto, [&hellip;]<\/p>\n","protected":false},"author":1,"featured_media":5733,"comment_status":"open","ping_status":"closed","sticky":false,"template":"","format":"standard","meta":{"footnotes":""},"categories":[10],"tags":[497,231,517],"class_list":["post-6008","post","type-post","status-publish","format-standard","has-post-thumbnail","hentry","category-prensa","tag-proteccion-civil","tag-voluntarios","tag-xxxiv-mostra-do-encaixe"],"_links":{"self":[{"href":"https:\/\/mostra.es\/en\/wp-json\/wp\/v2\/posts\/6008","targetHints":{"allow":["GET"]}}],"collection":[{"href":"https:\/\/mostra.es\/en\/wp-json\/wp\/v2\/posts"}],"about":[{"href":"https:\/\/mostra.es\/en\/wp-json\/wp\/v2\/types\/post"}],"author":[{"embeddable":true,"href":"https:\/\/mostra.es\/en\/wp-json\/wp\/v2\/users\/1"}],"replies":[{"embeddable":true,"href":"https:\/\/mostra.es\/en\/wp-json\/wp\/v2\/comments?post=6008"}],"version-history":[{"count":0,"href":"https:\/\/mostra.es\/en\/wp-json\/wp\/v2\/posts\/6008\/revisions"}],"wp:featuredmedia":[{"embeddable":true,"href":"https:\/\/mostra.es\/en\/wp-json\/wp\/v2\/media\/5733"}],"wp:attachment":[{"href":"https:\/\/mostra.es\/en\/wp-json\/wp\/v2\/media?parent=6008"}],"wp:term":[{"taxonomy":"category","embeddable":true,"href":"https:\/\/mostra.es\/en\/wp-json\/wp\/v2\/categories?post=6008"},{"taxonomy":"post_tag","embeddable":true,"href":"https:\/\/mostra.es\/en\/wp-json\/wp\/v2\/tags?post=6008"}],"curies":[{"name":"wp","href":"https:\/\/api.w.org\/{rel}","templated":true}]}}