{"id":5986,"date":"2025-04-12T21:03:42","date_gmt":"2025-04-12T19:03:42","guid":{"rendered":"https:\/\/mostra.es\/?p=5986"},"modified":"2025-04-12T21:03:49","modified_gmt":"2025-04-12T19:03:49","slug":"the-dressing-room-lace-attracts-the-eyes-of-the-people-of-coruna-in-the-preview-of-the-show","status":"publish","type":"post","link":"https:\/\/mostra.es\/en\/actualidade\/prensa\/o-encaixe-de-camarinas-atrae-as-miradas-de-coruneses-e-corunesas-na-previa-da-mostra\/","title":{"rendered":"Camari\u00f1as lace attracts the attention of people from A Coru\u00f1a in the preview of the Mostra"},"content":{"rendered":"<p>The thousands of people who passed through the central Plaza de Mar\u00eda Pita in A Coru\u00f1a this afternoon were able to enjoy a parade-exhibition that serves as a prelude to the XXXIV Camari\u00f1as Lace Exhibition of the Provincial Council of A Coru\u00f1a and thus appreciate how well the fusion of Camari\u00f1as lace with contemporary fashion works.<\/p>\n\n\n\n<p>The show featured different collections with applied lace from designers such as Esteban Freir\u00eda Jose Matteos, Joaqu\u00edn Ru\u00edz, Anamingo, Andion Clothing and Ana Cabranes. Ten models wore their creations.<\/p>\n\n\n\n<p>The mayor of Camari\u00f1as, Sandra Insua, and councilors Encarna Li\u00f1eiro and Bego\u00f1a Tajes, were present at this parade-exhibition.<\/p>\n\n\n\n<figure class=\"wp-block-gallery has-nested-images columns-default is-cropped wp-block-gallery-1 is-layout-flex wp-block-gallery-is-layout-flex\">\n<figure class=\"wp-block-image size-large\"><img fetchpriority=\"high\" decoding=\"async\" width=\"1024\" height=\"683\" data-id=\"5989\" src=\"https:\/\/mostra.es\/wp-content\/uploads\/2025\/04\/FOTO-MOSTRA-Desfile-Maria-Pita-3-1-1024x683.jpg\" alt=\"\" class=\"wp-image-5989\" title=\"\" srcset=\"https:\/\/mostra.es\/wp-content\/uploads\/2025\/04\/FOTO-MOSTRA-Desfile-Maria-Pita-3-1-1024x683.jpg 1024w, https:\/\/mostra.es\/wp-content\/uploads\/2025\/04\/FOTO-MOSTRA-Desfile-Maria-Pita-3-1-300x200.jpg 300w, https:\/\/mostra.es\/wp-content\/uploads\/2025\/04\/FOTO-MOSTRA-Desfile-Maria-Pita-3-1-768x512.jpg 768w, https:\/\/mostra.es\/wp-content\/uploads\/2025\/04\/FOTO-MOSTRA-Desfile-Maria-Pita-3-1-18x12.jpg 18w, https:\/\/mostra.es\/wp-content\/uploads\/2025\/04\/FOTO-MOSTRA-Desfile-Maria-Pita-3-1.jpg 1500w\" sizes=\"(max-width: 1024px) 100vw, 1024px\" \/><\/figure>\n\n\n\n<figure class=\"wp-block-image size-large\"><img decoding=\"async\" width=\"1024\" height=\"683\" data-id=\"5988\" src=\"https:\/\/mostra.es\/wp-content\/uploads\/2025\/04\/FOTO-MOSTRA-Desfile-Maria-Pita-2-1-1024x683.jpg\" alt=\"\" class=\"wp-image-5988\" title=\"\" srcset=\"https:\/\/mostra.es\/wp-content\/uploads\/2025\/04\/FOTO-MOSTRA-Desfile-Maria-Pita-2-1-1024x683.jpg 1024w, https:\/\/mostra.es\/wp-content\/uploads\/2025\/04\/FOTO-MOSTRA-Desfile-Maria-Pita-2-1-300x200.jpg 300w, https:\/\/mostra.es\/wp-content\/uploads\/2025\/04\/FOTO-MOSTRA-Desfile-Maria-Pita-2-1-768x512.jpg 768w, https:\/\/mostra.es\/wp-content\/uploads\/2025\/04\/FOTO-MOSTRA-Desfile-Maria-Pita-2-1-18x12.jpg 18w, https:\/\/mostra.es\/wp-content\/uploads\/2025\/04\/FOTO-MOSTRA-Desfile-Maria-Pita-2-1.jpg 1500w\" sizes=\"(max-width: 1024px) 100vw, 1024px\" \/><\/figure>\n\n\n\n<figure class=\"wp-block-image size-large\"><img decoding=\"async\" width=\"1024\" height=\"683\" data-id=\"5987\" src=\"https:\/\/mostra.es\/wp-content\/uploads\/2025\/04\/FOTO-MOSTRA-Desfile-Maria-Pita-1-1-1024x683.jpg\" alt=\"\" class=\"wp-image-5987\" title=\"\" srcset=\"https:\/\/mostra.es\/wp-content\/uploads\/2025\/04\/FOTO-MOSTRA-Desfile-Maria-Pita-1-1-1024x683.jpg 1024w, https:\/\/mostra.es\/wp-content\/uploads\/2025\/04\/FOTO-MOSTRA-Desfile-Maria-Pita-1-1-300x200.jpg 300w, https:\/\/mostra.es\/wp-content\/uploads\/2025\/04\/FOTO-MOSTRA-Desfile-Maria-Pita-1-1-768x512.jpg 768w, https:\/\/mostra.es\/wp-content\/uploads\/2025\/04\/FOTO-MOSTRA-Desfile-Maria-Pita-1-1-18x12.jpg 18w, https:\/\/mostra.es\/wp-content\/uploads\/2025\/04\/FOTO-MOSTRA-Desfile-Maria-Pita-1-1.jpg 1500w\" sizes=\"(max-width: 1024px) 100vw, 1024px\" \/><\/figure>\n<\/figure>","protected":false},"excerpt":{"rendered":"<p>A fashion show was held in the Plaza de Mar\u00eda Pita, showing collections from designers Esteban Freir\u00eda, Jose Matteos, Joaqu\u00edn Ru\u00edz, Anamingo, Andion Clothing and Ana Cabranes.\u00a0<\/p>","protected":false},"author":1,"featured_media":5990,"comment_status":"open","ping_status":"closed","sticky":false,"template":"","format":"standard","meta":{"footnotes":""},"categories":[10],"tags":[517],"class_list":["post-5986","post","type-post","status-publish","format-standard","has-post-thumbnail","hentry","category-prensa","tag-xxxiv-mostra-do-encaixe"],"_links":{"self":[{"href":"https:\/\/mostra.es\/en\/wp-json\/wp\/v2\/posts\/5986","targetHints":{"allow":["GET"]}}],"collection":[{"href":"https:\/\/mostra.es\/en\/wp-json\/wp\/v2\/posts"}],"about":[{"href":"https:\/\/mostra.es\/en\/wp-json\/wp\/v2\/types\/post"}],"author":[{"embeddable":true,"href":"https:\/\/mostra.es\/en\/wp-json\/wp\/v2\/users\/1"}],"replies":[{"embeddable":true,"href":"https:\/\/mostra.es\/en\/wp-json\/wp\/v2\/comments?post=5986"}],"version-history":[{"count":0,"href":"https:\/\/mostra.es\/en\/wp-json\/wp\/v2\/posts\/5986\/revisions"}],"wp:featuredmedia":[{"embeddable":true,"href":"https:\/\/mostra.es\/en\/wp-json\/wp\/v2\/media\/5990"}],"wp:attachment":[{"href":"https:\/\/mostra.es\/en\/wp-json\/wp\/v2\/media?parent=5986"}],"wp:term":[{"taxonomy":"category","embeddable":true,"href":"https:\/\/mostra.es\/en\/wp-json\/wp\/v2\/categories?post=5986"},{"taxonomy":"post_tag","embeddable":true,"href":"https:\/\/mostra.es\/en\/wp-json\/wp\/v2\/tags?post=5986"}],"curies":[{"name":"wp","href":"https:\/\/api.w.org\/{rel}","templated":true}]}}