{"id":5954,"date":"2025-04-08T14:04:29","date_gmt":"2025-04-08T12:04:29","guid":{"rendered":"https:\/\/mostra.es\/?p=5954"},"modified":"2025-04-08T14:04:31","modified_gmt":"2025-04-08T12:04:31","slug":"claudina-mata-and-ana-cabranes-in-the-xxxiv-dressing-room-lace-show","status":"publish","type":"post","link":"https:\/\/mostra.es\/en\/actualidade\/prensa\/claudina-mata-e-ana-cabranes-na-xxxiv-mostra-do-encaixe-de-camarinas\/","title":{"rendered":"Claudina Mata and Ana Cabranes, at the XXXIV Camari\u00f1as Lace Exhibition"},"content":{"rendered":"<p>More confirmations for the Great Designers&#039; parade of the XXXIV Camari\u00f1as Lace Fair of the Provincial Council of A Coru\u00f1a. Once again, the Granada designer, Claudina Mata, and the Asturian designer, Ana Cabranes, return to the Camari\u00f1as catwalk, the fashion capital during Easter.<\/p>\n\n\n\n<p>Claudina Mata will bring to Camari\u00f1as &quot;a bridal capsule collection in which lace and transparencies will be the main protagonists. Delicate pieces, with a very ethereal and contemporary approach, where the lightness of the fabrics and the subtlety of the lace merge to create clean, elegant silhouettes with a lot of handmade soul&quot;.<\/p>\n\n\n\n<p>&quot;Participating one more year in the Mostra is an honor and a great responsibility, it is to reinterpret an art as ancient as Camari\u00f1as lace from a contemporary perspective, without losing its essence. It is a challenge but, above all, a creative engine&quot;, adds the Granada designer.&nbsp;<\/p>\n\n\n\n<figure class=\"wp-block-image size-large\"><img fetchpriority=\"high\" decoding=\"async\" width=\"1024\" height=\"683\" src=\"https:\/\/mostra.es\/wp-content\/uploads\/2023\/03\/ana-cabranes-coleccion-1024x683.jpg\" alt=\"Ana Cabranes parade at the XXXI Mostra do Encaixe\" class=\"wp-image-4253\" title=\"\" srcset=\"https:\/\/mostra.es\/wp-content\/uploads\/2023\/03\/ana-cabranes-coleccion-1024x683.jpg 1024w, https:\/\/mostra.es\/wp-content\/uploads\/2023\/03\/ana-cabranes-coleccion-300x200.jpg 300w, https:\/\/mostra.es\/wp-content\/uploads\/2023\/03\/ana-cabranes-coleccion-768x512.jpg 768w, https:\/\/mostra.es\/wp-content\/uploads\/2023\/03\/ana-cabranes-coleccion-1536x1025.jpg 1536w, https:\/\/mostra.es\/wp-content\/uploads\/2023\/03\/ana-cabranes-coleccion.jpg 2000w\" sizes=\"(max-width: 1024px) 100vw, 1024px\" \/><figcaption class=\"wp-element-caption\">Ana Cabranes parade at the XXXI Mostra do Encaixe<\/figcaption><\/figure>\n\n\n\n<p>For her part, Ana Cabranes, who has participated in the event continuously since 2003, will present her &#039;Jade&#039; collection which &quot;is not just a color, it is a concept, a tribute to nature, authenticity and beauty that does not need ornaments to shine&quot;.<\/p>\n\n\n\n<p>&quot;Lace is a jewel of our tradition and every year finding new ways to integrate it into contemporary design is a creative and very special exercise. More than a challenge it is a motivation, it forces me to look at lace from other angles and reinterpret it without losing its essence&quot;, he explains.<\/p>\n\n\n\n<figure class=\"wp-block-embed is-type-video is-provider-youtube wp-block-embed-youtube wp-embed-aspect-16-9 wp-has-aspect-ratio\"><div class=\"wp-block-embed__wrapper\">\n<iframe title=\"21- Claudina Mata tells us about the Lace Show of Camari\u00f1as\" width=\"800\" height=\"450\" src=\"https:\/\/www.youtube.com\/embed\/VMCgX0vEYHo?feature=oembed\" frameborder=\"0\" allow=\"accelerometer; autoplay; clipboard-write; encrypted-media; gyroscope; picture-in-picture; web-share\" referrerpolicy=\"strict-origin-when-cross-origin\" allowfullscreen><\/iframe>\n<\/div><\/figure>","protected":false},"excerpt":{"rendered":"<p>Claudina Mata from Granada will present &quot;a bridal capsule collection in which it fits and transparencies will be the main protagonists&quot;.<\/p>\n<p>The Asturian designer, who has been participating in the event since 2023, will present &#039;Jade&#039;, &quot;a tribute to nature and beauty that does not need adornments to<\/p>","protected":false},"author":1,"featured_media":4475,"comment_status":"open","ping_status":"closed","sticky":false,"template":"","format":"standard","meta":{"footnotes":""},"categories":[10],"tags":[208,194,237,517],"class_list":["post-5954","post","type-post","status-publish","format-standard","has-post-thumbnail","hentry","category-prensa","tag-ana-cabranes","tag-claudina-mata","tag-pasarela-da-mostra","tag-xxxiv-mostra-do-encaixe"],"_links":{"self":[{"href":"https:\/\/mostra.es\/en\/wp-json\/wp\/v2\/posts\/5954","targetHints":{"allow":["GET"]}}],"collection":[{"href":"https:\/\/mostra.es\/en\/wp-json\/wp\/v2\/posts"}],"about":[{"href":"https:\/\/mostra.es\/en\/wp-json\/wp\/v2\/types\/post"}],"author":[{"embeddable":true,"href":"https:\/\/mostra.es\/en\/wp-json\/wp\/v2\/users\/1"}],"replies":[{"embeddable":true,"href":"https:\/\/mostra.es\/en\/wp-json\/wp\/v2\/comments?post=5954"}],"version-history":[{"count":0,"href":"https:\/\/mostra.es\/en\/wp-json\/wp\/v2\/posts\/5954\/revisions"}],"wp:featuredmedia":[{"embeddable":true,"href":"https:\/\/mostra.es\/en\/wp-json\/wp\/v2\/media\/4475"}],"wp:attachment":[{"href":"https:\/\/mostra.es\/en\/wp-json\/wp\/v2\/media?parent=5954"}],"wp:term":[{"taxonomy":"category","embeddable":true,"href":"https:\/\/mostra.es\/en\/wp-json\/wp\/v2\/categories?post=5954"},{"taxonomy":"post_tag","embeddable":true,"href":"https:\/\/mostra.es\/en\/wp-json\/wp\/v2\/tags?post=5954"}],"curies":[{"name":"wp","href":"https:\/\/api.w.org\/{rel}","templated":true}]}}