{"id":5837,"date":"2025-03-25T18:10:03","date_gmt":"2025-03-25T17:10:03","guid":{"rendered":"https:\/\/mostra.es\/?p=5837"},"modified":"2025-03-25T18:10:46","modified_gmt":"2025-03-25T17:10:46","slug":"emerging-firm-the-main-novelty-on-the-catwalk-of-the-xxxiv-lace-show","status":"publish","type":"post","link":"https:\/\/mostra.es\/en\/actualidade\/prensa\/firma-emerxente-a-principal-novidade-na-pasarela-da-xxxiv-mostra-do-encaixe\/","title":{"rendered":"&#039;Emerging Brand&#039;, the main novelty on the catwalk of the XXXIV Lace Fair\u00a0"},"content":{"rendered":"<p>The XXXIV Camari\u00f1as Lace Exhibition of the Provincial Council of Coru\u00f1a will mark the premiere of a new initiative, the &#039;Emerging Brand&#039;, a concept that aims to help emerging designers, who have participated in some edition of the New Designers competition and who continue to promote Camari\u00f1as lace through their work, to consolidate themselves as a brand.<\/p>\n\n\n\n<p>The organization&#039;s goal with this action is to inspire other designers and show them how important it is to value artisanal work, the Encaixe de Camari\u00f1as. &quot;We want people who are starting their journey in the world of fashion to see that, even if they don&#039;t win an award, if they keep working and moving, they can create their own brand and we will continue to support them,&quot; explains the councilor of the Mostra, Encarna Li\u00f1eiro.<\/p>\n\n\n\n<p>In this edition, the &#039;Emerging Brand&#039; will be that of Xaqu\u00edn Ru\u00edz, who has participated in the competition on several occasions, and who throughout the year promotes Camari\u00f1as lace at fairs throughout Europe through his collections. He will be in charge of opening the different shows of the New Designers competition, thus integrating himself into this parade.<\/p>\n\n\n\n<p>\u201cIt is an intermediate step between new designers and large firms, a way to continue promoting their work so that they can consolidate their brand,\u201d adds Encarna Li\u00f1eiro.<\/p>\n\n\n\n<figure class=\"wp-block-embed is-type-video is-provider-youtube wp-block-embed-youtube wp-embed-aspect-16-9 wp-has-aspect-ratio\"><div class=\"wp-block-embed__wrapper\">\n<iframe title=\"Spot XXXIV Lace Exhibition - Galician Version\" width=\"800\" height=\"450\" src=\"https:\/\/www.youtube.com\/embed\/PqMJ5yYFkA0?feature=oembed\" frameborder=\"0\" allow=\"accelerometer; autoplay; clipboard-write; encrypted-media; gyroscope; picture-in-picture; web-share\" referrerpolicy=\"strict-origin-when-cross-origin\" allowfullscreen><\/iframe>\n<\/div><\/figure>","protected":false},"excerpt":{"rendered":"<p>This new concept, which will be integrated into the New Designers competition parade, aims to help emerging designers consolidate their brand.<\/p>\n<p>In this edition, the &#039;Emerging Firm&#039; will be that of Xaqu\u00edn Ru\u00edz, who promotes Camari\u00f1as lace at fairs around Europe.<\/p>","protected":false},"author":1,"featured_media":5838,"comment_status":"open","ping_status":"closed","sticky":false,"template":"","format":"standard","meta":{"footnotes":""},"categories":[10],"tags":[531,237,517],"class_list":["post-5837","post","type-post","status-publish","format-standard","has-post-thumbnail","hentry","category-prensa","tag-firma-emerxente","tag-pasarela-da-mostra","tag-xxxiv-mostra-do-encaixe"],"_links":{"self":[{"href":"https:\/\/mostra.es\/en\/wp-json\/wp\/v2\/posts\/5837","targetHints":{"allow":["GET"]}}],"collection":[{"href":"https:\/\/mostra.es\/en\/wp-json\/wp\/v2\/posts"}],"about":[{"href":"https:\/\/mostra.es\/en\/wp-json\/wp\/v2\/types\/post"}],"author":[{"embeddable":true,"href":"https:\/\/mostra.es\/en\/wp-json\/wp\/v2\/users\/1"}],"replies":[{"embeddable":true,"href":"https:\/\/mostra.es\/en\/wp-json\/wp\/v2\/comments?post=5837"}],"version-history":[{"count":0,"href":"https:\/\/mostra.es\/en\/wp-json\/wp\/v2\/posts\/5837\/revisions"}],"wp:featuredmedia":[{"embeddable":true,"href":"https:\/\/mostra.es\/en\/wp-json\/wp\/v2\/media\/5838"}],"wp:attachment":[{"href":"https:\/\/mostra.es\/en\/wp-json\/wp\/v2\/media?parent=5837"}],"wp:term":[{"taxonomy":"category","embeddable":true,"href":"https:\/\/mostra.es\/en\/wp-json\/wp\/v2\/categories?post=5837"},{"taxonomy":"post_tag","embeddable":true,"href":"https:\/\/mostra.es\/en\/wp-json\/wp\/v2\/tags?post=5837"}],"curies":[{"name":"wp","href":"https:\/\/api.w.org\/{rel}","templated":true}]}}