{"id":4875,"date":"2025-01-24T11:16:56","date_gmt":"2025-01-24T11:16:56","guid":{"rendered":"https:\/\/mostra.es\/?p=4875"},"modified":"2025-01-24T11:17:03","modified_gmt":"2025-01-24T11:17:03","slug":"a-sale-opens-at-paraiso-de-camarinas-in-the-center-of-madrid","status":"publish","type":"post","link":"https:\/\/mostra.es\/en\/actualidade\/prensa\/abrese-unha-venta-ao-paraiso-de-camarinas-no-centro-de-madrid\/","title":{"rendered":"A window opens to the paradise of Camari\u00f1as in the center of Madrid"},"content":{"rendered":"<p>To contribute to the municipality&#039;s tourism promotion, and taking advantage of its presence at FITUR, the City Council opened a window to the paradise of Camari\u00f1as in the heart of Madrid, hiring advertising inserts on the large digital screens of Callao and Gran V\u00eda and those of the frequented Mercado de San Miguel.<\/p>\n\n\n\n<p>The advertising insertion consists, on the one hand, of a 10-second video in which, under the slogan &#039;Camari\u00f1as Surprende&#039;, the festivities, landscape and gastronomy offered by Camari\u00f1as can be seen and, on the other, as a still image, the poster for the XXXIV Camari\u00f1as Lace Exhibition of the Provincial Council of A Coru\u00f1a.<\/p>\n\n\n\n<p>&quot;Thus, both the thousands of people who walk along Gran V\u00eda and Callao Square every day and the visitors who come to the San Miguel Market, one of the most prominent in the country&#039;s capital, will be able to get a first look at the paradise we have in Camari\u00f1as,&quot; explains the mayor, Sandra Insua.<\/p>\n\n\n\n<p>The mayor clarifies that \u201cthe objective of this advertising campaign is to continue promoting tourism in Camari\u00f1as outside our borders, together with the Mostra do Encaixe, to attract a greater number of visitors throughout the year.\u201d \u201cThe results of recent years have been very good and that is why we are repeating it,\u201d she says.<\/p>\n\n\n\n<figure class=\"wp-block-embed is-type-video is-provider-youtube wp-block-embed-youtube wp-embed-aspect-16-9 wp-has-aspect-ratio\"><div class=\"wp-block-embed__wrapper\">\n<iframe title=\"Spot XXXIV Lace Exhibition - Galician Version\" width=\"800\" height=\"450\" src=\"https:\/\/www.youtube.com\/embed\/PqMJ5yYFkA0?feature=oembed\" frameborder=\"0\" allow=\"accelerometer; autoplay; clipboard-write; encrypted-media; gyroscope; picture-in-picture; web-share\" referrerpolicy=\"strict-origin-when-cross-origin\" allowfullscreen><\/iframe>\n<\/div><\/figure>","protected":false},"excerpt":{"rendered":"<p>The City Council has once again hired advertising inserts to promote the municipality during this week on the large screens in Callao and Gran V\u00eda and in the frequented Mercado de San Miguel.<\/p>","protected":false},"author":1,"featured_media":4876,"comment_status":"open","ping_status":"closed","sticky":false,"template":"","format":"standard","meta":{"footnotes":""},"categories":[10],"tags":[352,350,517],"class_list":["post-4875","post","type-post","status-publish","format-standard","has-post-thumbnail","hentry","category-prensa","tag-callao","tag-madrid","tag-xxxiv-mostra-do-encaixe"],"_links":{"self":[{"href":"https:\/\/mostra.es\/en\/wp-json\/wp\/v2\/posts\/4875","targetHints":{"allow":["GET"]}}],"collection":[{"href":"https:\/\/mostra.es\/en\/wp-json\/wp\/v2\/posts"}],"about":[{"href":"https:\/\/mostra.es\/en\/wp-json\/wp\/v2\/types\/post"}],"author":[{"embeddable":true,"href":"https:\/\/mostra.es\/en\/wp-json\/wp\/v2\/users\/1"}],"replies":[{"embeddable":true,"href":"https:\/\/mostra.es\/en\/wp-json\/wp\/v2\/comments?post=4875"}],"version-history":[{"count":0,"href":"https:\/\/mostra.es\/en\/wp-json\/wp\/v2\/posts\/4875\/revisions"}],"wp:featuredmedia":[{"embeddable":true,"href":"https:\/\/mostra.es\/en\/wp-json\/wp\/v2\/media\/4876"}],"wp:attachment":[{"href":"https:\/\/mostra.es\/en\/wp-json\/wp\/v2\/media?parent=4875"}],"wp:term":[{"taxonomy":"category","embeddable":true,"href":"https:\/\/mostra.es\/en\/wp-json\/wp\/v2\/categories?post=4875"},{"taxonomy":"post_tag","embeddable":true,"href":"https:\/\/mostra.es\/en\/wp-json\/wp\/v2\/tags?post=4875"}],"curies":[{"name":"wp","href":"https:\/\/api.w.org\/{rel}","templated":true}]}}