{"id":4806,"date":"2025-01-23T18:37:32","date_gmt":"2025-01-23T18:37:32","guid":{"rendered":"https:\/\/mostra.es\/?p=4806"},"modified":"2025-02-04T19:49:34","modified_gmt":"2025-02-04T18:49:34","slug":"the-city-council-is-taking-a-lot-of-steps-to-promote-the-exhibition-and-establish-itself-as-a-tourist-destination","status":"publish","type":"post","link":"https:\/\/mostra.es\/en\/actualidade\/prensa\/o-concello-leva-a-fitur-un-mar-de-piques-para-promocionar-a-mostra-e-afianzarse-como-destino-turistico\/","title":{"rendered":"The City Council brings &#039;A sea of piques&#039; to FITUR to promote the Festival and consolidate its position as a tourist destination"},"content":{"rendered":"<p>The International Tourism Fair (FITUR) held from January 22 to 26 at IFEMA (Madrid) was once again the place chosen by the City Council of Camari\u00f1as to present the XXXIV Camari\u00f1as Lace Exhibition of the Provincial Council of A Coru\u00f1a and, at the same time, consolidate the municipality as a reference tourist destination in Galicia.<\/p>\n\n\n\n<p>At the presentation, held at the Turespa\u00f1a stand, the poster and promotional video of the thirty-fourth edition of the Mostra were unveiled, which will be held from April 16 to 20 under the slogan &#039;A sea of piques&#039;, a message that seeks to highlight the strong connection that exists in the town between the sea and lace, nature and tradition.&nbsp;<\/p>\n\n\n\n<p>The mayor of Camari\u00f1as, Sandra Insua, explained that \u201cI am always very proud of the posters and videos that we bring here to promote our municipality and our tradition, but this time I am especially excited to present them to you.\u201d \u201cThey perfectly represent what Camari\u00f1as is: a balance between effort and beauty, between sea and land, between the past and the future,\u201d she highlighted.&nbsp;<\/p>\n\n\n\n<p>&quot;We are not just promoting an event, we are celebrating a way of life. By bringing together the nasa and the chopstick pillow, a symbol of daily work and creativity, we wanted to capture the essence of what it means to be a Camari\u00f1\u00f3n,&quot; he explained.&nbsp;<\/p>\n\n\n\n<figure class=\"wp-block-embed is-type-video is-provider-youtube wp-block-embed-youtube wp-embed-aspect-16-9 wp-has-aspect-ratio\"><div class=\"wp-block-embed__wrapper\">\n<iframe title=\"Spot XXXIV Lace Exhibition - Galician Version\" width=\"800\" height=\"450\" src=\"https:\/\/www.youtube.com\/embed\/PqMJ5yYFkA0?feature=oembed\" frameborder=\"0\" allow=\"accelerometer; autoplay; clipboard-write; encrypted-media; gyroscope; picture-in-picture; web-share\" referrerpolicy=\"strict-origin-when-cross-origin\" allowfullscreen><\/iframe>\n<\/div><\/figure>\n\n\n\n<p>The mayor stressed that &quot;both the video and the poster are made entirely by people from Camari\u00f1as and the Costa da Morte, who better than our people to talk about us. Talented people who show that, from our corner, as the palilleiras did at the time, we can create products of incalculable value.&quot;<\/p>\n\n\n\n<p>&quot;As many of you know, Camari\u00f1as is a paradise. It is the word we found to best describe a beauty of such caliber. Camari\u00f1as is made of lace and is also the sea, brave and beautiful, it is land, with endless beaches and imposing landscapes, all bathed in a sky of stars that allowed us to be a Starlight destination and always watched over by our guardian: the Vil\u00e1n lighthouse, a legend of our people,&quot; he indicated.<\/p>\n\n\n\n<p>Insua took advantage of his intervention at the Turespa\u00f1a stand to present the official t-shirt of the thirty-fourth edition of the Mostra, which this year is once again the work of the Galician designer based in Marbella, Esteban Freir\u00eda, and which, referring to the slogan, depicts a sea of pikes.<\/p>\n\n\n\n<h2 class=\"wp-block-heading\">&#039;A sea of spades&#039; in Holy Week<\/h2>\n\n\n\n<p>As in recent years, the poster and promotional video of the XXXIV edition of the Camari\u00f1as Lace Exhibition of the Provincial Council of A Coru\u00f1a, which will be held during Easter, from April 16 to 20 under the slogan &#039;A sea of piques&#039;, were also presented at FITUR.<\/p>\n\n\n\n<p>The objective sought during the creative process of these pieces was to reflect, in a visual story, the effort and beauty of the two fundamental pillars of the town, lace and the sea, weaving a narrative that speaks of daily work, dedication and love for the land, highlighting the hands that care, create and transform.&nbsp;<\/p>\n\n\n\n<figure class=\"wp-block-image size-large\"><img fetchpriority=\"high\" decoding=\"async\" width=\"1024\" height=\"681\" src=\"https:\/\/mostra.es\/wp-content\/uploads\/2025\/01\/Presentacion-Mostra-do-Encaixe-de-Camarinas-en-Fitur-1-1024x681.jpg\" alt=\"\" class=\"wp-image-4820\" title=\"\" srcset=\"https:\/\/mostra.es\/wp-content\/uploads\/2025\/01\/Presentacion-Mostra-do-Encaixe-de-Camarinas-en-Fitur-1-1024x681.jpg 1024w, https:\/\/mostra.es\/wp-content\/uploads\/2025\/01\/Presentacion-Mostra-do-Encaixe-de-Camarinas-en-Fitur-1-300x199.jpg 300w, https:\/\/mostra.es\/wp-content\/uploads\/2025\/01\/Presentacion-Mostra-do-Encaixe-de-Camarinas-en-Fitur-1-768x510.jpg 768w, https:\/\/mostra.es\/wp-content\/uploads\/2025\/01\/Presentacion-Mostra-do-Encaixe-de-Camarinas-en-Fitur-1.jpg 1500w\" sizes=\"(max-width: 1024px) 100vw, 1024px\" \/><\/figure>\n\n\n\n<p>The script of the video, created by Diego Alonso Freire from Camari\u00f1as, revolves around a real couple from Camari\u00f1as: she, Silvia Ted\u00edn Gonz\u00e1lez, an administrator and a palillar; he, Sergio Vidal Campa\u00f1a, skipper and owner of a coastal boat. Their routines, full of effort and dedication, serve as a reflection of the lives of many other people in the municipality. The piece culminates with a symbolic image that represents the union between the sea and lace: a pot and a palillar pillow are intertwined in a single object, a true declaration of love for the Camari\u00f1ana culture.&nbsp;<\/p>\n\n\n\n<p>The recording sought to capture the beauty of the scenery offered by the municipality. Each shot was carefully thought out to show significant corners of the town of Camari\u00f1as, from the statue of the palilleira to the Lace Museum, the welcome letters of CAMARI\u00d1AS, the lace shops and the fishing port, combined with real scenes of work at sea.<\/p>\n\n\n\n<p>To bring this idea to life, illustrator Laura Su\u00e1rez was commissioned to create the poster. A resident of Cee and internationally recognized, Laura masterfully captured the spirit of the Mostra. Her work is not just a poster, but a piece of art that unites the traditional and the contemporary, highlighting the perfect fusion between the pillow and the basket, as a symbol of the symbiosis between sea and land.&nbsp;<\/p>\n\n\n\n<figure class=\"wp-block-image size-large\"><img decoding=\"async\" width=\"1024\" height=\"683\" src=\"https:\/\/mostra.es\/wp-content\/uploads\/2025\/01\/Presentacion-Mostra-do-Encaixe-de-Camarinas-en-Fitur-3-1024x683.jpg\" alt=\"Sandra Insua, the mayor of Camair\u00f1as, at the presentation of the XXXIV Camari\u00f1as Lace Exhibition\" class=\"wp-image-4822\" title=\"\" srcset=\"https:\/\/mostra.es\/wp-content\/uploads\/2025\/01\/Presentacion-Mostra-do-Encaixe-de-Camarinas-en-Fitur-3-1024x683.jpg 1024w, https:\/\/mostra.es\/wp-content\/uploads\/2025\/01\/Presentacion-Mostra-do-Encaixe-de-Camarinas-en-Fitur-3-300x200.jpg 300w, https:\/\/mostra.es\/wp-content\/uploads\/2025\/01\/Presentacion-Mostra-do-Encaixe-de-Camarinas-en-Fitur-3-768x512.jpg 768w, https:\/\/mostra.es\/wp-content\/uploads\/2025\/01\/Presentacion-Mostra-do-Encaixe-de-Camarinas-en-Fitur-3.jpg 1500w\" sizes=\"(max-width: 1024px) 100vw, 1024px\" \/><figcaption class=\"wp-element-caption\">Sandra Insua, the mayor of Camair\u00f1as, at the presentation of the XXXIV Camari\u00f1as Lace Exhibition<\/figcaption><\/figure>\n\n\n\n<p>The brilliant musicians from Camari\u00f1a, the brothers Fran and Carlos Barcia Trashorras, created a soundtrack that is much more than just an accompaniment. Their composition combines the waves of the sea with the sound of the bolillos. In addition, Carla Vali\u00f1a, from Camari\u00f1a in Bur\u00eda, lent her voice to the project to narrate the slogan at the end of the spot: &#039;Camari\u00f1as, a sea of piques&#039;.<\/p>\n\n\n\n<p>The mayor pointed out that &quot;The XXXIV Lace Exhibition will continue in line with recent years, focusing on innovation and integration of lace in different Galician crafts in addition to fashion shows with the presence of some of the best designers in the country and also the promises of the world of design with the young designers&#039; competition.&quot;&nbsp;<\/p>\n\n\n\n<h2 class=\"wp-block-heading\"><strong>The soprano Soledad Vidal, soundtrack of the Mostra<\/strong><\/h2>\n\n\n\n<p>During her speech, Sandra Insua announced that \u201cthis year at the Mostra we will have a very special guest, the well-known soprano Soledad Vidal, a resident of Camelle, who, together with pianist Aurelio Viribay, will present her recital &#039;Cantares Atl\u00e1nticos&#039;\u201d.&nbsp;<\/p>\n\n\n\n<p>Through Galician poetry and evocative images, the songs - such as &quot;Mar\u00eda Soli\u00f1a&quot; or &quot;Lela&quot; - weave different stories of overcoming. The audience will accompany the performers on a moving journey in which tribute is paid to all those women who, beyond pain and loss, build their lives with courage; the portrait of a Galicia, of a people that is capable of looking at its shadow, its &quot;Black Shadow&quot;, in order to celebrate life.<\/p>\n\n\n\n<figure class=\"wp-block-image size-full\"><img decoding=\"async\" width=\"1152\" height=\"1500\" src=\"https:\/\/mostra.es\/wp-content\/uploads\/2025\/01\/Cartel-XXXIV-Mostra-do-Encaixe-de-Camarinas.jpg\" alt=\"Poster of the XXXIV Lace Show\" class=\"wp-image-4809\" title=\"\" srcset=\"https:\/\/mostra.es\/wp-content\/uploads\/2025\/01\/Cartel-XXXIV-Mostra-do-Encaixe-de-Camarinas.jpg 1152w, https:\/\/mostra.es\/wp-content\/uploads\/2025\/01\/Cartel-XXXIV-Mostra-do-Encaixe-de-Camarinas-230x300.jpg 230w, https:\/\/mostra.es\/wp-content\/uploads\/2025\/01\/Cartel-XXXIV-Mostra-do-Encaixe-de-Camarinas-786x1024.jpg 786w, https:\/\/mostra.es\/wp-content\/uploads\/2025\/01\/Cartel-XXXIV-Mostra-do-Encaixe-de-Camarinas-768x1000.jpg 768w\" sizes=\"(max-width: 1152px) 100vw, 1152px\" \/><\/figure>","protected":false},"excerpt":{"rendered":"<p>A Feira Internacional de Turismo (FITUR) que se celebra do 22 ao 26 de xaneiro en IFEMA (Madrid) foi outro ano m\u00e1is o lugar escollido polo Concello de Camari\u00f1as para presentar a XXXIV Mostra do Encaixe de Camari\u00f1as Deputaci\u00f3n da Coru\u00f1as e, \u00e1 vez, afianzar o municipio como destino tur\u00edstico de referencia en Galicia. Na [&hellip;]<\/p>\n","protected":false},"author":1,"featured_media":4821,"comment_status":"open","ping_status":"closed","sticky":false,"template":"","format":"standard","meta":{"footnotes":""},"categories":[10],"tags":[15,226,523,517],"class_list":["post-4806","post","type-post","status-publish","format-standard","has-post-thumbnail","hentry","category-prensa","tag-cartel-mostra","tag-spot-da-mostra-do-encaixe","tag-un-mar-de-piques","tag-xxxiv-mostra-do-encaixe"],"_links":{"self":[{"href":"https:\/\/mostra.es\/en\/wp-json\/wp\/v2\/posts\/4806","targetHints":{"allow":["GET"]}}],"collection":[{"href":"https:\/\/mostra.es\/en\/wp-json\/wp\/v2\/posts"}],"about":[{"href":"https:\/\/mostra.es\/en\/wp-json\/wp\/v2\/types\/post"}],"author":[{"embeddable":true,"href":"https:\/\/mostra.es\/en\/wp-json\/wp\/v2\/users\/1"}],"replies":[{"embeddable":true,"href":"https:\/\/mostra.es\/en\/wp-json\/wp\/v2\/comments?post=4806"}],"version-history":[{"count":0,"href":"https:\/\/mostra.es\/en\/wp-json\/wp\/v2\/posts\/4806\/revisions"}],"wp:featuredmedia":[{"embeddable":true,"href":"https:\/\/mostra.es\/en\/wp-json\/wp\/v2\/media\/4821"}],"wp:attachment":[{"href":"https:\/\/mostra.es\/en\/wp-json\/wp\/v2\/media?parent=4806"}],"wp:term":[{"taxonomy":"category","embeddable":true,"href":"https:\/\/mostra.es\/en\/wp-json\/wp\/v2\/categories?post=4806"},{"taxonomy":"post_tag","embeddable":true,"href":"https:\/\/mostra.es\/en\/wp-json\/wp\/v2\/tags?post=4806"}],"curies":[{"name":"wp","href":"https:\/\/api.w.org\/{rel}","templated":true}]}}