{"id":4786,"date":"2024-10-15T10:04:47","date_gmt":"2024-10-15T10:04:47","guid":{"rendered":"https:\/\/mostra.es\/?p=4786"},"modified":"2024-10-15T10:04:49","modified_gmt":"2024-10-15T10:04:49","slug":"palilleira-party-turns-ten","status":"publish","type":"post","link":"https:\/\/mostra.es\/en\/actualidade\/prensa\/festa-palilleira-cumpre-decada\/","title":{"rendered":"The Palilleira Festival turns a decade old and will celebrate its 10th edition on December 6th\u00a0"},"content":{"rendered":"<p>The Palilleira Festival celebrates its tenth anniversary in 2024, with the date chosen for this special celebration being <strong>December 6<\/strong> in the municipal pavilion V\u00edctor Vigo de Camari\u00f1as.&nbsp;<\/p>\n\n\n\n<p>Organized by the Camari\u00f1as City Council, the Puntillas Association, the Rendas Association and the Camari\u00f1as Lace Show of the A Coru\u00f1a Provincial Council, there will be raffles, a Christmas market and free hot chocolate in the afternoon. There will also be inflatables for the little ones and local businesses will have their own sales area.<\/p>\n\n\n\n<p>This event usually attracts talent from the palillo not only from Galicia, but also from the rest of Spain. In the last edition, more than 450 palillo players from Galicia and different places such as Soria or Asturias enjoyed an event in which the protagonists are the sound of the palillos, the reunions and the encouragement to continue a tradition of \u201cten\u201d on the Galician cultural agenda.<br>People interested in attending can contact the organization at the email address <a href=\"mailto:dolores.lema@camarinas.net\">dolores.lema@camarinas.net<\/a>, on the phone 981 737 004 or via WhatsApp message at 653 265 529.<\/p>","protected":false},"excerpt":{"rendered":"<p>It will be held at the V\u00edctor Vigo municipal pavilion and there will be a Christmas market, free chocolate in the afternoon and raffles. It will be organized by the Camari\u00f1as City Council, the Puntillas Association, the Rendas Association and the Camari\u00f1as Lace Show, Provincial Council of A Coru\u00f1a.<\/p>","protected":false},"author":1,"featured_media":4787,"comment_status":"open","ping_status":"closed","sticky":false,"template":"","format":"standard","meta":{"footnotes":""},"categories":[10],"tags":[344],"class_list":["post-4786","post","type-post","status-publish","format-standard","has-post-thumbnail","hentry","category-prensa","tag-festa-da-palilleira"],"_links":{"self":[{"href":"https:\/\/mostra.es\/en\/wp-json\/wp\/v2\/posts\/4786","targetHints":{"allow":["GET"]}}],"collection":[{"href":"https:\/\/mostra.es\/en\/wp-json\/wp\/v2\/posts"}],"about":[{"href":"https:\/\/mostra.es\/en\/wp-json\/wp\/v2\/types\/post"}],"author":[{"embeddable":true,"href":"https:\/\/mostra.es\/en\/wp-json\/wp\/v2\/users\/1"}],"replies":[{"embeddable":true,"href":"https:\/\/mostra.es\/en\/wp-json\/wp\/v2\/comments?post=4786"}],"version-history":[{"count":0,"href":"https:\/\/mostra.es\/en\/wp-json\/wp\/v2\/posts\/4786\/revisions"}],"wp:featuredmedia":[{"embeddable":true,"href":"https:\/\/mostra.es\/en\/wp-json\/wp\/v2\/media\/4787"}],"wp:attachment":[{"href":"https:\/\/mostra.es\/en\/wp-json\/wp\/v2\/media?parent=4786"}],"wp:term":[{"taxonomy":"category","embeddable":true,"href":"https:\/\/mostra.es\/en\/wp-json\/wp\/v2\/categories?post=4786"},{"taxonomy":"post_tag","embeddable":true,"href":"https:\/\/mostra.es\/en\/wp-json\/wp\/v2\/tags?post=4786"}],"curies":[{"name":"wp","href":"https:\/\/api.w.org\/{rel}","templated":true}]}}