{"id":4747,"date":"2024-08-29T12:54:44","date_gmt":"2024-08-29T12:54:44","guid":{"rendered":"https:\/\/mostra.es\/?p=4747"},"modified":"2024-08-30T11:18:15","modified_gmt":"2024-08-30T11:18:15","slug":"devotalomba-applies-dressing-room-lace-in-its-new-fine-arts-collection","status":"publish","type":"post","link":"https:\/\/mostra.es\/en\/actualidade\/prensa\/devotalomba-aplica-o-encaixe-de-camarinas-na-sua-nova-coleccion-bellas-artes\/","title":{"rendered":"Devota&amp;Lomba applies Camari\u00f1as lace in its new &#039;Bellas Artes&#039; collection"},"content":{"rendered":"<p>The renowned national firm Devota&amp;Lomba, a regular at the Great Designers&#039; fashion shows at the Camari\u00f1as Lace Exhibition of the Provincial Council of A Coru\u00f1a, has decided to apply Camari\u00f1an lace in its new collection, &#039;Bellas Artes&#039;, which it will present on Monday, September 9 at the Royal Academy of Fine Arts of San Fernando, as part of the &#039;Madrid is Fashion&#039; initiative.<\/p>\n\n\n\n<p>For the creation of the pieces, inspired by &#039;La Primavera&#039;, the metaphorical and mannerist portrait by Giuseppe Arcimboldo, Devota&amp;Lomba commissioned a unique lace, designed especially for this motif, made in different colors and with a common denominator: the floral essence. The application on the dresses seeks to give them volume and provide a 3D sensation.<\/p>\n\n\n\n<p>Thus, the firm, led by Modesto Lomba, with Galician roots, specifically in O Grove, is once again committed to Camari\u00f1as lace as a distinctive and avant-garde element in its collections.<\/p>\n\n\n\n<figure class=\"wp-block-gallery has-nested-images columns-default is-cropped wp-block-gallery-1 is-layout-flex wp-block-gallery-is-layout-flex\">\n<figure class=\"wp-block-image size-large\"><img fetchpriority=\"high\" decoding=\"async\" width=\"1024\" height=\"727\" data-id=\"4748\" src=\"https:\/\/mostra.es\/wp-content\/uploads\/2024\/08\/Cartel-Madrid-DEvota-Lomba-1024x727.jpg\" alt=\"\" class=\"wp-image-4748\" title=\"\" srcset=\"https:\/\/mostra.es\/wp-content\/uploads\/2024\/08\/Cartel-Madrid-DEvota-Lomba-1024x727.jpg 1024w, https:\/\/mostra.es\/wp-content\/uploads\/2024\/08\/Cartel-Madrid-DEvota-Lomba-300x213.jpg 300w, https:\/\/mostra.es\/wp-content\/uploads\/2024\/08\/Cartel-Madrid-DEvota-Lomba-768x545.jpg 768w, https:\/\/mostra.es\/wp-content\/uploads\/2024\/08\/Cartel-Madrid-DEvota-Lomba-1536x1091.jpg 1536w, https:\/\/mostra.es\/wp-content\/uploads\/2024\/08\/Cartel-Madrid-DEvota-Lomba.jpg 1600w\" sizes=\"(max-width: 1024px) 100vw, 1024px\" \/><\/figure>\n\n\n\n<figure class=\"wp-block-image size-large\"><img decoding=\"async\" width=\"1024\" height=\"768\" data-id=\"4749\" src=\"https:\/\/mostra.es\/wp-content\/uploads\/2024\/08\/Encaixe-Devota-Lomba-1-1024x768.jpg\" alt=\"\" class=\"wp-image-4749\" title=\"\" srcset=\"https:\/\/mostra.es\/wp-content\/uploads\/2024\/08\/Encaixe-Devota-Lomba-1-1024x768.jpg 1024w, https:\/\/mostra.es\/wp-content\/uploads\/2024\/08\/Encaixe-Devota-Lomba-1-300x225.jpg 300w, https:\/\/mostra.es\/wp-content\/uploads\/2024\/08\/Encaixe-Devota-Lomba-1-768x576.jpg 768w, https:\/\/mostra.es\/wp-content\/uploads\/2024\/08\/Encaixe-Devota-Lomba-1-1536x1152.jpg 1536w, https:\/\/mostra.es\/wp-content\/uploads\/2024\/08\/Encaixe-Devota-Lomba-1.jpg 1600w\" sizes=\"(max-width: 1024px) 100vw, 1024px\" \/><\/figure>\n\n\n\n<figure class=\"wp-block-image size-large\"><img decoding=\"async\" width=\"1024\" height=\"768\" data-id=\"4750\" src=\"https:\/\/mostra.es\/wp-content\/uploads\/2024\/08\/Encaixe-Devota-Lomba-2-1024x768.jpg\" alt=\"\" class=\"wp-image-4750\" title=\"\" srcset=\"https:\/\/mostra.es\/wp-content\/uploads\/2024\/08\/Encaixe-Devota-Lomba-2-1024x768.jpg 1024w, https:\/\/mostra.es\/wp-content\/uploads\/2024\/08\/Encaixe-Devota-Lomba-2-300x225.jpg 300w, https:\/\/mostra.es\/wp-content\/uploads\/2024\/08\/Encaixe-Devota-Lomba-2-768x576.jpg 768w, https:\/\/mostra.es\/wp-content\/uploads\/2024\/08\/Encaixe-Devota-Lomba-2-1536x1152.jpg 1536w, https:\/\/mostra.es\/wp-content\/uploads\/2024\/08\/Encaixe-Devota-Lomba-2.jpg 1600w\" sizes=\"(max-width: 1024px) 100vw, 1024px\" \/><\/figure>\n<\/figure>","protected":false},"excerpt":{"rendered":"<p>The pieces, inspired by the painting &#039;La Primavera&#039; by Giuseppe Arcimboldo, will be presented on Monday, September 9 at the Royal Academy of Fine Arts of San Fernando. The renowned national firm is once again betting on lace as a distinctive and avant-garde element in its collections.<\/p>","protected":false},"author":1,"featured_media":3790,"comment_status":"open","ping_status":"closed","sticky":false,"template":"","format":"standard","meta":{"footnotes":""},"categories":[10],"tags":[511,509,270],"class_list":["post-4747","post","type-post","status-publish","format-standard","has-post-thumbnail","hentry","category-prensa","tag-bellas-artes","tag-devota-lomba","tag-modesto-lomba"],"_links":{"self":[{"href":"https:\/\/mostra.es\/en\/wp-json\/wp\/v2\/posts\/4747","targetHints":{"allow":["GET"]}}],"collection":[{"href":"https:\/\/mostra.es\/en\/wp-json\/wp\/v2\/posts"}],"about":[{"href":"https:\/\/mostra.es\/en\/wp-json\/wp\/v2\/types\/post"}],"author":[{"embeddable":true,"href":"https:\/\/mostra.es\/en\/wp-json\/wp\/v2\/users\/1"}],"replies":[{"embeddable":true,"href":"https:\/\/mostra.es\/en\/wp-json\/wp\/v2\/comments?post=4747"}],"version-history":[{"count":0,"href":"https:\/\/mostra.es\/en\/wp-json\/wp\/v2\/posts\/4747\/revisions"}],"wp:featuredmedia":[{"embeddable":true,"href":"https:\/\/mostra.es\/en\/wp-json\/wp\/v2\/media\/3790"}],"wp:attachment":[{"href":"https:\/\/mostra.es\/en\/wp-json\/wp\/v2\/media?parent=4747"}],"wp:term":[{"taxonomy":"category","embeddable":true,"href":"https:\/\/mostra.es\/en\/wp-json\/wp\/v2\/categories?post=4747"},{"taxonomy":"post_tag","embeddable":true,"href":"https:\/\/mostra.es\/en\/wp-json\/wp\/v2\/tags?post=4747"}],"curies":[{"name":"wp","href":"https:\/\/api.w.org\/{rel}","templated":true}]}}